{"id":235038,"date":"2025-07-08T11:54:13","date_gmt":"2025-07-08T11:54:13","guid":{"rendered":"https:\/\/www.europesays.com\/fr\/235038\/"},"modified":"2025-07-08T11:54:13","modified_gmt":"2025-07-08T11:54:13","slug":"marseille-jazz-des-cinq-continents","status":"publish","type":"post","link":"https:\/\/www.europesays.com\/fr\/235038\/","title":{"rendered":"Marseille Jazz des cinq continents"},"content":{"rendered":"<p>Habitu\u00e9 du <a href=\"https:\/\/www.laprovence.com\/article\/culture-loisirs\/11105662303258\/marseille-jazz-des-cinq-continents-programme-concerts-nouveaux-lieux-une-photographie-mondiale-du-jazz-actuel\" target=\"_blank\" rel=\"noopener\">festival marseillais<\/a>, \u00c9mile Parisien fait partie de cette g\u00e9n\u00e9ration de musiciens qui fait vibrer le jazz dans son \u00e9poque. Programm\u00e9 l\u2019an dernier avec Les Egar\u00e9s, projet r\u00e9unissant Vincent Peirani, Vincent S\u00e9gal et Ballak\u00e9 Sissoko, par ailleurs r\u00e9compens\u00e9 d\u2019une Victoire du jazz du concert de l\u2019ann\u00e9e, il revient, ce mardi 8 juillet \u00e0 <a href=\"https:\/\/www.laprovence.com\/article\/culture-loisirs\/3103517059965914\/soirees-on-air-seance-cinema-food-et-expos-la-programmation-dun-ete-culturel-a-la-friche-la-belle-de-mai-a-marseille\" target=\"_blank\" rel=\"noopener\">La Friche<\/a>, avec son quartet et accompagn\u00e9 de <a href=\"https:\/\/laprovence.com\/article\/region\/1751308258362915\/festival-les-suds-a-arles-jeff-mills-nous-pouvons-devier-jouer-ce-que-nous-ressentons\" target=\"_blank\" rel=\"noopener\">Jeff Mills, l\u00e9gende de la musique \u00e9lectronique<\/a>.<\/p>\n<p><strong>D\u2019o\u00f9 vient cette rencontre avec Jeff Mills\u00a0?<\/strong>&#13;\n<\/p>\n<p>Ce projet est n\u00e9 du collectif Sourdoreille qui avait un concept de mettre en relation un DJ avec un musicien acoustique. Cela a donn\u00e9 un concert au Cabaret sauvage \u00e0 Paris. C\u2019\u00e9tait cens\u00e9 \u00eatre quelque chose d\u2019\u00e9ph\u00e9m\u00e8re, un one shot. Mais en fait, \u00e7a a \u00e9t\u00e9 une tr\u00e8s belle rencontre, au point qu\u2019on a d\u00e9cid\u00e9 de continuer un peu. On a encha\u00een\u00e9 sur une dizaine de dates. On avait un th\u00e8me qui \u00e9tait la musique de Coltrane. Avec la proposition \u00e9lectronique, cela apportait une autre dimension. Je pense qu\u2019on a beaucoup appris l\u2019un de l\u2019autre.<\/p>\n<p><strong>Si la musique \u00e9lectronique s\u2019inspire du jazz, en quoi le jazz pourrait-il s\u2019inspirer de la musique \u00e9lectronique\u00a0?<\/strong>&#13;\n<\/p>\n<p>Tr\u00e8s bonne question. En fait, ce qui se rejoint dans le jazz et la musique \u00e9lectronique, c\u2019est l\u2019aspect rythmique, le c\u00f4t\u00e9 dansant. Jeff a le sens de la mati\u00e8re sonore. Il a une fa\u00e7on de faire sonner un rythme. Alors, avec le quartet, on tente de s\u2019inspirer de \u00e7a pour essayer de proposer des formules rythmiques avec nos instruments.<\/p>\n<p><strong>Avant votre collaboration avec Jeff Mills, quel rapport aviez-vous avec la musique \u00e9lectronique\u00a0?<\/strong>&#13;\n<\/p>\n<p>C\u2019est en \u00e7a que \u00e7a a \u00e9t\u00e9 pour moi une rencontre tr\u00e8s enrichissante. Je le connaissais \u00e9videmment de nom, parce que c\u2019est une figure incontournable de la musique \u00e9lectronique. Je connaissais des tubes comme The Bells. Mais c\u2019\u00e9tait \u00e0 peu pr\u00e8s tout. J\u2019avais du coup une curiosit\u00e9. Et cette rencontre m\u2019a invit\u00e9 \u00e0 approfondir mes connaissances. J\u2019ai d\u00e9couvert pas mal de choses et j\u2019ai \u00e9cout\u00e9 beaucoup de musique \u00e9lectronique.<\/p>\n<p><strong>Apr\u00e8s ce duo, vous prolongez ce dialogue avec votre quartet. Cela ajoute certainement en mati\u00e8re sonore. Sur quoi avez-vous travaill\u00e9 cette fois-ci\u00a0?<\/strong>&#13;\n<\/p>\n<p>On a fait une r\u00e9sidence avec le quartet en anticipant cette rencontre et en imaginant quelle place Jeff pourrait avoir. On a principalement r\u00e9adapt\u00e9 nos compositions en travaillant justement sur cette notion rythmique. Puis on s\u2019est retrouv\u00e9 avec Jeff pour proposer une forme de concert en utilisant la mati\u00e8re du quartet mais en laissant une part belle \u00e0 l\u2019improvisation. Il y a des solos, des r\u00e9sonances, des allers-retours, mais la majorit\u00e9 du concert se fait tous ensemble.<\/p>\n<p><strong>Jeff Mills a d\u00e9j\u00e0 travaill\u00e9 avec d\u2019autres musiciens, notamment des orchestres symphoniques. De votre c\u00f4t\u00e9, qu\u2019est-ce qui vous pousse \u00e0 ce genre de collaboration un peu hors des sentiers battus\u00a0?<\/strong>&#13;\n<\/p>\n<p>C\u2019est la projection vers l\u2019avenir, la cr\u00e9ation, vers l\u2019inconnu, le partage des genres musicaux. Je pense que le jazz, d\u2019ann\u00e9e en ann\u00e9e, devient quelque chose de vraiment multiforme, multicolore, \u00ab\u00a0multi-influences\u00a0\u00bb. On s\u2019inspire des musiques du monde, traditionnelles, classiques, contemporaines. On est toujours curieux et tourn\u00e9 vers l\u2019exploration. Mais tout en gardant notre essence.<\/p>\n<p><strong>Vous faites partie de cette g\u00e9n\u00e9ration qui renouvelle le jazz. Qu\u2019en pensez-vous\u00a0?<\/strong>&#13;\n<\/p>\n<p>On fait partie d\u2019une g\u00e9n\u00e9ration qui veut vivre avec son temps, sans renier quoi que ce soit, parce qu\u2019\u00e9videmment, on est tr\u00e8s attach\u00e9s \u00e0 la culture et \u00e0 l\u2019histoire de cette musique. Mais le jazz est toujours en perp\u00e9tuelle \u00e9volution.<\/p>\n<p>Le mardi 8 juillet \u00e0 20h \u00e0 La Friche Belle-de-Mai (3e) \u00e0 Marseille. Tarifs 30\/20\/15\u20ac. marseillejazz.com<\/p>\n","protected":false},"excerpt":{"rendered":"Habitu\u00e9 du festival marseillais, \u00c9mile Parisien fait partie de cette g\u00e9n\u00e9ration de musiciens qui fait vibrer le jazz&hellip;\n","protected":false},"author":2,"featured_media":235039,"comment_status":"","ping_status":"","sticky":false,"template":"","format":"standard","meta":{"footnotes":""},"categories":[2814],"tags":[17,1111,11,3216,32635,251,154,33146,1777,674,1011,27,6910,884,12,36461,882,25],"class_list":{"0":"post-235038","1":"post","2":"type-post","3":"status-publish","4":"format-standard","5":"has-post-thumbnail","7":"category-marseille","8":"tag-17","9":"tag-actu","10":"tag-actualites","11":"tag-cinq","12":"tag-continents","13":"tag-culture","14":"tag-des","15":"tag-emile","16":"tag-eu","17":"tag-europe","18":"tag-fr","19":"tag-france","20":"tag-jazz","21":"tag-marseille","22":"tag-news","23":"tag-parisien","24":"tag-provence-alpes-cote-dazur","25":"tag-republique-francaise"},"share_on_mastodon":{"url":"https:\/\/pubeurope.com\/@fr\/114817483658598261","error":""},"_links":{"self":[{"href":"https:\/\/www.europesays.com\/fr\/wp-json\/wp\/v2\/posts\/235038","targetHints":{"allow":["GET"]}}],"collection":[{"href":"https:\/\/www.europesays.com\/fr\/wp-json\/wp\/v2\/posts"}],"about":[{"href":"https:\/\/www.europesays.com\/fr\/wp-json\/wp\/v2\/types\/post"}],"author":[{"embeddable":true,"href":"https:\/\/www.europesays.com\/fr\/wp-json\/wp\/v2\/users\/2"}],"replies":[{"embeddable":true,"href":"https:\/\/www.europesays.com\/fr\/wp-json\/wp\/v2\/comments?post=235038"}],"version-history":[{"count":0,"href":"https:\/\/www.europesays.com\/fr\/wp-json\/wp\/v2\/posts\/235038\/revisions"}],"wp:featuredmedia":[{"embeddable":true,"href":"https:\/\/www.europesays.com\/fr\/wp-json\/wp\/v2\/media\/235039"}],"wp:attachment":[{"href":"https:\/\/www.europesays.com\/fr\/wp-json\/wp\/v2\/media?parent=235038"}],"wp:term":[{"taxonomy":"category","embeddable":true,"href":"https:\/\/www.europesays.com\/fr\/wp-json\/wp\/v2\/categories?post=235038"},{"taxonomy":"post_tag","embeddable":true,"href":"https:\/\/www.europesays.com\/fr\/wp-json\/wp\/v2\/tags?post=235038"}],"curies":[{"name":"wp","href":"https:\/\/api.w.org\/{rel}","templated":true}]}}