{"id":235042,"date":"2025-07-08T11:56:18","date_gmt":"2025-07-08T11:56:18","guid":{"rendered":"https:\/\/www.europesays.com\/fr\/235042\/"},"modified":"2025-07-08T11:56:18","modified_gmt":"2025-07-08T11:56:18","slug":"easyjet-parie-sur-quatre-nouvelles-lignes-a-lautomne-depuis-lyon","status":"publish","type":"post","link":"https:\/\/www.europesays.com\/fr\/235042\/","title":{"rendered":"easyJet parie sur quatre nouvelles lignes \u00e0 l\u2019automne depuis Lyon"},"content":{"rendered":"<p>Annonc\u00e9 pour la mi-2025, le 7e avion positionn\u00e9 par easyJet sur sa base lyonnaise est op\u00e9rationnel. Il va permettre \u00e0 la compagnie a\u00e9rienne britannique de monter encore un peu plus en puissance au d\u00e9part de Saint-Exup\u00e9ry, o\u00f9 elle p\u00e8se d\u00e9j\u00e0 lourd, avec 28 % de parts de march\u00e9 sur l\u2019a\u00e9roport en 2024 et 2,9 millions de passagers transport\u00e9s depuis et vers Lyon (2,5 millions en 2023).<\/p>\n<p>  Un rythme de deux vols par semaine<\/p>\n<p>Avec comme nouveaut\u00e9s Sharm El-Sheikh (Egypte), Gran Canaria (Canaries), Pristina (Kosovo) et Tanger (Maroc) \u00e0 la toute fin octobre, <a href=\"https:\/\/www.leprogres.fr\/economie\/2025\/03\/30\/easyjet-la-force-de-lyon-c-est-qu-elle-attire-tous-les-types-de-clientele\" target=\"_blank\" rel=\"nofollow noopener\">easyJet<\/a> d\u00e9clinera 52 lignes localement. Sharm El-Sheikh et Tanger seront op\u00e9r\u00e9es les mardis et samedis, Gran Canaria les mercredis et samedis, tandis que les vols pour Pristina seront fonctionnels les mardis et vendredis.<\/p>\n<p>La compagnie low cost emploie 300 personnes \u00e0 Lyon, o\u00f9 elle a inaugur\u00e9 sa base en 2008 ; une base qui n\u2019a pas cess\u00e9 de grandir depuis.<\/p>\n","protected":false},"excerpt":{"rendered":"Annonc\u00e9 pour la mi-2025, le 7e avion positionn\u00e9 par easyJet sur sa base lyonnaise est op\u00e9rationnel. Il va&hellip;\n","protected":false},"author":2,"featured_media":235043,"comment_status":"","ping_status":"","sticky":false,"template":"","format":"standard","meta":{"footnotes":""},"categories":[1889],"tags":[1111,11,2430,4406,33,2757,1777,674,1011,27,2428,2756,12,25,2429,602,2803],"class_list":{"0":"post-235042","1":"post","2":"type-post","3":"status-publish","4":"format-standard","5":"has-post-thumbnail","7":"category-lyon","8":"tag-actu","9":"tag-actualites","10":"tag-auvergne-rhone-alpes","11":"tag-commerce-et-services","12":"tag-economie","13":"tag-edition-lyon-villeurbanne","14":"tag-eu","15":"tag-europe","16":"tag-fr","17":"tag-france","18":"tag-lyon","19":"tag-lyon-bassin","20":"tag-news","21":"tag-republique-francaise","22":"tag-rhone","23":"tag-tourisme","24":"tag-transport"},"share_on_mastodon":{"url":"https:\/\/pubeurope.com\/@fr\/114817491574382420","error":""},"_links":{"self":[{"href":"https:\/\/www.europesays.com\/fr\/wp-json\/wp\/v2\/posts\/235042","targetHints":{"allow":["GET"]}}],"collection":[{"href":"https:\/\/www.europesays.com\/fr\/wp-json\/wp\/v2\/posts"}],"about":[{"href":"https:\/\/www.europesays.com\/fr\/wp-json\/wp\/v2\/types\/post"}],"author":[{"embeddable":true,"href":"https:\/\/www.europesays.com\/fr\/wp-json\/wp\/v2\/users\/2"}],"replies":[{"embeddable":true,"href":"https:\/\/www.europesays.com\/fr\/wp-json\/wp\/v2\/comments?post=235042"}],"version-history":[{"count":0,"href":"https:\/\/www.europesays.com\/fr\/wp-json\/wp\/v2\/posts\/235042\/revisions"}],"wp:featuredmedia":[{"embeddable":true,"href":"https:\/\/www.europesays.com\/fr\/wp-json\/wp\/v2\/media\/235043"}],"wp:attachment":[{"href":"https:\/\/www.europesays.com\/fr\/wp-json\/wp\/v2\/media?parent=235042"}],"wp:term":[{"taxonomy":"category","embeddable":true,"href":"https:\/\/www.europesays.com\/fr\/wp-json\/wp\/v2\/categories?post=235042"},{"taxonomy":"post_tag","embeddable":true,"href":"https:\/\/www.europesays.com\/fr\/wp-json\/wp\/v2\/tags?post=235042"}],"curies":[{"name":"wp","href":"https:\/\/api.w.org\/{rel}","templated":true}]}}