{"id":235046,"date":"2025-07-08T11:59:10","date_gmt":"2025-07-08T11:59:10","guid":{"rendered":"https:\/\/www.europesays.com\/fr\/235046\/"},"modified":"2025-07-08T11:59:10","modified_gmt":"2025-07-08T11:59:10","slug":"14-juillet-3-aout-chantiers-et-partage-en-ile-de-france","status":"publish","type":"post","link":"https:\/\/www.europesays.com\/fr\/235046\/","title":{"rendered":"14\u00a0juillet-3\u00a0ao\u00fbt\u00a0: Chantiers et\u00a0partage en \u00cele-de-France"},"content":{"rendered":"<p>Depuis 2022, le mouvement <a href=\"https:\/\/www.reprisesdesavoirs.org\/\" target=\"_blank\" rel=\"noreferrer noopener nofollow\">Reprises de savoirs<\/a> organise des \u00ab\u00a0chantiers-pluriversit\u00e9s\u00a0\u00bb, m\u00ealant travaux manuels collectifs et partages de savoirs th\u00e9oriques. Un rendez-vous est donn\u00e9 du 14 au 18\u00a0juillet \u00e0 Villetaneuse (Seine-Saint-Denis) pour construire un four \u00e0 bois en terre crue dans des jardins collectifs, tout en r\u00e9fl\u00e9chissant \u00e0 la subsistance collective. Puis, du 29\u00a0juillet au 3\u00a0ao\u00fbt, un chantier vise \u00e0 faire \u00e9merger un lieu collectif \u00e0 Neuvry (Seine-et-Marne), au c\u0153ur de la r\u00e9serve naturelle de la Bass\u00e9e, menac\u00e9e par un projet d\u2019am\u00e9nagement de la \u00ab\u00a0rectification du cours de la Seine\u00a0\u00bb. <strong>Plus d\u2019informations <a href=\"http:\/\/urlr.me\/vaJQhE\" rel=\"nofollow noopener\" target=\"_blank\">ici<\/a><\/strong>.<\/p>\n<p>        <a href=\"https:\/\/www.politis.fr\/boutique\/\" target=\"_blank\" class=\"gt_abonnement\" rel=\"nofollow noopener\"><\/p>\n<p>            Recevez Politis chez vous chaque semaine !<\/p>\n<p>    <\/a><\/p>\n","protected":false},"excerpt":{"rendered":"Depuis 2022, le mouvement Reprises de savoirs organise des \u00ab\u00a0chantiers-pluriversit\u00e9s\u00a0\u00bb, m\u00ealant travaux manuels collectifs et partages de savoirs&hellip;\n","protected":false},"author":2,"featured_media":235047,"comment_status":"","ping_status":"","sticky":false,"template":"","format":"standard","meta":{"footnotes":""},"categories":[1592],"tags":[1111,11,1777,674,1011,27,662,12,626,28843,25],"class_list":{"0":"post-235046","1":"post","2":"type-post","3":"status-publish","4":"format-standard","5":"has-post-thumbnail","7":"category-ile-de-france","8":"tag-actu","9":"tag-actualites","10":"tag-eu","11":"tag-europe","12":"tag-fr","13":"tag-france","14":"tag-ile-de-france","15":"tag-news","16":"tag-paris","17":"tag-quartiers-populaires","18":"tag-republique-francaise"},"share_on_mastodon":{"url":"https:\/\/pubeurope.com\/@fr\/114817503370570016","error":""},"_links":{"self":[{"href":"https:\/\/www.europesays.com\/fr\/wp-json\/wp\/v2\/posts\/235046","targetHints":{"allow":["GET"]}}],"collection":[{"href":"https:\/\/www.europesays.com\/fr\/wp-json\/wp\/v2\/posts"}],"about":[{"href":"https:\/\/www.europesays.com\/fr\/wp-json\/wp\/v2\/types\/post"}],"author":[{"embeddable":true,"href":"https:\/\/www.europesays.com\/fr\/wp-json\/wp\/v2\/users\/2"}],"replies":[{"embeddable":true,"href":"https:\/\/www.europesays.com\/fr\/wp-json\/wp\/v2\/comments?post=235046"}],"version-history":[{"count":0,"href":"https:\/\/www.europesays.com\/fr\/wp-json\/wp\/v2\/posts\/235046\/revisions"}],"wp:featuredmedia":[{"embeddable":true,"href":"https:\/\/www.europesays.com\/fr\/wp-json\/wp\/v2\/media\/235047"}],"wp:attachment":[{"href":"https:\/\/www.europesays.com\/fr\/wp-json\/wp\/v2\/media?parent=235046"}],"wp:term":[{"taxonomy":"category","embeddable":true,"href":"https:\/\/www.europesays.com\/fr\/wp-json\/wp\/v2\/categories?post=235046"},{"taxonomy":"post_tag","embeddable":true,"href":"https:\/\/www.europesays.com\/fr\/wp-json\/wp\/v2\/tags?post=235046"}],"curies":[{"name":"wp","href":"https:\/\/api.w.org\/{rel}","templated":true}]}}