{"id":23505,"date":"2025-04-14T02:30:12","date_gmt":"2025-04-14T02:30:12","guid":{"rendered":"https:\/\/www.europesays.com\/fr\/23505\/"},"modified":"2025-04-14T02:30:12","modified_gmt":"2025-04-14T02:30:12","slug":"le-talonneur-international-ecossais-dave-cherry-signe-a-vannes","status":"publish","type":"post","link":"https:\/\/www.europesays.com\/fr\/23505\/","title":{"rendered":"le talonneur international \u00e9cossais Dave Cherry signe \u00e0 Vannes"},"content":{"rendered":"<p>V\u00e9ritable taulier au talon de l\u2019\u00e9quipe d\u2019\u00c9dimbourg, l\u2019\u00c9cossais Dave Cherry a sign\u00e9 ce jeudi pour un contrat de deux ans \u00e0 Vannes, actuel dernier de Top 14.<\/p>\n<p class=\"fig-paragraph\">Le talonneur international \u00e9cossais Dave Cherry (16 s\u00e9lections) s&rsquo;est engag\u00e9 pour deux ans avec le RC Vannes, a annonc\u00e9 le club breton de rugby, jeudi, dans un communiqu\u00e9.<\/p>\n<p class=\"fig-paragraph\">\u00c2g\u00e9 de 34 ans, Cherry avait port\u00e9 le maillot de Nice, en F\u00e9d\u00e9rale 2, lors de la saison 2017\/2018 avant de devenir un cadre du club d&rsquo;\u00c9dimbourg, sa ville natale puis international \u00e0 partir de 2021.<\/p>\n<p class=\"fig-paragraph\">\u00abC&rsquo;est un v\u00e9ritable honneur de signer avec le Rugby Club Vannes. Jouer en France, un pays \u00e0 la tradition rugbystique si riche est un r\u00eave depuis longtemps\u00bb, a comment\u00e9 le joueur, cit\u00e9 dans le communiqu\u00e9.<\/p>\n<p class=\"fig-paragraph\">Actuellement dernier du Top 14 avec 30 points, deux longueurs derri\u00e8re Perpignan, barragiste virtuel, et six derri\u00e8re le Stade Fran\u00e7ais, premi\u00e8re \u00e9quipe non rel\u00e9gable, Vannes a encore six journ\u00e9es pour sauver sa place dans l&rsquo;\u00e9lite.<\/p>\n","protected":false},"excerpt":{"rendered":"V\u00e9ritable taulier au talon de l\u2019\u00e9quipe d\u2019\u00c9dimbourg, l\u2019\u00c9cossais Dave Cherry a sign\u00e9 ce jeudi pour un contrat de&hellip;\n","protected":false},"author":2,"featured_media":23506,"comment_status":"","ping_status":"","sticky":false,"template":"","format":"standard","meta":{"footnotes":""},"categories":[1416],"tags":[525,4590,1981,2313,814,1011,27,955,4589,2311,3164,1980,479,1468,2259,60,478,2310,2312],"class_list":{"0":"post-23505","1":"post","2":"type-post","3":"status-publish","4":"format-standard","5":"has-post-thumbnail","7":"category-rugby","8":"tag-calendrier","9":"tag-championnat-france","10":"tag-classement","11":"tag-clermont","12":"tag-direct","13":"tag-fr","14":"tag-france","15":"tag-match","16":"tag-phase-finale","17":"tag-racing","18":"tag-rc-vannes","19":"tag-resultats","20":"tag-rugby","21":"tag-rugby-football","22":"tag-score","23":"tag-sports","24":"tag-top-14","25":"tag-toulon","26":"tag-toulouse"},"share_on_mastodon":{"url":"https:\/\/pubeurope.com\/@fr\/114333969507831994","error":""},"_links":{"self":[{"href":"https:\/\/www.europesays.com\/fr\/wp-json\/wp\/v2\/posts\/23505","targetHints":{"allow":["GET"]}}],"collection":[{"href":"https:\/\/www.europesays.com\/fr\/wp-json\/wp\/v2\/posts"}],"about":[{"href":"https:\/\/www.europesays.com\/fr\/wp-json\/wp\/v2\/types\/post"}],"author":[{"embeddable":true,"href":"https:\/\/www.europesays.com\/fr\/wp-json\/wp\/v2\/users\/2"}],"replies":[{"embeddable":true,"href":"https:\/\/www.europesays.com\/fr\/wp-json\/wp\/v2\/comments?post=23505"}],"version-history":[{"count":0,"href":"https:\/\/www.europesays.com\/fr\/wp-json\/wp\/v2\/posts\/23505\/revisions"}],"wp:featuredmedia":[{"embeddable":true,"href":"https:\/\/www.europesays.com\/fr\/wp-json\/wp\/v2\/media\/23506"}],"wp:attachment":[{"href":"https:\/\/www.europesays.com\/fr\/wp-json\/wp\/v2\/media?parent=23505"}],"wp:term":[{"taxonomy":"category","embeddable":true,"href":"https:\/\/www.europesays.com\/fr\/wp-json\/wp\/v2\/categories?post=23505"},{"taxonomy":"post_tag","embeddable":true,"href":"https:\/\/www.europesays.com\/fr\/wp-json\/wp\/v2\/tags?post=23505"}],"curies":[{"name":"wp","href":"https:\/\/api.w.org\/{rel}","templated":true}]}}