{"id":235050,"date":"2025-07-08T12:01:18","date_gmt":"2025-07-08T12:01:18","guid":{"rendered":"https:\/\/www.europesays.com\/fr\/235050\/"},"modified":"2025-07-08T12:01:18","modified_gmt":"2025-07-08T12:01:18","slug":"et-si-fabien-galthie-changeait-presque-tout-pour-le-2e-match-contre-les-all-blacks","status":"publish","type":"post","link":"https:\/\/www.europesays.com\/fr\/235050\/","title":{"rendered":"et si Fabien Galthi\u00e9 changeait (presque) tout pour le 2e match contre les All Blacks ?"},"content":{"rendered":"<p>Pass\u00e9 tout pr\u00e8s d\u2019un exploit samedi dernier pour le premier des trois test-matches contre les Blacks, le XV de France aura un autre visage samedi. Fabien Galthi\u00e9 a envie de voir du monde.<\/p>\n<p class=\"fig-paragraph\">Turnover cons\u00e9quent\u00a0? Le s\u00e9lectionneur du XV de France\u00a0<a href=\"http:\/\/www.lefigaro.fr\/sports\/rugby\/6-nations\/gagner-le-tournoi-est-un-grand-bonheur-et-un-soulagement-fabien-galthie-fixe-le-cap-pour-la-coupe-du-monde-en-australie-20250318\" data-fig-type=\"Article\" data-gtm-custom-categorie=\"navigation\" data-gtm-custom-action=\"crossclick\" data-gtm-custom-label=\"Contextuel\" data-gtm-event=\"customEventSPE\" data-fig-domain=\"LEFIGARO\" target=\"_blank\" rel=\"noopener\">Fabien Galthi\u00e9<\/a>\u00a0pourrait proc\u00e9der \u00e0 de nombreux changements dans la composition d&rsquo;\u00e9quipe pour le\u00a0<a href=\"http:\/\/www.lefigaro.fr\/sports\/rugby\/xv-de-france\/xv-de-france-le-bulldozer-guillard-les-eclairs-d-attissogbe-les-notes-des-bleus-apres-la-courte-defaite-face-aux-all-blacks-20250705\" data-fig-type=\"NewsFlash\" data-gtm-custom-categorie=\"navigation\" data-gtm-custom-action=\"crossclick\" data-gtm-custom-label=\"Contextuel\" data-gtm-event=\"customEventSPE\" data-fig-domain=\"LEFIGARO\" target=\"_blank\" rel=\"noopener\">deuxi\u00e8me match face aux All Blacks\u00a0<\/a>samedi, le capitaine Ga\u00ebl Fickou pouvant notamment ne pas \u00eatre sur la feuille de match, au vu de l&rsquo;entra\u00eenement mardi.<\/p>\n<p class=\"fig-paragraph\">Une dizaine de changements par rapport\u00a0<a href=\"http:\/\/www.lefigaro.fr\/sports\/rugby\/nouvelle-zelande-france-jordan-serial-marqueur-la-bete-guillard-slimani-au-supplice-le-karma-des-all-blacks-les-tops-flops-20250705\" data-fig-type=\"NewsFlash\" data-gtm-custom-categorie=\"navigation\" data-gtm-custom-action=\"crossclick\" data-gtm-custom-label=\"Contextuel\" data-gtm-event=\"customEventSPE\" data-fig-domain=\"LEFIGARO\" target=\"_blank\" rel=\"noopener\">\u00e0 la d\u00e9faite 31-27 \u00e0 Dunedin<\/a>\u00a0ont \u00e9t\u00e9 mis en place lors de l&rsquo;entra\u00eenement ouvert \u00e0 la presse mardi, avec notamment l&rsquo;inclusion dans le XV de d\u00e9part de quatre des cinq finalistes du Top 14 ainsi que de L\u00e9o Barr\u00e9, arriv\u00e9s la semaine pr\u00e9c\u00e9dente.<\/p>\n<p>                                    <a class=\"fig-a11y-skip a11y-hidden\" href=\"#fig-a11y-skip-main-inarticle\"><br \/>\n        Passer la publicit\u00e9<br \/>\n    <\/a><\/p>\n<p>Fickou, Villi\u00e8re et Spring m\u00eame pas sur la feuille de match\u00a0?<\/p>\n<p class=\"fig-paragraph\">L\u00e9o Barr\u00e9 devrait prendre place \u00e0 l&rsquo;arri\u00e8re, tandis que la paire de centres a \u00e9t\u00e9 compos\u00e9e avec le Toulousain Pierre-Louis Barassi et le Bordelais Nicolas Depoort\u00e8re. Par rapport \u00e0 l&rsquo;\u00e9quipe qui a d\u00e9but\u00e9 le premier test-match, Th\u00e9o Attissogbe et Emilien Gailleton semblent sauver leur place de titulaire en basculant aux ailes, tandis que Ga\u00ebl Fickou, Gabin Villi\u00e8re et Tom Spring ne seraient m\u00eame plus sur la feuille de match.<\/p>\n<p class=\"fig-paragraph\">Dans les lignes avants, seuls le talonneur Ga\u00ebtan Barlot et le troisi\u00e8me ligne Jacobus van Tonder seraient reconduits si la tendance de l&rsquo;entra\u00eenement pr\u00e9sage du match, comme il est de coutume avec Fabien Galthi\u00e9. Le reste du pack change, avec l&rsquo;arriv\u00e9e des deux piliers George-Henri Colombe et Baptiste Erdocio, les deuxi\u00e8mes lignes Matthias Halagahu et Joshua Brennan, les troisi\u00e8me lignes Pierre Bochaton et Esteban Abadie. La charni\u00e8re Le Garrec-Segonds serait reconduite.<\/p>\n<p>Des Bleus bis ambitieux apr\u00e8s un premier match consistant<\/p>\n<p class=\"fig-paragraph\">La France affronte la Nouvelle-Z\u00e9lande samedi \u00e0 Wellington pour le deuxi\u00e8me des trois matchs de sa tourn\u00e9e d&rsquo;\u00e9t\u00e9 en Nouvelle-Z\u00e9lande. \u00abLes supporters savent maintenant que nous ne sommes pas venus ici simplement pour progresser, nous sommes venus pour essayer de gagner\u00bb, a pr\u00e9venu apr\u00e8s la s\u00e9ance l&rsquo;entra\u00eeneur adjoint en charge de la d\u00e9fense Shaun Edwards. Le rendez-vous est lanc\u00e9.<\/p>\n","protected":false},"excerpt":{"rendered":"Pass\u00e9 tout pr\u00e8s d\u2019un exploit samedi dernier pour le premier des trois test-matches contre les Blacks, le XV&hellip;\n","protected":false},"author":2,"featured_media":235051,"comment_status":"","ping_status":"","sticky":false,"template":"","format":"standard","meta":{"footnotes":""},"categories":[1888],"tags":[1111,1928,11,1927,2305,1777,674,515,1011,27,12,1926,13071,626,1925,25,513],"class_list":{"0":"post-235050","1":"post","2":"type-post","3":"status-publish","4":"format-standard","5":"has-post-thumbnail","7":"category-paris","8":"tag-actu","9":"tag-actu-paris","10":"tag-actualites","11":"tag-actualites-paris","12":"tag-all-blacks","13":"tag-eu","14":"tag-europe","15":"tag-fabien-galthie","16":"tag-fr","17":"tag-france","18":"tag-news","19":"tag-news-paris","20":"tag-nouvelle-zelande","21":"tag-paris","22":"tag-paris-news","23":"tag-republique-francaise","24":"tag-xv-de-france"},"share_on_mastodon":{"url":"https:\/\/pubeurope.com\/@fr\/114817511119781775","error":""},"_links":{"self":[{"href":"https:\/\/www.europesays.com\/fr\/wp-json\/wp\/v2\/posts\/235050","targetHints":{"allow":["GET"]}}],"collection":[{"href":"https:\/\/www.europesays.com\/fr\/wp-json\/wp\/v2\/posts"}],"about":[{"href":"https:\/\/www.europesays.com\/fr\/wp-json\/wp\/v2\/types\/post"}],"author":[{"embeddable":true,"href":"https:\/\/www.europesays.com\/fr\/wp-json\/wp\/v2\/users\/2"}],"replies":[{"embeddable":true,"href":"https:\/\/www.europesays.com\/fr\/wp-json\/wp\/v2\/comments?post=235050"}],"version-history":[{"count":0,"href":"https:\/\/www.europesays.com\/fr\/wp-json\/wp\/v2\/posts\/235050\/revisions"}],"wp:featuredmedia":[{"embeddable":true,"href":"https:\/\/www.europesays.com\/fr\/wp-json\/wp\/v2\/media\/235051"}],"wp:attachment":[{"href":"https:\/\/www.europesays.com\/fr\/wp-json\/wp\/v2\/media?parent=235050"}],"wp:term":[{"taxonomy":"category","embeddable":true,"href":"https:\/\/www.europesays.com\/fr\/wp-json\/wp\/v2\/categories?post=235050"},{"taxonomy":"post_tag","embeddable":true,"href":"https:\/\/www.europesays.com\/fr\/wp-json\/wp\/v2\/tags?post=235050"}],"curies":[{"name":"wp","href":"https:\/\/api.w.org\/{rel}","templated":true}]}}