{"id":235066,"date":"2025-07-08T12:09:11","date_gmt":"2025-07-08T12:09:11","guid":{"rendered":"https:\/\/www.europesays.com\/fr\/235066\/"},"modified":"2025-07-08T12:09:11","modified_gmt":"2025-07-08T12:09:11","slug":"les-reportages-de-francois-xavier-menage-danemark-les-vacances-les-plus-courtes-deurope-les-reportages-de-francois-xavier-menage","status":"publish","type":"post","link":"https:\/\/www.europesays.com\/fr\/235066\/","title":{"rendered":"Les reportages de Fran\u00e7ois-Xavier M\u00e9nage &#8211; Danemark : les vacances les plus courtes d&rsquo;Europe &#8211; Les reportages de Fran\u00e7ois-Xavier M\u00e9nage"},"content":{"rendered":"<p id=\"descriptionPanel\" aria-labelledby=\"descriptionArrow\" aria-expanded=\"false\" class=\"mr-2 line-clamp-2 pr-2.5 text-secondary overflow-visible\">Alors que les vacances d&rsquo;\u00e9t\u00e9 d\u00e9butent, une nouvelle convention citoyenne sur le temps de l&rsquo;enfant, voulue par Emmanuel Macron s&rsquo;est ouverte cette semaine. 130 citoyens planchent sur la dur\u00e9e des vacances, des journ\u00e9es, de l&rsquo;accueil p\u00e9riscolaire mais aussi sur la place des r\u00e9seaux sociaux et l&rsquo;intelligence artificielle \u00e0 l&rsquo;\u00e9cole. La question revient r\u00e9guli\u00e8rement : les \u00e9coliers fran\u00e7ais ont-ils plus de semaines de cong\u00e9s que leurs voisins europ\u00e9ens ? Au Danemark, les enfants ont un mois de moins de vacances et vous allez voir qu&rsquo;ils ne s&rsquo;en portent pas plus mal.<\/p>\n<p><a class=\"shrink-0\" href=\"https:\/\/www.tf1.fr\/tf1\/les-reportages-de-francois-xavier-menage\" rel=\"nofollow noopener\" target=\"_blank\"><img decoding=\"async\" src=\"https:\/\/www.europesays.com\/fr\/wp-content\/uploads\/2025\/07\/flux-program-card-portrait-1-fx-enquetes-afa05f-79f670-c67eb2-0@1x.jpg\" width=\"138\" height=\"184\" alt=\"\" loading=\"eager\" fetchpriority=\"auto\" class=\"aspect-[3\/4] h-24 w-auto rounded-3px\" aria-hidden=\"true\"\/><\/a><\/p>\n","protected":false},"excerpt":{"rendered":"Alors que les vacances d&rsquo;\u00e9t\u00e9 d\u00e9butent, une nouvelle convention citoyenne sur le temps de l&rsquo;enfant, voulue par Emmanuel&hellip;\n","protected":false},"author":2,"featured_media":235067,"comment_status":"","ping_status":"","sticky":false,"template":"","format":"standard","meta":{"footnotes":""},"categories":[1586],"tags":[11,2889,37371,1777,674,1011,27,37373,37372,12,25,37375,37376,37374],"class_list":{"0":"post-235066","1":"post","2":"type-post","3":"status-publish","4":"format-standard","5":"has-post-thumbnail","7":"category-europe","8":"tag-actualites","9":"tag-emission","10":"tag-emission-les-reportages-de-francois-xavier-menage","11":"tag-eu","12":"tag-europe","13":"tag-fr","14":"tag-france","15":"tag-les-reportages-de-francois-xavier-menage","16":"tag-les-reportages-de-francois-xavier-menage-emission","17":"tag-news","18":"tag-republique-francaise","19":"tag-streaming-les-reportages-de-francois-xavier-menage","20":"tag-video-en-streaming-les-reportages-de-francois-xavier-menage","21":"tag-video-les-reportages-de-francois-xavier-menage"},"share_on_mastodon":{"url":"https:\/\/pubeurope.com\/@fr\/114817542680530913","error":""},"_links":{"self":[{"href":"https:\/\/www.europesays.com\/fr\/wp-json\/wp\/v2\/posts\/235066","targetHints":{"allow":["GET"]}}],"collection":[{"href":"https:\/\/www.europesays.com\/fr\/wp-json\/wp\/v2\/posts"}],"about":[{"href":"https:\/\/www.europesays.com\/fr\/wp-json\/wp\/v2\/types\/post"}],"author":[{"embeddable":true,"href":"https:\/\/www.europesays.com\/fr\/wp-json\/wp\/v2\/users\/2"}],"replies":[{"embeddable":true,"href":"https:\/\/www.europesays.com\/fr\/wp-json\/wp\/v2\/comments?post=235066"}],"version-history":[{"count":0,"href":"https:\/\/www.europesays.com\/fr\/wp-json\/wp\/v2\/posts\/235066\/revisions"}],"wp:featuredmedia":[{"embeddable":true,"href":"https:\/\/www.europesays.com\/fr\/wp-json\/wp\/v2\/media\/235067"}],"wp:attachment":[{"href":"https:\/\/www.europesays.com\/fr\/wp-json\/wp\/v2\/media?parent=235066"}],"wp:term":[{"taxonomy":"category","embeddable":true,"href":"https:\/\/www.europesays.com\/fr\/wp-json\/wp\/v2\/categories?post=235066"},{"taxonomy":"post_tag","embeddable":true,"href":"https:\/\/www.europesays.com\/fr\/wp-json\/wp\/v2\/tags?post=235066"}],"curies":[{"name":"wp","href":"https:\/\/api.w.org\/{rel}","templated":true}]}}