{"id":235068,"date":"2025-07-08T12:10:10","date_gmt":"2025-07-08T12:10:10","guid":{"rendered":"https:\/\/www.europesays.com\/fr\/235068\/"},"modified":"2025-07-08T12:10:10","modified_gmt":"2025-07-08T12:10:10","slug":"il-ny-a-pas-eu-un-mot-lancienne-presidente-de-lone-ne-comprend-pas-son-eviction-et-la-nomination-de-lucie-demaret","status":"publish","type":"post","link":"https:\/\/www.europesays.com\/fr\/235068\/","title":{"rendered":"\u00ab\u00a0Il n&rsquo;y a pas eu un mot\u00a0\u00bb\u00a0: l&rsquo;ancienne pr\u00e9sidente de l&rsquo;ONE ne comprend pas son \u00e9viction et la nomination de Lucie Demaret"},"content":{"rendered":"<p class=\"ap-StoryElement ap-StoryElement--mb ap-StoryText\">C&rsquo;est de mani\u00e8re brutale, dans la presse, que Violaine Herbaux, d\u00e9sormais ancienne pr\u00e9sidente du conseil d&rsquo;administration de l&rsquo;ONE (l&rsquo;office de la naissance et de l&rsquo;enfance), a appris son \u00e9viction. Si la rumeur circulait depuis quelque temps, la bourgmestre de Silly n&rsquo;a re\u00e7u aucune notice, comme le confirme L<a href=\"https:\/\/www.lavenir.net\/actu\/belgique\/politique\/2025\/07\/08\/evincee-de-lone-au-profit-de-lucie-demaret-violaine-herbaux-regrette-une-annonce-brutale-et-une-decision-quelle-ne-comprend-pas-ZCTKRPWZANFWXM2DRTGMIMU5GA\/\" target=\"_blank\" rel=\"noopener\">&lsquo;Avenir<\/a>.<\/p>\n<p class=\"ap-StoryElement ap-StoryElement--mb ap-StoryText\">\u00ab\u00a0Une annonce brutale. Elle ne me r\u00e9jouit pas. Je ne la comprends pas. Il n&rsquo;y a pas eu de mot\u00a0\u00bb, s&rsquo;est confi\u00e9 Violaine Herbaux. Nomm\u00e9e en 2022, l&rsquo;ancienne pr\u00e9sidente r\u00e9sume son parcours : \u00ab\u00a0Trois ann\u00e9es intenses, riches, exigeantes. Un timing \u00e0 la fois long\u2026 et beaucoup trop court\u00a0\u00bb.<\/p>\n<p><a href=\"https:\/\/www.dhnet.be\/actu\/belgique\/2025\/07\/08\/lucie-demaret-la-compagne-de-georg-louis-bouchez-devient-la-presidente-du-conseil-dadministration-de-lone-HCEACRMATZG4XK4GZ3426D4GSM\/\" target=\"_blank\" rel=\"noopener noreferrer\" class=\"ap-StoryInterstitialLink ap-StoryElement ap-StoryElement--mb\">Lucie Demaret (MR), compagne de Georges-Louis Bouchez, devient la pr\u00e9sidente du conseil d&rsquo;administration de l&rsquo;ONE<\/a><\/p>\n<p class=\"ap-StoryElement ap-StoryElement--mb ap-StoryText\">Pour beaucoup, cette \u00e9viction au profit de Lucie Demaret (MR), conseill\u00e8re provinciale dans le Hainaut et compagne de <a href=\"https:\/\/www.lalibre.be\/belgique\/politique-belge\/2025\/06\/30\/georges-louis-bouchez-montre-son-mecontentement-apres-lannonce-de-laccord-sur-la-taxe-sur-les-plus-values-ahurissant-3FS75EXQQ5E6PBA74WFHDUJNX4\/\" target=\"_blank\" rel=\"noopener\">Georges-Louis Bouchez<\/a>, le pr\u00e9sident du parti, est plus que surprenante, puisque c&rsquo;est \u00e0 ce dernier que revenait la responsabilit\u00e9 de ce choix. Initialement pressenti pour reprendre le poste \u00e0 la pr\u00e9sidence du circuit automobile de Spa-Francorchamps, Bouchez a finalement opt\u00e9 pour l&rsquo;ONE ; o\u00f9 il a plac\u00e9 sa compagne, \u00e9galement s\u0153ur de G\u00e9raldine Demaret, pr\u00e9sidente du conseil d&rsquo;administration de la Loterie, et cheffe du cabinet de David Clarinval (MR).<\/p>\n<p class=\"ap-StoryElement ap-StoryElement--mb ap-StoryText\">Une d\u00e9cision que Violaine Herbaux regrette : \u00ab\u00a0Je l&rsquo;ai souvent dit : dans cette phase cruciale, une stabilit\u00e9 \u00e0 la t\u00eate de l&rsquo;Institution \u00e9tait souhaitable pour garantir la continuit\u00e9, la clart\u00e9 et la s\u00e9r\u00e9nit\u00e9 dans les dossiers en cours. La politique en a d\u00e9cid\u00e9 autrement\u00a0\u00bb.<\/p>\n<p class=\"ap-StoryElement ap-StoryElement--mb ap-StoryText\">Si, pour la bourgmestre de Silly, cette stabilit\u00e9 a r\u00e9cemment \u00e9t\u00e9 mise \u00e0 mal, sa confiance en l&rsquo;ONE reste, elle, inchang\u00e9e : \u00ab\u00a0L&rsquo;int\u00e9r\u00eat des enfants et de l&rsquo;Institution doit \u00eatre plus fort que tout. Et je n&rsquo;ai aucune crainte quant \u00e0 la force des \u00e9quipes, des agents et des collaborateurs pour poursuivre les r\u00e9formes et les chantiers. Les \u00e9quipes de l&rsquo;Office sont extraordinaires. Ils et elles me manqueront profond\u00e9ment\u00a0\u00bb.<\/p>\n<p><a href=\"https:\/\/www.lalibre.be\/belgique\/elections-belges\/elections-communales\/2024\/11\/17\/mr-et-engages-ne-parviennent-pas-a-saccorder-dans-le-hainaut-et-le-brabant-wallon-la-raison-derriere-ce-double-blocage-WVWRF4PUGBATLH3GP6Z6MTVP2I\/\" target=\"_blank\" rel=\"noopener noreferrer\" class=\"ap-StoryInterstitialLink ap-StoryElement ap-StoryElement--mb\">MR et Engag\u00e9s ne parviennent pas \u00e0 s&rsquo;accorder dans le Hainaut et le Brabant wallon: plusieurs bisbrouilles derri\u00e8re ce blocage<\/a><\/p>\n","protected":false},"excerpt":{"rendered":"C&rsquo;est de mani\u00e8re brutale, dans la presse, que Violaine Herbaux, d\u00e9sormais ancienne pr\u00e9sidente du conseil d&rsquo;administration de l&rsquo;ONE&hellip;\n","protected":false},"author":2,"featured_media":235069,"comment_status":"","ping_status":"","sticky":false,"template":"","format":"standard","meta":{"footnotes":""},"categories":[1586],"tags":[11,37377,1777,674,1779,1011,27,37378,30337,12,25,1778,364],"class_list":{"0":"post-235068","1":"post","2":"type-post","3":"status-publish","4":"format-standard","5":"has-post-thumbnail","7":"category-europe","8":"tag-actualites","9":"tag-david-clarinval","10":"tag-eu","11":"tag-europe","12":"tag-european-union","13":"tag-fr","14":"tag-france","15":"tag-georges-louis-bouchez","16":"tag-hainaut","17":"tag-news","18":"tag-republique-francaise","19":"tag-ue","20":"tag-union-europeenne"},"share_on_mastodon":{"url":"https:\/\/pubeurope.com\/@fr\/114817546496305223","error":""},"_links":{"self":[{"href":"https:\/\/www.europesays.com\/fr\/wp-json\/wp\/v2\/posts\/235068","targetHints":{"allow":["GET"]}}],"collection":[{"href":"https:\/\/www.europesays.com\/fr\/wp-json\/wp\/v2\/posts"}],"about":[{"href":"https:\/\/www.europesays.com\/fr\/wp-json\/wp\/v2\/types\/post"}],"author":[{"embeddable":true,"href":"https:\/\/www.europesays.com\/fr\/wp-json\/wp\/v2\/users\/2"}],"replies":[{"embeddable":true,"href":"https:\/\/www.europesays.com\/fr\/wp-json\/wp\/v2\/comments?post=235068"}],"version-history":[{"count":0,"href":"https:\/\/www.europesays.com\/fr\/wp-json\/wp\/v2\/posts\/235068\/revisions"}],"wp:featuredmedia":[{"embeddable":true,"href":"https:\/\/www.europesays.com\/fr\/wp-json\/wp\/v2\/media\/235069"}],"wp:attachment":[{"href":"https:\/\/www.europesays.com\/fr\/wp-json\/wp\/v2\/media?parent=235068"}],"wp:term":[{"taxonomy":"category","embeddable":true,"href":"https:\/\/www.europesays.com\/fr\/wp-json\/wp\/v2\/categories?post=235068"},{"taxonomy":"post_tag","embeddable":true,"href":"https:\/\/www.europesays.com\/fr\/wp-json\/wp\/v2\/tags?post=235068"}],"curies":[{"name":"wp","href":"https:\/\/api.w.org\/{rel}","templated":true}]}}