{"id":23507,"date":"2025-04-14T02:31:11","date_gmt":"2025-04-14T02:31:11","guid":{"rendered":"https:\/\/www.europesays.com\/fr\/23507\/"},"modified":"2025-04-14T02:31:11","modified_gmt":"2025-04-14T02:31:11","slug":"atp-monte-carlo-lorenzo-musetti-avant-daffronter-alex-de-minaur-dans-le-dernier-carre-je-ne-pense-pas-quil-y-ait-un-favori-pour-cette-demi-finale","status":"publish","type":"post","link":"https:\/\/www.europesays.com\/fr\/23507\/","title":{"rendered":"ATP &#8211; Monte Carlo > Lorenzo Musetti, avant d\u2019affronter Alex De Minaur dans le dernier carr\u00e9 : \u00ab\u00a0Je ne pense pas qu&rsquo;il y ait un favori pour cette demi-finale\u00a0\u00bb"},"content":{"rendered":"<p>Vainqueur du tenant du titre devant des fans presque hyst\u00e9\u00adriques, l\u2019Italien a confirm\u00e9 qu\u2019il \u00e9tait un sacr\u00e9 client quand tout est r\u00e9uni pour qu\u2019il puisse r\u00e9aliser une grosse performance.\u00a0<\/p>\n<p>Maintenant, il a un autre d\u00e9fi qui l\u2019at\u00adtend face \u00e0 Carlos Alcaraz mais cela ne lui fait pas\u00a0peur.<\/p>\n<p><strong>\u00ab\u202fBattre le cham\u00adpion titre, cela donne une saveur parti\u00adcu\u00adli\u00e8re d\u2019au\u00adtant que je ne l\u2019avais battu. Le score \u00e9tait de 5 \u00e0 0. C\u2019\u00e9tait donc proba\u00adble\u00adment l\u2019un des d\u00e9fis les plus diffi\u00adciles que j\u2019ai eu \u00e0 relever dans ma carri\u00e8re jusqu\u2019\u00e0 pr\u00e9sent. C\u2019est donc sans aucun doute une belle victoire, l\u2019une des meilleures de ma carri\u00e8re. En ce qui concerne le match de demain, je pense qu\u2019il n\u2019y a pas de favori, honn\u00ea\u00adte\u00adment. Demain, nous verrons qui est le favori sur le court, et quand nous nous serre\u00adrons la main, il y aura un gagnant. Et c\u2019est\u00a0tout\u202f\u00bb<\/strong><\/p>\n<p class=\"post-published-date\" style=\"color: silver; font-size: 75%; text-align: left;\">Publi\u00e9 le samedi 12 avril 2025 \u00e0 09:15<\/p>\n","protected":false},"excerpt":{"rendered":"Vainqueur du tenant du titre devant des fans presque hyst\u00e9\u00adriques, l\u2019Italien a confirm\u00e9 qu\u2019il \u00e9tait un sacr\u00e9 client&hellip;\n","protected":false},"author":2,"featured_media":23508,"comment_status":"","ping_status":"","sticky":false,"template":"","format":"standard","meta":{"footnotes":""},"categories":[1415],"tags":[1744,8081,1011,27,60,1467],"class_list":{"0":"post-23507","1":"post","2":"type-post","3":"status-publish","4":"format-standard","5":"has-post-thumbnail","7":"category-tennis","8":"tag-alcaraz","9":"tag-de-minaur","10":"tag-fr","11":"tag-france","12":"tag-sports","13":"tag-tennis"},"share_on_mastodon":{"url":"https:\/\/pubeurope.com\/@fr\/114333973381510085","error":""},"_links":{"self":[{"href":"https:\/\/www.europesays.com\/fr\/wp-json\/wp\/v2\/posts\/23507","targetHints":{"allow":["GET"]}}],"collection":[{"href":"https:\/\/www.europesays.com\/fr\/wp-json\/wp\/v2\/posts"}],"about":[{"href":"https:\/\/www.europesays.com\/fr\/wp-json\/wp\/v2\/types\/post"}],"author":[{"embeddable":true,"href":"https:\/\/www.europesays.com\/fr\/wp-json\/wp\/v2\/users\/2"}],"replies":[{"embeddable":true,"href":"https:\/\/www.europesays.com\/fr\/wp-json\/wp\/v2\/comments?post=23507"}],"version-history":[{"count":0,"href":"https:\/\/www.europesays.com\/fr\/wp-json\/wp\/v2\/posts\/23507\/revisions"}],"wp:featuredmedia":[{"embeddable":true,"href":"https:\/\/www.europesays.com\/fr\/wp-json\/wp\/v2\/media\/23508"}],"wp:attachment":[{"href":"https:\/\/www.europesays.com\/fr\/wp-json\/wp\/v2\/media?parent=23507"}],"wp:term":[{"taxonomy":"category","embeddable":true,"href":"https:\/\/www.europesays.com\/fr\/wp-json\/wp\/v2\/categories?post=23507"},{"taxonomy":"post_tag","embeddable":true,"href":"https:\/\/www.europesays.com\/fr\/wp-json\/wp\/v2\/tags?post=23507"}],"curies":[{"name":"wp","href":"https:\/\/api.w.org\/{rel}","templated":true}]}}