{"id":235080,"date":"2025-07-08T12:17:09","date_gmt":"2025-07-08T12:17:09","guid":{"rendered":"https:\/\/www.europesays.com\/fr\/235080\/"},"modified":"2025-07-08T12:17:09","modified_gmt":"2025-07-08T12:17:09","slug":"djokovic-ne-se-voit-pas-favori","status":"publish","type":"post","link":"https:\/\/www.europesays.com\/fr\/235080\/","title":{"rendered":"Djokovic ne se voit pas favori"},"content":{"rendered":"<p class=\"date\">\n                                                            Paul Rouget, Media365 : publi\u00e9 le mardi 08 juillet 2025 \u00e0 13h05\n                                                    <\/p>\n<p>En quarts de finale de Wimbledon pour la 16e fois, Novak Djokovic, favori au sacre selon son ancien entra\u00eeneur, rejette l&rsquo;\u00e9tiquette, mais y croit quand-m\u00eame, \u00e9videmment&#8230;<\/p>\n<p>Et si Novak Djokovic, <a href=\"https:\/\/sports.orange.fr\/tennis\/wimbledon\/article\/wimbledon-h-djokovic-jouera-son-16e-quart-CNT000002jtvd6.html\" rel=\"nofollow noopener\" target=\"_blank\">tombeur d&rsquo;Alex De Minaur en huiti\u00e8mes de finale<\/a> lundi sous les yeux de Roger Federer malgr\u00e9 une entame catastrophique, remportait son 25e titre du Grand Chelem \u00e0 Wimbledon, et son 8e Majeur londonien\u00a0? Pour son ancien entra\u00eeneur, c&rsquo;est une vraie possibilit\u00e9. \u00ab\u00a0Quand je regarde le tableau, je ne vois personne capable de le battre avant les demi-finales et il n&rsquo;a encore jamais perdu contre Sinner ici\u00a0\u00bb, a confi\u00e9 Goran Ivanisevic dans une interview \u00e0 Clay.<\/p>\n<p>\u00ab\u00a0Pour moi, Novak est le favori, m\u00eame si \u00e7a a l&rsquo;air d&rsquo;avoir un c\u00f4t\u00e9 tr\u00e8s sentimental, venant de moi. Mais il est le plus exp\u00e9riment\u00e9, c&rsquo;est le meilleur joueur sur gazon et il sait exactement de quoi il retourne ici. \u00c7a va \u00eatre fascinant \u00e0 voir\u00a0\u00bb, estime encore le Croate, qui voit bien son ancien poulain dominer dans le dernier carr\u00e9 <a href=\"https:\/\/sports.orange.fr\/tennis\/wimbledon\/article\/wimbledon-h-mene-de-deux-sets-la-chance-sourit-a-sinner-CNT000002jtxei.html\" rel=\"nofollow noopener\" target=\"_blank\">Jannik Sinner, apparu tr\u00e8s en difficult\u00e9 contre Grigor Dimitrov<\/a> avant l&rsquo;abandon de ce dernier. Puis Carlos Alcaraz en finale, contre qui \u00ab\u00a0c&rsquo;\u00e9tait serr\u00e9\u00a0\u00bb en 2023, alors que le \u00ab\u00a0Djoker\u00a0\u00bb sortait tout juste d&rsquo;une op\u00e9ration au genou lors de sa deuxi\u00e8me finale londonienne perdue face \u00e0 l&rsquo;Espagnol l&rsquo;an dernier.<\/p>\n<p>\u00ab\u00a0Pas favori\u00a0\u00bb, mais&#8230;<\/p>\n<p>Mais qu&rsquo;en pense le principal int\u00e9ress\u00e9, interrog\u00e9 sur le sujet en conf\u00e9rence de presse\u00a0? \u00ab\u00a0J&rsquo;adore Goran et je suis heureux de voir qu&rsquo;il m&rsquo;aime aussi. Mais je ne pense pas \u00eatre favori contre ces gars (Alcaraz et Sinner, ndlr) pour le moment. Je pense qu&rsquo;ils le sont tous les deux. Mais j&rsquo;ai mes meilleures chances ici contre eux. Si je dois affronter l&rsquo;un deux ou les deux, ce que j&rsquo;esp\u00e8re, cela veut dire que je me qualifierai pour la finale. Alors je ferai de mon mieux pour gagner\u00a0\u00bb, a d&rsquo;abord \u00e9vacu\u00e9 Djokovic.<\/p>\n<p>Avant d&rsquo;expliquer qu&rsquo;il \u00ab\u00a0pense vraiment avoir une chance\u00a0\u00bb d&rsquo;aller au bout. \u00ab\u00a0Il n&rsquo;y a aucun doute l\u00e0-dessus\u00a0\u00bb, a-t-il encore confi\u00e9. Pour son 16e quart de finale \u00e0 Wimbledon, il sera oppos\u00e9 au jeune Italien Flavio Cobolli, qu&rsquo;il avait facilement domin\u00e9 lors de leur unique affrontement sur le circuit, en octobre dernier \u00e0 Shanghai.<\/p>\n","protected":false},"excerpt":{"rendered":"Paul Rouget, Media365 : publi\u00e9 le mardi 08 juillet 2025 \u00e0 13h05 En quarts de finale de Wimbledon&hellip;\n","protected":false},"author":2,"featured_media":235081,"comment_status":"","ping_status":"","sticky":false,"template":"","format":"standard","meta":{"footnotes":""},"categories":[1415],"tags":[1011,27,60,1467],"class_list":{"0":"post-235080","1":"post","2":"type-post","3":"status-publish","4":"format-standard","5":"has-post-thumbnail","7":"category-tennis","8":"tag-fr","9":"tag-france","10":"tag-sports","11":"tag-tennis"},"share_on_mastodon":{"url":"https:\/\/pubeurope.com\/@fr\/114817574083269025","error":""},"_links":{"self":[{"href":"https:\/\/www.europesays.com\/fr\/wp-json\/wp\/v2\/posts\/235080","targetHints":{"allow":["GET"]}}],"collection":[{"href":"https:\/\/www.europesays.com\/fr\/wp-json\/wp\/v2\/posts"}],"about":[{"href":"https:\/\/www.europesays.com\/fr\/wp-json\/wp\/v2\/types\/post"}],"author":[{"embeddable":true,"href":"https:\/\/www.europesays.com\/fr\/wp-json\/wp\/v2\/users\/2"}],"replies":[{"embeddable":true,"href":"https:\/\/www.europesays.com\/fr\/wp-json\/wp\/v2\/comments?post=235080"}],"version-history":[{"count":0,"href":"https:\/\/www.europesays.com\/fr\/wp-json\/wp\/v2\/posts\/235080\/revisions"}],"wp:featuredmedia":[{"embeddable":true,"href":"https:\/\/www.europesays.com\/fr\/wp-json\/wp\/v2\/media\/235081"}],"wp:attachment":[{"href":"https:\/\/www.europesays.com\/fr\/wp-json\/wp\/v2\/media?parent=235080"}],"wp:term":[{"taxonomy":"category","embeddable":true,"href":"https:\/\/www.europesays.com\/fr\/wp-json\/wp\/v2\/categories?post=235080"},{"taxonomy":"post_tag","embeddable":true,"href":"https:\/\/www.europesays.com\/fr\/wp-json\/wp\/v2\/tags?post=235080"}],"curies":[{"name":"wp","href":"https:\/\/api.w.org\/{rel}","templated":true}]}}