{"id":235082,"date":"2025-07-08T12:18:10","date_gmt":"2025-07-08T12:18:10","guid":{"rendered":"https:\/\/www.europesays.com\/fr\/235082\/"},"modified":"2025-07-08T12:18:10","modified_gmt":"2025-07-08T12:18:10","slug":"les-elus-valident-une-aide-exceptionnelle-de-180-000-euros-pour-les-enfants-du-forez","status":"publish","type":"post","link":"https:\/\/www.europesays.com\/fr\/235082\/","title":{"rendered":"les \u00e9lus valident une aide exceptionnelle de 180\u00a0000\u00a0euros pour les Enfants du Forez"},"content":{"rendered":"<p>R\u00e9unis ce lundi 7\u00a0juillet en s\u00e9ance extraordinaire, les \u00e9lus du conseil municipal ont vot\u00e9 une aide exceptionnelle de 180\u00a0000\u00a0euros \u00e0 la quasi-unanimit\u00e9 (une abstention) afin d\u2019aider les Enfants du Forez Feurs-Rozier.<\/p>\n<p>Une avance remboursable sur six ans<\/p>\n<p>Le club for\u00e9zien, englu\u00e9<a href=\"https:\/\/www.leprogres.fr\/politique\/2025\/07\/03\/enfants-du-forez-le-soutien-de-la-ville-permettra-t-il-de-repartir-en-nationale-2\" target=\"_blank\" rel=\"noopener\"> dans une situation financi\u00e8re d\u00e9licate<\/a>, a \u00e9t\u00e9 provisoirement r\u00e9trograd\u00e9 au niveau r\u00e9gional par la Commission de contr\u00f4le et de gestion de la F\u00e9d\u00e9ration Fran\u00e7aise de basket (FFBB), fin juin.<\/p>\n<p>Cette aide exceptionnelle prendra la forme d&rsquo;une avance remboursable de la subvention municipale. En contrepartie, la subvention annuelle vers\u00e9e au club sera r\u00e9duite de 30 000 euros par an pendant six ans. Soit 85 000 euros au lieu des 125 000 euros vers\u00e9s habituellement.\u00a0<\/p>\n<p>\u00a0<\/p>\n<p>\u00a0<\/p>\n<p>Une subvention annuelle conditionn\u00e9e par un maintien au niveau national<\/p>\n<p>De quoi permettre au club de souffler avant son oral devant la Commission de contr\u00f4le et de gestion de la FFBB, pr\u00e9vu vendredi 11\u00a0juillet. En cas de r\u00e9trogradation au niveau r\u00e9gional, le conseil municipal serait de nouveau sollicit\u00e9, le montant actuel de la subvention annuelle \u00e9tant conditionn\u00e9 par le maintien de l\u2019\u00e9quipe fanion en championnat national.<\/p>\n","protected":false},"excerpt":{"rendered":"R\u00e9unis ce lundi 7\u00a0juillet en s\u00e9ance extraordinaire, les \u00e9lus du conseil municipal ont vot\u00e9 une aide exceptionnelle de&hellip;\n","protected":false},"author":2,"featured_media":235083,"comment_status":"","ping_status":"","sticky":false,"template":"","format":"standard","meta":{"footnotes":""},"categories":[1414],"tags":[1465,1791,1464,7359,24711,24992,1011,27,517,60],"class_list":{"0":"post-235082","1":"post","2":"type-post","3":"status-publish","4":"format-standard","5":"has-post-thumbnail","7":"category-basket","8":"tag-basket","9":"tag-basket-ball","10":"tag-basketball","11":"tag-edition-loire-centre","12":"tag-feurs","13":"tag-feurs-ville","14":"tag-fr","15":"tag-france","16":"tag-sport","17":"tag-sports"},"share_on_mastodon":{"url":"https:\/\/pubeurope.com\/@fr\/114817578080701078","error":""},"_links":{"self":[{"href":"https:\/\/www.europesays.com\/fr\/wp-json\/wp\/v2\/posts\/235082","targetHints":{"allow":["GET"]}}],"collection":[{"href":"https:\/\/www.europesays.com\/fr\/wp-json\/wp\/v2\/posts"}],"about":[{"href":"https:\/\/www.europesays.com\/fr\/wp-json\/wp\/v2\/types\/post"}],"author":[{"embeddable":true,"href":"https:\/\/www.europesays.com\/fr\/wp-json\/wp\/v2\/users\/2"}],"replies":[{"embeddable":true,"href":"https:\/\/www.europesays.com\/fr\/wp-json\/wp\/v2\/comments?post=235082"}],"version-history":[{"count":0,"href":"https:\/\/www.europesays.com\/fr\/wp-json\/wp\/v2\/posts\/235082\/revisions"}],"wp:featuredmedia":[{"embeddable":true,"href":"https:\/\/www.europesays.com\/fr\/wp-json\/wp\/v2\/media\/235083"}],"wp:attachment":[{"href":"https:\/\/www.europesays.com\/fr\/wp-json\/wp\/v2\/media?parent=235082"}],"wp:term":[{"taxonomy":"category","embeddable":true,"href":"https:\/\/www.europesays.com\/fr\/wp-json\/wp\/v2\/categories?post=235082"},{"taxonomy":"post_tag","embeddable":true,"href":"https:\/\/www.europesays.com\/fr\/wp-json\/wp\/v2\/tags?post=235082"}],"curies":[{"name":"wp","href":"https:\/\/api.w.org\/{rel}","templated":true}]}}