{"id":235084,"date":"2025-07-08T12:19:11","date_gmt":"2025-07-08T12:19:11","guid":{"rendered":"https:\/\/www.europesays.com\/fr\/235084\/"},"modified":"2025-07-08T12:19:11","modified_gmt":"2025-07-08T12:19:11","slug":"motogp-si-pecco-bagnaia-termine-a-300-points-de-marc-marquez-au-championnat-il-devra-partir-mais-qui-a-dit-ca","status":"publish","type":"post","link":"https:\/\/www.europesays.com\/fr\/235084\/","title":{"rendered":"MotoGP : \u00ab\u00a0si Pecco Bagnaia termine \u00e0 300 points de Marc Marquez au championnat, il devra partir\u00a0\u00bb mais qui a dit \u00e7a ?"},"content":{"rendered":"<p><img loading=\"lazy\" decoding=\"async\" src=\"https:\/\/www.europesays.com\/fr\/wp-content\/uploads\/2025\/07\/Marc-Marquez-1-1.jpg\" alt=\"Marc Marquez\" class=\"\" width=\"1080\" height=\"675\"\/><\/p>\n<p><strong>\u00c0 la veille du Grand Prix d\u2019Allemagne au Sachsenring,<br \/>\nJaime Alguersuari n\u2019a pas m\u00e2ch\u00e9 ses mots sur la domination sans<br \/>\npartage de Marc Marquez en MotoGP. Dans une d\u00e9claration vibrante,<br \/>\nl\u2019ancien pilote devenu commentateur a r\u00e9v\u00e9l\u00e9 un chiffre \u00e9difiant :<br \/>\n\u00ab Marquez a men\u00e9 156 tours cette ann\u00e9e. Le reste du peloton, au<br \/>\ntotal, en compte 155. Tout le monde est contre Marquez, et il est<br \/>\ntoujours devant. \u00bb<\/strong><\/p>\n<p>Pour Alguersuari, la sup\u00e9riorit\u00e9 de <strong>Marquez<\/strong><br \/>\nrepose autant sur son talent pur que sur sa capacit\u00e9 \u00e0 rena\u00eetre<br \/>\napr\u00e8s des ann\u00e9es noires : \u00ab Marc Marquez est le num\u00e9ro un<br \/>\nincontest\u00e9. <strong>Aucun des grands de l\u2019histoire n\u2019a autant<br \/>\nsouffert que lui et n\u2019est redevenu champion apr\u00e8s avoir sombr\u00e9 dans<br \/>\nle gouffre<\/strong>. Ceux qui ne sont pas convaincus par cela ne<br \/>\ndevraient pas nous suivre. \u00bb<\/p>\n<p>Plus incisif encore, il a \u00e9voqu\u00e9 la situation critique de<br \/>\n<a href=\"https:\/\/www.paddock-gp.com\/motogp-marco-melandri-sans-les-deux-marquez-a-leur-niveau-actuel-bagnaia-gagnerait-toutes-les-courses\/\" rel=\"nofollow noopener\" target=\"_blank\"><br \/>\n<strong>Francesco Bagnaia<\/strong><\/a>, rel\u00e9gu\u00e9 \u00e0 130 points de<br \/>\n<strong>Marquez<\/strong> au <a href=\"https:\/\/www.paddock-gp.com\/motogp-assen-j3-championnat-blesse-bientot-opere-alex-marquez-dit-sans-doute-au-revoir-au-titre\/\" rel=\"nofollow noopener\" target=\"_blank\"><br \/>\n<strong>championnat<\/strong><\/a> : \u00ab il reste une course avant<br \/>\nla mi-saison et il compte d\u00e9j\u00e0 130 points d\u2019avance. Si Pecco chute,<br \/>\nil pourrait \u00eatre \u00e0 150. Ajoutez la moiti\u00e9 de 150 plus 150 et vous<br \/>\nobtenez 300. <strong>Si cela arrive, avec toute la gentillesse du<br \/>\nmonde, il doit partir<\/strong>. \u00bb<\/p>\n<p><img loading=\"lazy\" decoding=\"async\" class=\"aligncenter\" src=\"https:\/\/www.europesays.com\/fr\/wp-content\/uploads\/2025\/07\/GettyImages-2220929379-1140x760.jpg\" alt=\"Photo de Gold &amp; Goose Photography\/Getty Images\" width=\"855\" height=\"570\"\/><\/p>\n<p><strong>\u00ab\u00a0L\u2019avantage que<br \/>\nMartin et Pecco Bagnaia avaient sur les autres, Marc Marquez le<br \/>\nposs\u00e8de d\u00e9sormais\u00a0\u00bb<\/strong><\/p>\n<p>Selon Alguersuari, l\u2019\u00e9cart abyssal ne s\u2019explique pas uniquement<br \/>\npar des diff\u00e9rences techniques : \u00ab les marques fabriquent les<br \/>\nmotos de la m\u00eame mani\u00e8re ; <strong>une usine ne fabrique jamais une<br \/>\nmoto pire pour nuire \u00e0 quelqu\u2019un<\/strong>. Si tu as perdu 130<br \/>\npoints \u00e0 mi-parcours du championnat, quelle erreur ! \u00bb<\/p>\n<p>Il conclut en soulignant que la domination de<br \/>\n<strong>Marquez<\/strong> a totalement rebattu les cartes du<br \/>\nchampionnat : \u00ab l\u2019avantage que Mart\u00edn et Pecco avaient sur les<br \/>\nautres, Marquez le poss\u00e8de d\u00e9sormais. <strong>La FIM et la Dorna<br \/>\nont un probl\u00e8me, car tout tourne autour de lui<\/strong>. \u00bb Le<br \/>\npilote espagnol est bien au-del\u00e0 de la concurrence, soulevant des<br \/>\nquestions sur l\u2019\u00e9quilibre du plateau <a href=\"https:\/\/www.motogp.com\/en\" rel=\"nofollow noopener\" target=\"_blank\">MotoGP<\/a>.<\/p>\n<p><img loading=\"lazy\" decoding=\"async\" class=\"aligncenter\" src=\"https:\/\/www.europesays.com\/fr\/wp-content\/uploads\/2025\/07\/GettyImages-2216687689-1140x760.jpg\" alt=\"Photo de Gold &amp; Goose Photography\/Getty Images\" width=\"839\" height=\"559\"\/><\/p>\n","protected":false},"excerpt":{"rendered":"\u00c0 la veille du Grand Prix d\u2019Allemagne au Sachsenring, Jaime Alguersuari n\u2019a pas m\u00e2ch\u00e9 ses mots sur la&hellip;\n","protected":false},"author":2,"featured_media":235085,"comment_status":"","ping_status":"","sticky":false,"template":"","format":"standard","meta":{"footnotes":""},"categories":[1413],"tags":[1011,27,1457,1456,60],"class_list":{"0":"post-235084","1":"post","2":"type-post","3":"status-publish","4":"format-standard","5":"has-post-thumbnail","7":"category-moto","8":"tag-fr","9":"tag-france","10":"tag-moto","11":"tag-motocycle","12":"tag-sports"},"share_on_mastodon":{"url":"https:\/\/pubeurope.com\/@fr\/114817582094200162","error":""},"_links":{"self":[{"href":"https:\/\/www.europesays.com\/fr\/wp-json\/wp\/v2\/posts\/235084","targetHints":{"allow":["GET"]}}],"collection":[{"href":"https:\/\/www.europesays.com\/fr\/wp-json\/wp\/v2\/posts"}],"about":[{"href":"https:\/\/www.europesays.com\/fr\/wp-json\/wp\/v2\/types\/post"}],"author":[{"embeddable":true,"href":"https:\/\/www.europesays.com\/fr\/wp-json\/wp\/v2\/users\/2"}],"replies":[{"embeddable":true,"href":"https:\/\/www.europesays.com\/fr\/wp-json\/wp\/v2\/comments?post=235084"}],"version-history":[{"count":0,"href":"https:\/\/www.europesays.com\/fr\/wp-json\/wp\/v2\/posts\/235084\/revisions"}],"wp:featuredmedia":[{"embeddable":true,"href":"https:\/\/www.europesays.com\/fr\/wp-json\/wp\/v2\/media\/235085"}],"wp:attachment":[{"href":"https:\/\/www.europesays.com\/fr\/wp-json\/wp\/v2\/media?parent=235084"}],"wp:term":[{"taxonomy":"category","embeddable":true,"href":"https:\/\/www.europesays.com\/fr\/wp-json\/wp\/v2\/categories?post=235084"},{"taxonomy":"post_tag","embeddable":true,"href":"https:\/\/www.europesays.com\/fr\/wp-json\/wp\/v2\/tags?post=235084"}],"curies":[{"name":"wp","href":"https:\/\/api.w.org\/{rel}","templated":true}]}}