{"id":235089,"date":"2025-07-08T12:22:11","date_gmt":"2025-07-08T12:22:11","guid":{"rendered":"https:\/\/www.europesays.com\/fr\/235089\/"},"modified":"2025-07-08T12:22:11","modified_gmt":"2025-07-08T12:22:11","slug":"fin-de-coupe-du-monde-des-clubs-pour-pacho-et-hernandez","status":"publish","type":"post","link":"https:\/\/www.europesays.com\/fr\/235089\/","title":{"rendered":"Fin de Coupe du monde des clubs pour Pacho et Hernandez &#8211;"},"content":{"rendered":"<p><img width=\"700\" height=\"350\" src=\"https:\/\/www.europesays.com\/fr\/wp-content\/uploads\/2025\/05\/Willian-Pacho.jpg\" class=\"attachment-jannah-image-post size-jannah-image-post wp-post-image\" alt=\"Willian Pacho\" is_main_img=\"1\" decoding=\"async\" fetchpriority=\"high\"  \/><br \/>\n Image :<br \/>\nPSG.fr<\/p>\n<p>Expuls\u00e9s contre le Bayern Munich en quart de finale, Willian<br \/>\nPacho et Lucas Hernandez ne rejoueront pas avec le PSG lors de<br \/>\ncette Coupe du monde des clubs.\u00a0<\/p>\n<p>Qualifi\u00e9 pour les demi-finales de la <strong>Coupe du monde des<br \/>\nclubs<\/strong>, le <strong>PSG<\/strong> affrontera le<br \/>\n<strong><a href=\"https:\/\/canal-supporters.com\/le-psg-affrontera-le-real-madrid-en-1-2-finale-de-la-coupe-du-monde-des-clubs\/\" title=\"\" rel=\"nofollow noopener\" target=\"_blank\">Real Madrid<\/a><\/strong> \u00e0 ce stade de la comp\u00e9tition<br \/>\ndemain soir (21 heures, DAZN). Une rencontre que ne<br \/>\ndisputeront pas <strong>Willian Pacho<\/strong> et <strong>Lucas<br \/>\nHernandez<\/strong>. En effet, les deux d\u00e9fenseurs parisiens ont<br \/>\n\u00e9cop\u00e9 d\u2019un carton rouge lors du quart de finale victorieux des<br \/>\nParisiens contre le <strong>Bayern Munich<\/strong> (2-0).<br \/>\nL\u2019international \u00e9quatorien a \u00e9t\u00e9 expuls\u00e9 par <strong>Anthony<br \/>\nTaylor<\/strong> apr\u00e8s une grosse semelle sur <strong>Leon<br \/>\nGoretzka<\/strong> alors que l\u2019ancien de l\u2019<strong>Atl\u00e9tico de<br \/>\nMadrid<\/strong> avait quitt\u00e9 le terrain seulement dix minutes apr\u00e8s<br \/>\n\u00eatre entr\u00e9 en jeu apr\u00e8s un vilain geste sur <strong>Rapha\u00ebl<br \/>\nGuerreiro<\/strong>.<\/p>\n<p>A voir aussi : <a href=\"https:\/\/canal-supporters.com\/cdm-des-clubs-xabi-alonso-psg-real-madrid-un-grand-defi-pour-nous\/\" title=\"\" rel=\"nofollow noopener\" target=\"_blank\">CdM des Clubs \u2013 Xabi Alonso : \u00ab\u00a0PSG \/ Real Madrid ?<br \/>\nUn grand d\u00e9fi pour nous !\u00a0\u00bb<\/a><\/p>\n<p><a href=\"https:\/\/x.com\/CanalSupporters\" target=\"_blank\" rel=\"noopener nofollow\" title=\"\">canalsupporters.com<\/a><\/p>\n<p>Deux matches de<br \/>\nsuspension<\/p>\n<p>Les deux joueurs du <strong>PSG<\/strong> \u00e9taient assur\u00e9s de<br \/>\nlouper la demi-finale de la <strong>Coupe du monde des<br \/>\nclubs<\/strong> contre les Madril\u00e8nes, mais on ne connaissait pas<br \/>\nencore la d\u00e9cision de la <strong>Fifa<\/strong> apr\u00e8s ces<br \/>\nexpulsions. Cette nuit, la <a href=\"https:\/\/rmcsport.bfmtv.com\/football\/mondial-des-clubs\/psg-pacho-et-hernandez-suspendus-deux-matchs-et-absents-d-une-eventuelle-finale-a-la-coupe-du-monde-des-clubs_AV-202507080053.html\" target=\"_blank\" rel=\"noopener nofollow\" title=\"\">commission de<br \/>\ndiscipline<\/a> de l\u2019instance du football mondial a d\u00e9voil\u00e9 son<br \/>\nverdict. <strong>Willian Pacho<\/strong> et <strong><a href=\"https:\/\/canal-supporters.com\/lucas-hernandez-quitte-temporairement-le-groupe-du-psg-pour-une-belle-raison\/\" title=\"\" rel=\"nofollow noopener\" target=\"_blank\">Lucas Hernandez<\/a><\/strong> ont \u00e9t\u00e9 suspendus pour deux<br \/>\nmatchs fermes. Ils rateront donc la demi-finale, mais \u00e9galement la<br \/>\npotentielle finale, dimanche soir (21 heures). Le<br \/>\n<strong>PSG<\/strong> peut encore faire appel de cette<br \/>\nd\u00e9cision.\u00a0<\/p>\n<\/p>\n<p>\u00a0<\/p>\n","protected":false},"excerpt":{"rendered":"Image : PSG.fr Expuls\u00e9s contre le Bayern Munich en quart de finale, Willian Pacho et Lucas Hernandez ne&hellip;\n","protected":false},"author":2,"featured_media":126159,"comment_status":"","ping_status":"","sticky":false,"template":"","format":"standard","meta":{"footnotes":""},"categories":[1410],"tags":[81,37379,30640,7151,787,63,1011,27,37380,17477,13196,626,91,92,93,60,927,96,13197],"class_list":{"0":"post-235089","1":"post","2":"type-post","3":"status-publish","4":"format-standard","5":"has-post-thumbnail","7":"category-football","8":"tag-canal-supporters","9":"tag-carton-rouge","10":"tag-cdm-des-clubs","11":"tag-coupe-du-monde-des-clubs","12":"tag-cs","13":"tag-football","14":"tag-fr","15":"tag-france","16":"tag-hernandez","17":"tag-lucas-hernandez","18":"tag-pacho","19":"tag-paris","20":"tag-paris-saint-germain","21":"tag-paris-sg","22":"tag-psg","23":"tag-sports","24":"tag-suspension","25":"tag-une","26":"tag-willian-pacho"},"share_on_mastodon":{"url":"https:\/\/pubeurope.com\/@fr\/114817593935483143","error":""},"_links":{"self":[{"href":"https:\/\/www.europesays.com\/fr\/wp-json\/wp\/v2\/posts\/235089","targetHints":{"allow":["GET"]}}],"collection":[{"href":"https:\/\/www.europesays.com\/fr\/wp-json\/wp\/v2\/posts"}],"about":[{"href":"https:\/\/www.europesays.com\/fr\/wp-json\/wp\/v2\/types\/post"}],"author":[{"embeddable":true,"href":"https:\/\/www.europesays.com\/fr\/wp-json\/wp\/v2\/users\/2"}],"replies":[{"embeddable":true,"href":"https:\/\/www.europesays.com\/fr\/wp-json\/wp\/v2\/comments?post=235089"}],"version-history":[{"count":0,"href":"https:\/\/www.europesays.com\/fr\/wp-json\/wp\/v2\/posts\/235089\/revisions"}],"wp:featuredmedia":[{"embeddable":true,"href":"https:\/\/www.europesays.com\/fr\/wp-json\/wp\/v2\/media\/126159"}],"wp:attachment":[{"href":"https:\/\/www.europesays.com\/fr\/wp-json\/wp\/v2\/media?parent=235089"}],"wp:term":[{"taxonomy":"category","embeddable":true,"href":"https:\/\/www.europesays.com\/fr\/wp-json\/wp\/v2\/categories?post=235089"},{"taxonomy":"post_tag","embeddable":true,"href":"https:\/\/www.europesays.com\/fr\/wp-json\/wp\/v2\/tags?post=235089"}],"curies":[{"name":"wp","href":"https:\/\/api.w.org\/{rel}","templated":true}]}}