{"id":235090,"date":"2025-07-08T12:23:10","date_gmt":"2025-07-08T12:23:10","guid":{"rendered":"https:\/\/www.europesays.com\/fr\/235090\/"},"modified":"2025-07-08T12:23:10","modified_gmt":"2025-07-08T12:23:10","slug":"heidi-klum-toute-petite-a-cote-de-ses-deux-fils-henry-et-johan","status":"publish","type":"post","link":"https:\/\/www.europesays.com\/fr\/235090\/","title":{"rendered":"Heidi Klum toute petite \u00e0 c\u00f4t\u00e9 de ses deux fils Henry et Johan"},"content":{"rendered":"<p>    Heidi Klum lors d\u2019une campagne publicitaire pour la marque Calzedonia. (Cologne, le 16 juin 2025.)<br \/>\n                DPA\/ABACA<\/p>\n<p>La top allemande a partag\u00e9 sur son compte Instagram, ce samedi 5 juillet, une rare photo d\u2019elle entour\u00e9e de ses deux fils, Henry et Johan, qui la d\u00e9passent d\u00e9sormais de plusieurs t\u00eates.<\/p>\n<p class=\"fig-paragraph\">\u00c0 en croire une nouvelle photo partag\u00e9e ce week-end par leur m\u00e8re\u00a0<a href=\"https:\/\/madame.lefigaro.fr\/tag\/heidi-klum\" target=\"_blank\" rel=\"noopener\" data-gtm-custom-categorie=\"navigation\" data-gtm-custom-action=\"crossclick\" data-gtm-custom-label=\"Contextuel\" data-gtm-event=\"customEventSPE\">Heidi Klum<\/a>\u00a0sur Instagram, Henry, 19 ans, et Johan, 18 ans, ont h\u00e9rit\u00e9 des g\u00e8nes de leur p\u00e8re, le chanteur\u00a0<a href=\"https:\/\/madame.lefigaro.fr\/tag\/seal\" target=\"_blank\" rel=\"noopener\" data-gtm-custom-categorie=\"navigation\" data-gtm-custom-action=\"crossclick\" data-gtm-custom-label=\"Contextuel\" data-gtm-event=\"customEventSPE\">Seal<\/a>, qui mesure 1,92 m. Sur ce clich\u00e9, Heidi Klum, v\u00eatue d\u2019un ensemble cr\u00e8me aux inspirations boh\u00e8mes, se tient entre ses deux fils \u2014 Henry, \u00e0 sa gauche, Johan, \u00e0 sa droite \u2014 dans le jardin de leur villa \u00e0 Los Angeles. La diff\u00e9rence de taille entre elle et ses gar\u00e7ons est frappante\u00a0: Henry et Johan la d\u00e9passent tous les deux de plusieurs t\u00eates.<\/p>\n<p class=\"fig-paragraph\">Du haut de ses 1,76m, Heidi Klum n\u2019a pourtant pas \u00e0 rougir de sa taille. Comme toutes les m\u00e8res, la mannequin allemande n\u2019a certainement pas vu ses fils grandir jusqu\u2019au jour o\u00f9 l\u2019\u00e9vidence l\u2019a frapp\u00e9e\u00a0: Henry et Johan sont devenus des hommes. Son a\u00een\u00e9 a d\u2019ailleurs fait ses premiers pas en tant que mannequin en janvier 2025 lors du d\u00e9fil\u00e9 haute couture printemps-\u00e9t\u00e9 2025 de Lena Erziak, \u00e0 la Fashion Week de Paris.<\/p>\n<p class=\"fig-body-link&#10;    \">\n            \u00c0 lire aussi<br \/>\n        <a class=\"fig-body-link__link\" href=\"http:\/\/madame.lefigaro.fr\/celebrites\/actu-people\/la-rare-apparition-d-heidi-klum-et-de-son-fils-henry-samuel-sur-le-tapis-rouge-des-american-music-awards-20250527\" data-fig-type=\"Article\" data-gtm-custom-categorie=\"navigation\" data-gtm-custom-action=\"crossclick\" data-gtm-custom-label=\"Contextuel\" data-gtm-event=\"customEventSPE\" data-fig-domain=\"MADAME\" target=\"_blank\" rel=\"noopener\">La rare apparition d\u2019Heidi Klum et de son fils Henry Samuel sur le tapis rouge des American Music Awards<\/a>\n<\/p>\n<p>                                    <a class=\"fig-a11y-skip a11y-hidden\" href=\"#fig-a11y-skip-main-inarticle\"><br \/>\n        Passer la publicit\u00e9<br \/>\n    <\/a><\/p>\n<p>Des carri\u00e8res artistiques<\/p>\n<p class=\"fig-paragraph\">Dans une interview accord\u00e9e au<a href=\"https:\/\/www.dailymail.co.uk\/tvshowbiz\/article-14881333\/Heidi-Klum-dwarfed-sons-Henry-19-Johan-18-join-rare-photo-admitting-loves-working-kids-following-eldest-boys-catwalk-debut-Paris.html\" target=\"_blank\" rel=\"nofollow noopener\" data-gtm-custom-categorie=\"navigation\" data-gtm-custom-action=\"crossclick\" data-gtm-custom-label=\"Contextuel\" data-gtm-event=\"customEventSPE\">\u00a0Daily Mail\u00a0<\/a>en mai dernier, le jeune homme a remerci\u00e9 ses parents pour leur amour et leur soutien ind\u00e9fectible. Proche de sa m\u00e8re, Henry assume pleinement sa volont\u00e9 de travailler avec elle, m\u00eame si de nombreux internautes le qualifient d\u00e9j\u00e0 de \u00ab<a href=\"http:\/\/madame.lefigaro.fr\/societe\/actu\/le-phenomene-des-nepo-babies-ces-enfants-de-stars-omnipresents-sur-les-ecrans-20221223\" data-fig-type=\"Article\" data-gtm-custom-categorie=\"navigation\" data-gtm-custom-action=\"crossclick\" data-gtm-custom-label=\"Contextuel\" data-gtm-event=\"customEventSPE\" data-fig-domain=\"MADAME\" target=\"_blank\" rel=\"noopener\">nepo baby<\/a> \u00bb. \u00abNous allons faire quelque chose ensemble tr\u00e8s prochainement\u00bb, a-t-il assur\u00e9. Henry envisagerait \u00e9galement de faire carri\u00e8re dans la musique, comme son p\u00e8re Seal. \u00abIl a une voix formidable (&#8230;) et j\u2019aimerais vraiment qu\u2019il ait la confiance n\u00e9cessaire pour le faire\u00bb, a confi\u00e9 le chanteur en f\u00e9vrier dernier \u00e0\u00a0<a href=\"https:\/\/pagesix.com\/2025\/02\/05\/parents\/seal-says-kids-henry-and-leni-are-using-modeling-as-segue-into-bigger-career\/\" target=\"_blank\" rel=\"nofollow noopener\" data-gtm-custom-categorie=\"navigation\" data-gtm-custom-action=\"crossclick\" data-gtm-custom-label=\"Contextuel\" data-gtm-event=\"customEventSPE\">Page Six<\/a> .<\/p>\n<p class=\"fig-paragraph\">Johan a quant \u00e0 lui re\u00e7u son dipl\u00f4me de fin d\u2019\u00e9tudes secondaires, le 11 juin dernier, une \u00e9tape importante marquant le d\u00e9but de sa nouvelle vie d\u2019adulte. Sur Instagram,\u00a0<a href=\"http:\/\/madame.lefigaro.fr\/celebrites\/actu-people\/mon-coeur-est-gonfle-de-fierte-en-video-l-emotion-d-heidi-klum-a-la-remise-de-diplome-de-son-fils-johan-20250613\" data-fig-type=\"Article\" data-gtm-custom-categorie=\"navigation\" data-gtm-custom-action=\"crossclick\" data-gtm-custom-label=\"Contextuel\" data-gtm-event=\"customEventSPE\" data-fig-domain=\"MADAME\" target=\"_blank\" rel=\"noopener\">Heidi Klum a exprim\u00e9 toute sa fiert\u00e9<\/a>\u00a0en l\u00e9gende d\u2019un carrousel de photos prises lors de la remise de dipl\u00f4me de son fils cadet\u00a0: \u00abJe t\u2019encourage aujourd\u2019hui et tous les jours &#8211; F\u00e9licitations Johan &#8211; mon c\u0153ur est plein de joie et gonfl\u00e9 de fiert\u00e9\u00bb. Passionn\u00e9 de dessin depuis sa plus tendre enfance, Johan envisagerait une carri\u00e8re dans l\u2019art et le design, et aimerait ainsi int\u00e9grer la prestigieuse Parsons School of Design \u00e0 New York, a r\u00e9v\u00e9l\u00e9 sa m\u00e8re dans\u00a0<a href=\"https:\/\/people.com\/heidi-klum-reveals-son-johan-17-might-go-to-college-in-new-york-exclusive-8736671\" target=\"_blank\" rel=\"nofollow noopener\" data-gtm-custom-categorie=\"navigation\" data-gtm-custom-action=\"crossclick\" data-gtm-custom-label=\"Contextuel\" data-gtm-event=\"customEventSPE\">People\u00a0<\/a>en octobre 2024.<\/p>\n","protected":false},"excerpt":{"rendered":"Heidi Klum lors d\u2019une campagne publicitaire pour la marque Calzedonia. (Cologne, le 16 juin 2025.) DPA\/ABACA La top&hellip;\n","protected":false},"author":2,"featured_media":235091,"comment_status":"","ping_status":"","sticky":false,"template":"","format":"standard","meta":{"footnotes":""},"categories":[1359],"tags":[58,59,1011,27,14487,973,37381],"class_list":{"0":"post-235090","1":"post","2":"type-post","3":"status-publish","4":"format-standard","5":"has-post-thumbnail","7":"category-people","8":"tag-divertissement","9":"tag-entertainment","10":"tag-fr","11":"tag-france","12":"tag-heidi-klum","13":"tag-people","14":"tag-seal"},"share_on_mastodon":{"url":"https:\/\/pubeurope.com\/@fr\/114817597768887200","error":""},"_links":{"self":[{"href":"https:\/\/www.europesays.com\/fr\/wp-json\/wp\/v2\/posts\/235090","targetHints":{"allow":["GET"]}}],"collection":[{"href":"https:\/\/www.europesays.com\/fr\/wp-json\/wp\/v2\/posts"}],"about":[{"href":"https:\/\/www.europesays.com\/fr\/wp-json\/wp\/v2\/types\/post"}],"author":[{"embeddable":true,"href":"https:\/\/www.europesays.com\/fr\/wp-json\/wp\/v2\/users\/2"}],"replies":[{"embeddable":true,"href":"https:\/\/www.europesays.com\/fr\/wp-json\/wp\/v2\/comments?post=235090"}],"version-history":[{"count":0,"href":"https:\/\/www.europesays.com\/fr\/wp-json\/wp\/v2\/posts\/235090\/revisions"}],"wp:featuredmedia":[{"embeddable":true,"href":"https:\/\/www.europesays.com\/fr\/wp-json\/wp\/v2\/media\/235091"}],"wp:attachment":[{"href":"https:\/\/www.europesays.com\/fr\/wp-json\/wp\/v2\/media?parent=235090"}],"wp:term":[{"taxonomy":"category","embeddable":true,"href":"https:\/\/www.europesays.com\/fr\/wp-json\/wp\/v2\/categories?post=235090"},{"taxonomy":"post_tag","embeddable":true,"href":"https:\/\/www.europesays.com\/fr\/wp-json\/wp\/v2\/tags?post=235090"}],"curies":[{"name":"wp","href":"https:\/\/api.w.org\/{rel}","templated":true}]}}