{"id":235092,"date":"2025-07-08T12:24:11","date_gmt":"2025-07-08T12:24:11","guid":{"rendered":"https:\/\/www.europesays.com\/fr\/235092\/"},"modified":"2025-07-08T12:24:11","modified_gmt":"2025-07-08T12:24:11","slug":"715-000-euros-de-toiles-de-bernard-buffet-retrouvees-juste-avant-leur-vente-au-marche-noir","status":"publish","type":"post","link":"https:\/\/www.europesays.com\/fr\/235092\/","title":{"rendered":"715 000 euros de toiles de Bernard Buffet retrouv\u00e9es juste avant leur vente au march\u00e9 noir"},"content":{"rendered":"<p class=\"article__intro\">715 000 euros de tableaux vol\u00e9s ont \u00e9t\u00e9 retrouv\u00e9s la semaine derni\u00e8re, apr\u00e8s une enqu\u00eate de six mois. Les \u0153uvres d&rsquo;art, sign\u00e9es Bernard Buffet, appartenaient \u00e0 un particulier \u00e0 Condom, dans le Gers.\u00a0<\/p>\n<p>\n      Soci\u00e9t\u00e9\n    <\/p>\n<p>\n      De la vie quotidienne aux grands enjeux, d\u00e9couvrez les sujets qui font la soci\u00e9t\u00e9 locale, comme la justice, l\u2019\u00e9ducation, la sant\u00e9 et la famille.\n    <\/p>\n<p>    France T\u00e9l\u00e9visions utilise votre adresse e-mail afin de vous envoyer la newsletter \u00ab\u00a0Soci\u00e9t\u00e9\u00a0\u00bb. Vous pouvez vous d\u00e9sinscrire \u00e0 tout moment via le lien en bas de cette newsletter. <a target=\"_blank\" href=\"https:\/\/www.francetelevisions.fr\/groupe\/confidentialite\/politique-de-confidentialite\/politique-de-confidentialite-de-france-televisions-6503\" rel=\"nofollow noopener\">Notre politique de confidentialit\u00e9<\/a><\/p>\n<p>L&rsquo;histoire d\u00e9bute le 29 d\u00e9cembre 2024, \u00e0 Condom, lorsqu&rsquo;une personne, alert\u00e9e par des bruits suspects \u00e0 son domicile, d\u00e9couvre que 11 tableaux du peintre et graveur, Bernard Buffet, ont disparu de chez lui. Mort en 1999, ce peintre expressionniste contemporain a marqu\u00e9 la p\u00e9riode d&rsquo;apr\u00e8s-guerre avec ses peintures faites de lignes raides et \u00e9paisses. En 2025, ses huiles sur toile sont estim\u00e9es entre 20 000 et plus de 170 000 euros.<\/p>\n<p>Un fait qui n&rsquo;a s\u00fbrement pas \u00e9chapp\u00e9 aux voleurs qui sont repartis, ce jour-l\u00e0, avec 715 000 euros de tableaux. Les voleurs, visiblement bien organis\u00e9s, avaient pris soin de masquer les cam\u00e9ras de surveillance avant de quitter les lieux. La victime appelle alors la gendarmerie et le parquet d&rsquo;Auch confie l&rsquo;affaire \u00e0 la section de recherches de Toulouse, \u00e0 la brigade de recherches d\u2019Auch ainsi qu&rsquo;\u00e0 l\u2019office de lutte contre le trafic de biens culturels.<\/p>\n<\/p>\n<p>Les premi\u00e8res investigations ont mis en lumi\u00e8re un mode op\u00e9ratoire sophistiqu\u00e9 : les malfaiteurs avaient sp\u00e9cifiquement affr\u00e9t\u00e9 des v\u00e9hicules pour commettre ce vol. En parall\u00e8le, une minutieuse enqu\u00eate de voisinage a permis de cibler un individu suspect\u00e9 d&rsquo;avoir facilit\u00e9 l&rsquo;acc\u00e8s des cambrioleurs. Ce dernier \u00e9tait en contact avec deux complices pr\u00e9sum\u00e9s, localis\u00e9s dans la r\u00e9gion marseillaise.<\/p>\n<p>Apr\u00e8s une enqu\u00eate de six mois, la gendarmerie nationale a interpell\u00e9 six personnes soup\u00e7onn\u00e9es du vol, le 1er juillet dernier. Dans le m\u00eame temps, la totalit\u00e9 des 11 toiles du peintre fran\u00e7ais ont \u00e9t\u00e9 retrouv\u00e9es en bon \u00e9tat, juste avant qu&rsquo;elles ne soient revendues au march\u00e9 noir. Outre les \u0153uvres d&rsquo;art, les enqu\u00eateurs ont mis la main sur un arsenal d&rsquo;objets li\u00e9s \u00e0 l&rsquo;activit\u00e9 criminelle : une arme de poing, une compteuse de billets, de nombreux t\u00e9l\u00e9phones pr\u00e9pay\u00e9s, des talkies-walkies, des cagoules, des gants, ainsi que les trois v\u00e9hicules utilis\u00e9s pour commettre les faits.<\/p>\n<p>Pr\u00e9sent\u00e9s devant le magistrat instructeur, puis devant le juge des libert\u00e9s et de la d\u00e9tention du Tribunal Judiciaire d&rsquo;Auch, les six individus ont \u00e9t\u00e9 mis en examen pour des chefs d&rsquo;accusation lourds : vols commis en bande organis\u00e9e, recel en bande organis\u00e9e de vols commis en bande organis\u00e9e, association de malfaiteurs et destruction de bien par un moyen dangereux pour les personnes. Les quatre principaux protagonistes ont \u00e9t\u00e9 plac\u00e9s en d\u00e9tention provisoire, tandis que les deux autres sont d\u00e9sormais sous contr\u00f4le judiciaire.<\/p>\n","protected":false},"excerpt":{"rendered":"715 000 euros de tableaux vol\u00e9s ont \u00e9t\u00e9 retrouv\u00e9s la semaine derni\u00e8re, apr\u00e8s une enqu\u00eate de six mois.&hellip;\n","protected":false},"author":2,"featured_media":235093,"comment_status":"","ping_status":"","sticky":false,"template":"","format":"standard","meta":{"footnotes":""},"categories":[1358],"tags":[1348,1384,1385,1386,58,59,1011,27],"class_list":{"0":"post-235092","1":"post","2":"type-post","3":"status-publish","4":"format-standard","5":"has-post-thumbnail","7":"category-arts-et-design","8":"tag-arts","9":"tag-arts-and-design","10":"tag-arts-et-design","11":"tag-design","12":"tag-divertissement","13":"tag-entertainment","14":"tag-fr","15":"tag-france"},"share_on_mastodon":{"url":"https:\/\/pubeurope.com\/@fr\/114817601609306559","error":""},"_links":{"self":[{"href":"https:\/\/www.europesays.com\/fr\/wp-json\/wp\/v2\/posts\/235092","targetHints":{"allow":["GET"]}}],"collection":[{"href":"https:\/\/www.europesays.com\/fr\/wp-json\/wp\/v2\/posts"}],"about":[{"href":"https:\/\/www.europesays.com\/fr\/wp-json\/wp\/v2\/types\/post"}],"author":[{"embeddable":true,"href":"https:\/\/www.europesays.com\/fr\/wp-json\/wp\/v2\/users\/2"}],"replies":[{"embeddable":true,"href":"https:\/\/www.europesays.com\/fr\/wp-json\/wp\/v2\/comments?post=235092"}],"version-history":[{"count":0,"href":"https:\/\/www.europesays.com\/fr\/wp-json\/wp\/v2\/posts\/235092\/revisions"}],"wp:featuredmedia":[{"embeddable":true,"href":"https:\/\/www.europesays.com\/fr\/wp-json\/wp\/v2\/media\/235093"}],"wp:attachment":[{"href":"https:\/\/www.europesays.com\/fr\/wp-json\/wp\/v2\/media?parent=235092"}],"wp:term":[{"taxonomy":"category","embeddable":true,"href":"https:\/\/www.europesays.com\/fr\/wp-json\/wp\/v2\/categories?post=235092"},{"taxonomy":"post_tag","embeddable":true,"href":"https:\/\/www.europesays.com\/fr\/wp-json\/wp\/v2\/tags?post=235092"}],"curies":[{"name":"wp","href":"https:\/\/api.w.org\/{rel}","templated":true}]}}