{"id":235108,"date":"2025-07-08T12:32:24","date_gmt":"2025-07-08T12:32:24","guid":{"rendered":"https:\/\/www.europesays.com\/fr\/235108\/"},"modified":"2025-07-08T12:32:24","modified_gmt":"2025-07-08T12:32:24","slug":"les-meilleures-promotions-ce-8-juillet","status":"publish","type":"post","link":"https:\/\/www.europesays.com\/fr\/235108\/","title":{"rendered":"les meilleures promotions ce 8 juillet"},"content":{"rendered":"<p>Les Prime Day d\u2019Amazon tombent, comme souvent, en plein c\u0153ur des soldes d\u2019\u00e9t\u00e9. Rien d\u2019anormal, c\u2019est devenu une habitude. Mais la vraie question, c\u2019est : est-ce que \u00e7a vaut le coup ? Spoiler : clairement, oui. Si vous \u00eates abonn\u00e9 Prime, les offres propos\u00e9es sont souvent plus int\u00e9ressantes que celles des traditionnels soldes. Voici notre s\u00e9lection des meilleures promos de cette vente flash \u00e0 ne pas laisser passer.<\/p>\n<p>Du 8 au 11 juillet, Amazon propose ses traditionnels Prime Day : une vente flash exclusive aux abonn\u00e9s <a href=\"https:\/\/www.numerama.com\/business\/205874-prix-services-amazon-prime.html\" rel=\"nofollow noopener\" target=\"_blank\">Amazon Prime<\/a>, qui cette ann\u00e9e s\u2019\u00e9tale sur 4 jours, soit 2 de plus qu\u2019habituellement. Et autant dire que les deals sont \u00e0 la hauteur. Smartphones, TV OLED, tablettes haut de gamme, aspirateurs connect\u00e9s, objets du quotidien\u2026 tout y passe. <\/p>\n<p>Vous \u00eates abonn\u00e9 Prime ? C\u2019est le moment de surveiller les ventes flash, surtout qu\u2019elles changent r\u00e9guli\u00e8rement sur ces quatre jours. Et si ce n\u2019est pas encore le cas, <a href=\"https:\/\/shop.numerama.com\/r8qvzvr2\" target=\"_blank\" rel=\"noreferrer noopener sponsored nofollow\" data-gtm=\"{&quot;event&quot;:&quot;afficlic&quot;,&quot;nom_marchand&quot;:&quot;amazon_fr&quot;,&quot;nom_produit&quot;:&quot;inconnu&quot;,&quot;categorie_produit&quot;:&quot;inconnu&quot;,&quot;module_produit&quot;:&quot;editolink&quot;,&quot;position_marchand&quot;:0,&quot;texte&quot;:&quot;l-essai-gratuit-de-30-jours-reste-le-meilleur-moyen-d-en-profiter-sans-engagement&quot;,&quot;offer_url&quot;:&quot;https:\/\/shop.numerama.com\/r8qvzvr2&quot;,&quot;zone&quot;:&quot;contenu-page&quot;}\">l\u2019essai gratuit de 30 jours reste le meilleur moyen d\u2019en profiter sans engagement<\/a>. Mais attention : toutes les promos ne se valent pas. Avant de craquer, on vous conseille de lire <a href=\"https:\/\/www.numerama.com\/tech\/532952-nos-conseils-pour-profiter-des-prime-day-amazon.html\" rel=\"nofollow noopener\" target=\"_blank\">notre guide d\u00e9di\u00e9 pour \u00e9viter les pi\u00e8ges les plus fr\u00e9quent<\/a>.<\/p>\n<p>Prime Day : la liste des meilleures promos des ventes flash<\/p>\n<p>Pour vous \u00e9viter de passer des heures \u00e0 d\u00e9filer dans le catalogue sans fin d\u2019Amazon, on a regroup\u00e9 ici les produits remis\u00e9s qui, selon nous, valent vraiment le coup. Pas de gadgets inutiles ou de promos gonfl\u00e9es artificiellement : uniquement des r\u00e9f\u00e9rences qu\u2019on recommanderait sans h\u00e9siter \u00e0 notre entourage.<\/p>\n<ul class=\"wp-block-list\">\n<li><a href=\"https:\/\/shop.numerama.com\/oq33kyy1\" target=\"_blank\" rel=\"noreferrer noopener sponsored nofollow\" data-gtm=\"{&quot;event&quot;:&quot;afficlic&quot;,&quot;nom_marchand&quot;:&quot;amazon_fr&quot;,&quot;nom_produit&quot;:&quot;inconnu&quot;,&quot;categorie_produit&quot;:&quot;inconnu&quot;,&quot;module_produit&quot;:&quot;editolink&quot;,&quot;position_marchand&quot;:0,&quot;texte&quot;:&quot;i-phone-16e-128-go-a-592-e-au-lieu-de-719-e&quot;,&quot;offer_url&quot;:&quot;https:\/\/shop.numerama.com\/oq33kyy1&quot;,&quot;zone&quot;:&quot;contenu-page&quot;}\">iPhone 16e 128 Go \u00e0 592 \u20ac au lieu de 719 \u20ac<\/a><\/li>\n<li><a href=\"https:\/\/shop.numerama.com\/kpzx09r5\" target=\"_blank\" rel=\"noreferrer noopener sponsored nofollow\" data-gtm=\"{&quot;event&quot;:&quot;afficlic&quot;,&quot;nom_marchand&quot;:&quot;amazon_fr&quot;,&quot;nom_produit&quot;:&quot;inconnu&quot;,&quot;categorie_produit&quot;:&quot;inconnu&quot;,&quot;module_produit&quot;:&quot;editolink&quot;,&quot;position_marchand&quot;:0,&quot;texte&quot;:&quot;casque-bluetooth-sonos-ace-a-349-e-au-lieu-de-499-e&quot;,&quot;offer_url&quot;:&quot;https:\/\/shop.numerama.com\/kpzx09r5&quot;,&quot;zone&quot;:&quot;contenu-page&quot;}\">Casque Bluetooth Sonos Ace \u00e0 349 \u20ac au lieu de 499 \u20ac<\/a><\/li>\n<li><a href=\"https:\/\/shop.numerama.com\/116a60n1\" target=\"_blank\" rel=\"noreferrer noopener sponsored nofollow\" data-gtm=\"{&quot;event&quot;:&quot;afficlic&quot;,&quot;nom_marchand&quot;:&quot;amazon_fr&quot;,&quot;nom_produit&quot;:&quot;inconnu&quot;,&quot;categorie_produit&quot;:&quot;inconnu&quot;,&quot;module_produit&quot;:&quot;editolink&quot;,&quot;position_marchand&quot;:0,&quot;texte&quot;:&quot;smartphone-google-pixel-9-a-599-e-au-lieu-de-899-e&quot;,&quot;offer_url&quot;:&quot;https:\/\/shop.numerama.com\/116a60n1&quot;,&quot;zone&quot;:&quot;contenu-page&quot;}\">Smartphone Google Pixel 9 \u00e0 599 \u20ac au lieu de 899 \u20ac<\/a><\/li>\n<li><a href=\"https:\/\/shop.numerama.com\/mdy74maq\" target=\"_blank\" rel=\"noreferrer noopener sponsored nofollow\" data-gtm=\"{&quot;event&quot;:&quot;afficlic&quot;,&quot;nom_marchand&quot;:&quot;amazon_fr&quot;,&quot;nom_produit&quot;:&quot;inconnu&quot;,&quot;categorie_produit&quot;:&quot;inconnu&quot;,&quot;module_produit&quot;:&quot;editolink&quot;,&quot;position_marchand&quot;:0,&quot;texte&quot;:&quot;casque-vr-meta-quest-3-s-128-go-a-279-99-e-au-lieu-de-329-99-e&quot;,&quot;offer_url&quot;:&quot;https:\/\/shop.numerama.com\/mdy74maq&quot;,&quot;zone&quot;:&quot;contenu-page&quot;}\">Casque VR Meta Quest 3S 128 Go \u00e0 279,99 \u20ac au lieu de 329,99 \u20ac<\/a><\/li>\n<li><a href=\"https:\/\/shop.numerama.com\/x80wmumj\" target=\"_blank\" rel=\"noreferrer noopener sponsored nofollow\" data-gtm=\"{&quot;event&quot;:&quot;afficlic&quot;,&quot;nom_marchand&quot;:&quot;amazon_fr&quot;,&quot;nom_produit&quot;:&quot;inconnu&quot;,&quot;categorie_produit&quot;:&quot;inconnu&quot;,&quot;module_produit&quot;:&quot;editolink&quot;,&quot;position_marchand&quot;:0,&quot;texte&quot;:&quot;cmf-phone-2-pro-128-gb-a-219-e-au-lieu-de-259-e&quot;,&quot;offer_url&quot;:&quot;https:\/\/shop.numerama.com\/x80wmumj&quot;,&quot;zone&quot;:&quot;contenu-page&quot;}\">CMF Phone 2 Pro (128 Go) \u00e0 219 \u20ac au lieu de 259 \u20ac<\/a><\/li>\n<li><a href=\"https:\/\/shop.numerama.com\/heoeglf4\" target=\"_blank\" rel=\"noreferrer noopener sponsored nofollow\" data-gtm=\"{&quot;event&quot;:&quot;afficlic&quot;,&quot;nom_marchand&quot;:&quot;amazon_fr&quot;,&quot;nom_produit&quot;:&quot;inconnu&quot;,&quot;categorie_produit&quot;:&quot;inconnu&quot;,&quot;module_produit&quot;:&quot;editolink&quot;,&quot;position_marchand&quot;:0,&quot;texte&quot;:&quot;logitech-mx-keys-mini-a-67-49-e-au-lieu-de-74-90-e&quot;,&quot;offer_url&quot;:&quot;https:\/\/shop.numerama.com\/heoeglf4&quot;,&quot;zone&quot;:&quot;contenu-page&quot;}\">Logitech MX Keys Mini \u00e0 67,49 \u20ac au lieu de 74,90 \u20ac<\/a><\/li>\n<li><a href=\"https:\/\/shop.numerama.com\/9f8ttp7v\" target=\"_blank\" rel=\"noreferrer noopener sponsored nofollow\" data-gtm=\"{&quot;event&quot;:&quot;afficlic&quot;,&quot;nom_marchand&quot;:&quot;amazon_fr&quot;,&quot;nom_produit&quot;:&quot;inconnu&quot;,&quot;categorie_produit&quot;:&quot;inconnu&quot;,&quot;module_produit&quot;:&quot;editolink&quot;,&quot;position_marchand&quot;:0,&quot;texte&quot;:&quot;pc-portable-dell-inspiron-14-5441-a-649-e-au-lieu-de-809-e&quot;,&quot;offer_url&quot;:&quot;https:\/\/shop.numerama.com\/9f8ttp7v&quot;,&quot;zone&quot;:&quot;contenu-page&quot;}\">PC portable Dell Inspiron 14 (5441) \u00e0 649 \u20ac au lieu de 809 \u20ac<\/a><\/li>\n<li><a href=\"https:\/\/shop.numerama.com\/sxg2wro6\" target=\"_blank\" rel=\"noreferrer noopener sponsored nofollow\" data-gtm=\"{&quot;event&quot;:&quot;afficlic&quot;,&quot;nom_marchand&quot;:&quot;amazon_fr&quot;,&quot;nom_produit&quot;:&quot;inconnu&quot;,&quot;categorie_produit&quot;:&quot;inconnu&quot;,&quot;module_produit&quot;:&quot;editolink&quot;,&quot;position_marchand&quot;:0,&quot;texte&quot;:&quot;batterie-externe-anker-24000-m-ah-a-49-99-e-au-lieu-de-69-99-e&quot;,&quot;offer_url&quot;:&quot;https:\/\/shop.numerama.com\/sxg2wro6&quot;,&quot;zone&quot;:&quot;contenu-page&quot;}\">Batterie Externe Anker 24000 mAh \u00e0 49,99 \u20ac au lieu de 69,99 \u20ac<\/a><\/li>\n<li><a href=\"https:\/\/shop.numerama.com\/n395nf2l\" target=\"_blank\" rel=\"noreferrer noopener sponsored nofollow\" data-gtm=\"{&quot;event&quot;:&quot;afficlic&quot;,&quot;nom_marchand&quot;:&quot;amazon_fr&quot;,&quot;nom_produit&quot;:&quot;inconnu&quot;,&quot;categorie_produit&quot;:&quot;inconnu&quot;,&quot;module_produit&quot;:&quot;editolink&quot;,&quot;position_marchand&quot;:0,&quot;texte&quot;:&quot;2couteurs-bose-ultra-open-earbuds-a-249-95-e-au-lieu-de-349-95-e&quot;,&quot;offer_url&quot;:&quot;https:\/\/shop.numerama.com\/n395nf2l&quot;,&quot;zone&quot;:&quot;contenu-page&quot;}\">\u00c9couteurs Bose Ultra Open Earbuds \u00e0 249,95 \u20ac au lieu  de 349,95 \u20ac<\/a><\/li>\n<li><a href=\"https:\/\/shop.numerama.com\/j00o8mif\" target=\"_blank\" rel=\"noreferrer noopener sponsored nofollow\" data-gtm=\"{&quot;event&quot;:&quot;afficlic&quot;,&quot;nom_marchand&quot;:&quot;amazon_fr&quot;,&quot;nom_produit&quot;:&quot;inconnu&quot;,&quot;categorie_produit&quot;:&quot;inconnu&quot;,&quot;module_produit&quot;:&quot;editolink&quot;,&quot;position_marchand&quot;:0,&quot;texte&quot;:&quot;pc-portable-asus-vivobook-14-a-349-99-e-au-lieu-de-449-99-e&quot;,&quot;offer_url&quot;:&quot;https:\/\/shop.numerama.com\/j00o8mif&quot;,&quot;zone&quot;:&quot;contenu-page&quot;}\">PC portable ASUS Vivobook 14 \u00e0 349,99 \u20ac au lieu de 449,99 \u20ac<\/a><\/li>\n<li><a href=\"https:\/\/shop.numerama.com\/pdjbcbg1\" target=\"_blank\" rel=\"noreferrer noopener sponsored nofollow\" data-gtm=\"{&quot;event&quot;:&quot;afficlic&quot;,&quot;nom_marchand&quot;:&quot;amazon_fr&quot;,&quot;nom_produit&quot;:&quot;inconnu&quot;,&quot;categorie_produit&quot;:&quot;inconnu&quot;,&quot;module_produit&quot;:&quot;editolink&quot;,&quot;position_marchand&quot;:0,&quot;texte&quot;:&quot;serurre-connectee-aqara-u200-a-169-99-e-au-lieu-de-269-99-e&quot;,&quot;offer_url&quot;:&quot;https:\/\/shop.numerama.com\/pdjbcbg1&quot;,&quot;zone&quot;:&quot;contenu-page&quot;}\">Serrure connect\u00e9e Aqara U200 \u00e0 169,99 \u20ac au lieu de 269,99 \u20ac<\/a><\/li>\n<li><a href=\"https:\/\/shop.numerama.com\/86afqepb\" target=\"_blank\" rel=\"noreferrer noopener sponsored nofollow\" data-gtm=\"{&quot;event&quot;:&quot;afficlic&quot;,&quot;nom_marchand&quot;:&quot;amazon_fr&quot;,&quot;nom_produit&quot;:&quot;inconnu&quot;,&quot;categorie_produit&quot;:&quot;inconnu&quot;,&quot;module_produit&quot;:&quot;editolink&quot;,&quot;position_marchand&quot;:0,&quot;texte&quot;:&quot;apple-watch-ultra-2-a-739-e-au-lieu-de-899-e&quot;,&quot;offer_url&quot;:&quot;https:\/\/shop.numerama.com\/86afqepb&quot;,&quot;zone&quot;:&quot;contenu-page&quot;}\">Apple Watch Ultra 2 \u00e0 739 \u20ac au lieu de 899 \u20ac<\/a><\/li>\n<li><a href=\"https:\/\/shop.numerama.com\/h4n9u9b6\" target=\"_blank\" rel=\"noreferrer noopener sponsored nofollow\" data-gtm=\"{&quot;event&quot;:&quot;afficlic&quot;,&quot;nom_marchand&quot;:&quot;amazon_fr&quot;,&quot;nom_produit&quot;:&quot;inconnu&quot;,&quot;categorie_produit&quot;:&quot;inconnu&quot;,&quot;module_produit&quot;:&quot;editolink&quot;,&quot;position_marchand&quot;:0,&quot;texte&quot;:&quot;mac-mini-m4-256-go-a-585-e-au-lieu-de-699-e&quot;,&quot;offer_url&quot;:&quot;https:\/\/shop.numerama.com\/h4n9u9b6&quot;,&quot;zone&quot;:&quot;contenu-page&quot;}\">Mac Mini M4 (256 Go) \u00e0 585 \u20ac au lieu de 699 \u20ac<\/a><\/li>\n<li><a href=\"https:\/\/shop.numerama.com\/r7cyjsng\" data-type=\"link\" data-id=\"https:\/\/www.amazon.fr\/dp\/B0CP31VPZ1\" target=\"_blank\" rel=\"noreferrer noopener sponsored nofollow\" data-gtm=\"{&quot;event&quot;:&quot;afficlic&quot;,&quot;nom_marchand&quot;:&quot;amazon_fr&quot;,&quot;nom_produit&quot;:&quot;inconnu&quot;,&quot;categorie_produit&quot;:&quot;inconnu&quot;,&quot;module_produit&quot;:&quot;editolink&quot;,&quot;position_marchand&quot;:0,&quot;texte&quot;:&quot;liseuse-amazon-kindle-16-go-a-84-99-e-au-lieu-de-109-99-e&quot;,&quot;offer_url&quot;:&quot;https:\/\/shop.numerama.com\/r7cyjsng&quot;,&quot;zone&quot;:&quot;contenu-page&quot;}\">Liseuse Amazon Kindle (16 Go) \u00e0 84,99 \u20ac au lieu de 109,99 \u20ac<\/a><\/li>\n<li><a href=\"https:\/\/shop.numerama.com\/yoiyemy9\" target=\"_blank\" rel=\"noreferrer noopener sponsored nofollow\" data-gtm=\"{&quot;event&quot;:&quot;afficlic&quot;,&quot;nom_marchand&quot;:&quot;amazon_fr&quot;,&quot;nom_produit&quot;:&quot;inconnu&quot;,&quot;categorie_produit&quot;:&quot;inconnu&quot;,&quot;module_produit&quot;:&quot;editolink&quot;,&quot;position_marchand&quot;:0,&quot;texte&quot;:&quot;dreame-d10-plus-gen2-a-199-e-au-lieu-de-249-e&quot;,&quot;offer_url&quot;:&quot;https:\/\/shop.numerama.com\/yoiyemy9&quot;,&quot;zone&quot;:&quot;contenu-page&quot;}\">Dreame D10 Plus (Gen2) \u00e0 199 \u20ac au lieu de 249 \u20ac<\/a><\/li>\n<li><a href=\"https:\/\/shop.numerama.com\/v2c3tr5i\" target=\"_blank\" rel=\"noreferrer noopener sponsored nofollow\" data-gtm=\"{&quot;event&quot;:&quot;afficlic&quot;,&quot;nom_marchand&quot;:&quot;amazon_fr&quot;,&quot;nom_produit&quot;:&quot;inconnu&quot;,&quot;categorie_produit&quot;:&quot;inconnu&quot;,&quot;module_produit&quot;:&quot;editolink&quot;,&quot;position_marchand&quot;:0,&quot;texte&quot;:&quot;routeur-tp-link-deco-be-25-3-pack-wi-fi-7-mesh-a-249-e-au-lieu-de-349-e&quot;,&quot;offer_url&quot;:&quot;https:\/\/shop.numerama.com\/v2c3tr5i&quot;,&quot;zone&quot;:&quot;contenu-page&quot;}\">Routeur TP-Link Deco BE25(3-Pack) WiFi 7 Mesh \u00e0 249 \u20ac au lieu de 349 \u20ac<\/a><\/li>\n<li><a href=\"https:\/\/shop.numerama.com\/4t9yatr7\" target=\"_blank\" rel=\"noreferrer noopener sponsored nofollow\" data-gtm=\"{&quot;event&quot;:&quot;afficlic&quot;,&quot;nom_marchand&quot;:&quot;amazon_fr&quot;,&quot;nom_produit&quot;:&quot;inconnu&quot;,&quot;categorie_produit&quot;:&quot;inconnu&quot;,&quot;module_produit&quot;:&quot;editolink&quot;,&quot;position_marchand&quot;:0,&quot;texte&quot;:&quot;tablette-samsung-galaxy-tab-s10-a-849-e-au-lieu-de-1-149-e&quot;,&quot;offer_url&quot;:&quot;https:\/\/shop.numerama.com\/4t9yatr7&quot;,&quot;zone&quot;:&quot;contenu-page&quot;}\">Tablette Samsung Galaxy Tab S10+ \u00e0 849 \u20ac au lieu de 1 149 \u20ac<\/a><\/li>\n<\/ul>\n<p>Et puisqu\u2019on parle de vraies bonnes affaires, un petit rappel s\u2019impose : ces produits partent vite. Certaines offres peuvent \u00eatre en rupture au moment o\u00f9 vous consultez ce papier : c\u2019est la r\u00e8gle du jeu pendant les Prime Day.<\/p>\n<p>Sonos Ace<\/p>\n<p><a href=\"https:\/\/www.numerama.com\/wp-content\/uploads\/2025\/07\/amazonprimedayjuillet25-sonos-ace.jpg\" rel=\"nofollow noopener\" target=\"_blank\"><img decoding=\"async\" width=\"1024\" height=\"576\" loading=\"lazy\" alt=\"Le casque Sonos Ace \/\/ Source : Sonos\" title=\"Le casque Sonos Ace \/\/ Source : Sonos\" class=\"wp-image-2029611 placeholder-default wp-image\" src=\"https:\/\/www.europesays.com\/fr\/wp-content\/uploads\/2025\/07\/amazonprimedayjuillet25-sonos-ace-1024x576.jpg\" \/><\/a>Le casque Sonos Ace \/\/ Source : Sonos<\/p>\n<p>Le Sonos Ace est l\u2019un des meilleurs mod\u00e8les sur le march\u00e9 des casques audio. Avec son design r\u00e9ussi et son confort premium, il peut se porter longuement pour de longues sessions d\u2019\u00e9coute. En plus d\u2019offrir un excellent son pour vos oreilles, il embarque l\u2019audio spatial avec suivi dynamique de la t\u00eate, un ANC tr\u00e8s convaincant, et une int\u00e9gration pouss\u00e9e dans l\u2019\u00e9cosyst\u00e8me de la marque. <\/p>\n<p>Pour les ventes flash Prime Day, Amazon le propose <a href=\"https:\/\/shop.numerama.com\/kpzx09r5\" data-type=\"link\" data-id=\"https:\/\/www.amazon.fr\/Sonos-Ace-Bluetooth-dautonomie-mouvements\/dp\/B0D37R7X6Z\/?th=1\" target=\"_blank\" rel=\"noreferrer noopener sponsored nofollow\" data-gtm=\"{&quot;event&quot;:&quot;afficlic&quot;,&quot;nom_marchand&quot;:&quot;amazon_fr&quot;,&quot;nom_produit&quot;:&quot;inconnu&quot;,&quot;categorie_produit&quot;:&quot;inconnu&quot;,&quot;module_produit&quot;:&quot;editolink&quot;,&quot;position_marchand&quot;:0,&quot;texte&quot;:&quot;au-prix-de-349-e&quot;,&quot;offer_url&quot;:&quot;https:\/\/shop.numerama.com\/kpzx09r5&quot;,&quot;zone&quot;:&quot;contenu-page&quot;}\">au prix de 349 \u20ac<\/a> au lieu de 499 \u20ac \u00e0 son lancement. Le Sonos Ace offre jusqu\u2019\u00e0 30 h d\u2019autonomie avec la r\u00e9duction active du bruit activ\u00e9e. La charge rapide permet de profiter de 3 h d\u2019autonomie en seulement 3 minutes de charge.<\/p>\n<p>Google Pixel 9<\/p>\n<p><a href=\"https:\/\/www.numerama.com\/wp-content\/uploads\/2025\/07\/amazonprimedayjuillet25-google-pixel9.jpg\" rel=\"nofollow noopener\" target=\"_blank\"><img decoding=\"async\" width=\"1024\" height=\"576\" loading=\"lazy\" alt=\"Google Pixel 9 \/\/ Source : Google\" title=\"Google Pixel 9 \/\/ Source : Google\" class=\"wp-image-2029633 placeholder-default wp-image\" src=\"https:\/\/www.europesays.com\/fr\/wp-content\/uploads\/2025\/07\/amazonprimedayjuillet25-google-pixel9-1024x576.jpg\" \/><\/a>Google Pixel 9 \/\/ Source : Google<\/p>\n<p>Le<a href=\"https:\/\/www.numerama.com\/smartphones\/pixel-9\/\" rel=\"nofollow noopener\" target=\"_blank\"> Google Pixel 9<\/a> est un smartphone sorti en ao\u00fbt 2024, \u00e0 la tr\u00e8s bonne fiche technique. Le smartphone se trouve <a href=\"https:\/\/shop.numerama.com\/116a60n1\" data-type=\"link\" data-id=\"https:\/\/www.amazon.fr\/Google-Pixel-Smartphone-d%C3%A9bloqu%C3%A9-dautonomie\/dp\/B0D7V1BY5D?th=1\" target=\"_blank\" rel=\"noreferrer noopener sponsored nofollow\" data-gtm=\"{&quot;event&quot;:&quot;afficlic&quot;,&quot;nom_marchand&quot;:&quot;amazon_fr&quot;,&quot;nom_produit&quot;:&quot;inconnu&quot;,&quot;categorie_produit&quot;:&quot;inconnu&quot;,&quot;module_produit&quot;:&quot;editolink&quot;,&quot;position_marchand&quot;:0,&quot;texte&quot;:&quot;au-prix-de-599-e&quot;,&quot;offer_url&quot;:&quot;https:\/\/shop.numerama.com\/116a60n1&quot;,&quot;zone&quot;:&quot;contenu-page&quot;}\">au prix de 599 \u20ac <\/a> pendant les Prime Day sur Amazon, au lieu de 899 \u20ac \u00e0 sa sortie.<\/p>\n<p>Il est dot\u00e9 d\u2019un \u00e9cran OLED de 6,3 pouces \u00e0 la bonne luminosit\u00e9, et embarque le processeur Google Tensor G4 et 12 Go de RAM. Le smartphone d\u00e9livre de bonnes performances pour toutes les t\u00e2ches. Son volet photo n\u2019est pas en reste, avec un capteur principal de 50 MP et un ultra grand-angle de 48 MP, qui s\u2019accompagne de fonctionnalit\u00e9s <a href=\"https:\/\/www.numerama.com\/tech\/1203976-quest-ce-quune-intelligence-artificielle.html\" rel=\"nofollow noopener\" target=\"_blank\">IA<\/a> pouss\u00e9es.<\/p>\n<p>iPhone 16e<\/p>\n<p><a href=\"https:\/\/www.numerama.com\/wp-content\/uploads\/2025\/07\/offre-prime-day-amazon.jpg\" rel=\"nofollow noopener\" target=\"_blank\"><img decoding=\"async\" width=\"1024\" height=\"576\" loading=\"lazy\" alt=\"iPhone 16e\" title=\"iPhone 16e\" class=\"wp-image-2026871 placeholder-default wp-image\" src=\"https:\/\/www.europesays.com\/fr\/wp-content\/uploads\/2025\/07\/offre-prime-day-amazon-1024x576.jpg\" \/><\/a>iPhone 16e \/\/ Source : Numerama<\/p>\n<p>L\u2019iPhone 16e a marqu\u00e9 un tournant pour la gamme en 2025. Ce n\u2019est pas un SE d\u00e9guis\u00e9, ni un recyclage de composants, mais bien une version all\u00e9g\u00e9e et repens\u00e9e de l\u2019iPhone 16 classique. M\u00eame design, m\u00eame \u00e9cran OLED 6,1 pouces, \u00e9tanch\u00e9it\u00e9 IP68, et surtout : compatibilit\u00e9 avec Apple Intelligence. L\u2019essentiel y est \u2014 pour un prix qui, jusqu\u2019\u00e0 r\u00e9cemment, restait son principal d\u00e9faut. \u00c0 l\u2019occasion des ventes flash Prime Day, Amazon le propose \u00e0 <a href=\"https:\/\/shop.numerama.com\/oq33kyy1\" target=\"_blank\" rel=\"noreferrer noopener sponsored nofollow\">592 \u20ac au lieu de 719 \u20ac<\/a>, soit une baisse de 127 \u20ac qui change franchement la donne.<\/p>\n<p>Il y a bien quelques concessions : un seul capteur photo (qui reste largement \u00e0 la hauteur), pas de <a href=\"https:\/\/www.numerama.com\/tech\/1258386-a-quoi-sert-magsafe-la-recharge-magnetique-dapple.html\" data-popover-target=\"definition\" data-tag=\"Qu\u2019est ce que MagSafe et \u00e0 quoi \u00e7a sert\u00a0? La technologie recharge magn\u00e9tique d\u2019Apple expliqu\u00e9e\" data-chapo=\"La technologie MagSafe a \u00e9t\u00e9 lanc\u00e9e par Apple en 2006 avec le premier MacBook Pro. Depuis, elle a \u00e9t\u00e9 d\u00e9clin\u00e9e en plusieurs formats. On la trouve sur les iPhone et les Mac, mais aussi dans des accessoires.\" data-image=\"https:\/\/c0.lestechnophiles.com\/www.numerama.com\/wp-content\/uploads\/2020\/10\/iphone-12-3-1-1024x576.jpg?key=6c80fafa\" rel=\"nofollow noopener\" target=\"_blank\">MagSafe<\/a>, et des d\u00e9bits 5G un peu plus modestes que sur les autres mod\u00e8les. Mais en contrepartie, <a href=\"https:\/\/www.numerama.com\/tech\/1989287-quels-sont-les-meilleurs-smartphones-pour-lautonomie-5-modeles-avec-une-grande-batterie.html#iphone-16e\" rel=\"nofollow noopener\" target=\"_blank\">c\u2019est l\u2019iPhone avec la meilleure autonomie actuelle<\/a>, gr\u00e2ce au modem maison <a href=\"https:\/\/www.numerama.com\/tech\/1908979-pourquoi-la-puce-apple-c1-est-la-plus-grande-innovation-de-liphone-16e.html\" rel=\"nofollow noopener\" target=\"_blank\">Apple C1<\/a>.<\/p>\n<p>Casque VR Meta Quest 3S<\/p>\n<p><a href=\"https:\/\/www.numerama.com\/wp-content\/uploads\/2025\/07\/offre-prime-day-amazon-1.jpg\" rel=\"nofollow noopener\" target=\"_blank\"><img decoding=\"async\" width=\"1024\" height=\"576\" loading=\"lazy\" alt=\"Casque VR Meta Quest 3S\" title=\"Casque VR Meta Quest 3S\" class=\"wp-image-2026873 placeholder-default wp-image\" src=\"https:\/\/www.europesays.com\/fr\/wp-content\/uploads\/2025\/07\/offre-prime-day-amazon-1-1024x576.jpg\" \/><\/a>Casque VR Meta Quest 3S \/\/ Source : Numerama<\/p>\n<p>Le <a href=\"https:\/\/www.numerama.com\/casques-vr\/quest-3s\/\" data-type=\"link\" data-id=\"https:\/\/www.numerama.com\/casques-vr\/quest-3s\/\" rel=\"nofollow noopener\" target=\"_blank\">Meta Quest 3S<\/a> est probablement le <a href=\"https:\/\/www.numerama.com\/tech\/1833480-quels-sont-les-meilleurs-modeles-de-casques-vr-et-de-realite-mixte-en-2025.html\" rel=\"nofollow noopener\" target=\"_blank\">meilleur casque<\/a> pour d\u00e9couvrir <a href=\"https:\/\/www.numerama.com\/tech\/1189104-cest-quoi-la-realite-virtuelle.html\" data-popover-target=\"definition\" data-tag=\"C\u2019est quoi, la r\u00e9alit\u00e9 virtuelle (VR)\u00a0?\" data-chapo=\"La r\u00e9alit\u00e9 virtuelle est un environnement factice construit de toutes pi\u00e8ces, qui n\u00e9cessite g\u00e9n\u00e9ralement l&#039;emploi d&#039;un casque VR. Elle permet de participer \u00e0 une multitude d&#039;exp\u00e9riences, que ce soit pour jouer, se divertir ou se rencontrer.\" data-image=\"https:\/\/c0.lestechnophiles.com\/www.numerama.com\/wp-content\/uploads\/2023\/01\/enfants-realite-virtuelle-casques-1024x576.jpg?key=8830c655\" rel=\"nofollow noopener\" target=\"_blank\">la r\u00e9alit\u00e9 virtuelle<\/a> en 2025, sans casser la tirelire. Il reprend la base technique du Quest 3 \u2014 m\u00eame puce, m\u00eame capteurs pour le passthrough couleur \u2014 et accepte de faire quelques concessions, notamment sur l\u2019\u00e9cran, pour rendre la VR vraiment accessible. Il est encore moins cher pour les Prime Day d\u2019Amazon. \u00c0 <a href=\"https:\/\/shop.numerama.com\/mdy74maq\" target=\"_blank\" rel=\"noreferrer noopener sponsored nofollow\">279,99 \u20ac au lieu de 329,99 \u20ac<\/a> c\u2019est l\u2019un des rares (si ce n\u2019est le seul) casques \u00e0 offrir une exp\u00e9rience fluide et compl\u00e8te \u00e0 ce tarif. <\/p>\n<p>Il est autonome (pas besoin de le brancher \u00e0 un PC), compatible avec tout l\u2019\u00e9cosyst\u00e8me Meta (Horizon OS, Quest+, Steam Link\u2026), et g\u00e8re plut\u00f4t bien la r\u00e9alit\u00e9 mixte avec ses deux cam\u00e9ras frontales. Certes, la d\u00e9finition n\u2019est pas incroyable et les lentilles Fresnel montrent vite leurs limites, mais pour du jeu \u00e7a fonctionne tr\u00e8s bien. L\u2019autonomie tourne autour de 2h30, et l\u2019alimentation des manettes reste \u00e0 l\u2019ancienne (piles AA), mais rien de r\u00e9dhibitoire.<\/p>\n<p>CMF Phone 2 Pro (128 Go)<\/p>\n<p><a href=\"https:\/\/www.numerama.com\/wp-content\/uploads\/2025\/07\/offre-prime-day-amazon-2.jpg\" rel=\"nofollow noopener\" target=\"_blank\"><img decoding=\"async\" width=\"1024\" height=\"576\" loading=\"lazy\" alt=\"CMF Phone 2 Pro (128 Go)\" title=\"CMF Phone 2 Pro (128 Go)\" class=\"wp-image-2026875 placeholder-default wp-image\" src=\"https:\/\/www.europesays.com\/fr\/wp-content\/uploads\/2025\/07\/offre-prime-day-amazon-2-1024x576.jpg\" \/><\/a>CMF Phone 2 Pro (128 Go) \/\/ Source : Numerama<\/p>\n<p>C\u2019est probablement <a href=\"https:\/\/www.numerama.com\/tech\/1209008-un-bon-smartphone-pas-cher-cest-possible-notre-selection-a-moins-de-300-euros.html\" rel=\"nofollow noopener\" target=\"_blank\">le meilleur smartphone \u00e0 moins de 300 \u20ac en 2025<\/a>, et son rapport qualit\u00e9-prix est encore plus int\u00e9ressant \u00e0 l\u2019occasion des ventes flash Prime Day : <a href=\"https:\/\/shop.numerama.com\/x80wmumj\" target=\"_blank\" rel=\"noreferrer noopener sponsored nofollow\">219 \u20ac au lieu de 259 \u20ac<\/a> sur Amazon, pour un mod\u00e8le qui tient t\u00eate \u00e0 des appareils bien plus chers.<\/p>\n<p>Avec son design bien fini, son grand \u00e9cran AMOLED 120 Hz ultra lumineux, ses performances dignes d\u2019un milieu de gamme \u00e0 400 \u20ac, et un bloc photo polyvalent (dont un zoom optique x2 rare \u00e0 ce prix), le <a href=\"https:\/\/www.numerama.com\/smartphones\/cmf-phone-2-pro\/\" rel=\"nofollow noopener\" target=\"_blank\">CMF Phone 2 Pro<\/a> coche presque toutes les cases. Le tout est anim\u00e9 par Nothing OS 3.2 bas\u00e9 sur Android 15, sans pub ni surcouche inutile, et avec six ans de mises \u00e0 jour de s\u00e9curit\u00e9. Rien que \u00e7a.<\/p>\n<p>Logitech MX Keys Mini<\/p>\n<p><a href=\"https:\/\/www.numerama.com\/wp-content\/uploads\/2025\/07\/offre-prime-day-amazon-3.jpg\" rel=\"nofollow noopener\" target=\"_blank\"><img decoding=\"async\" width=\"1024\" height=\"576\" loading=\"lazy\" alt=\"Logitech MX Keys Mini\" title=\"Logitech MX Keys Mini\" class=\"wp-image-2026877 placeholder-default wp-image\" src=\"https:\/\/www.europesays.com\/fr\/wp-content\/uploads\/2025\/07\/offre-prime-day-amazon-3-1024x576.jpg\" \/><\/a>Logitech MX Keys Mini \/\/ Source : Numerama<\/p>\n<p>            <img decoding=\"async\" width=\"1024\" height=\"396\" loading=\"lazy\" alt=\"BIT BOX 3\" title=\"BIT BOX 3\" class=\"is-block placeholder-default wp-image\" src=\"https:\/\/www.europesays.com\/fr\/wp-content\/uploads\/2025\/07\/bit-box-3-1024x396.jpg\" \/>        <\/p>\n<p>\n                Vos donn\u00e9es m\u00e9ritent d\u2019\u00eatre mieux prot\u00e9g\u00e9es.            <\/p>\n<p>\n                Les escroqueries, les virus et les ransomwares ne sont plus une fatalit\u00e9. Prot\u00e9gez votre vie priv\u00e9e et vos donn\u00e9es personnelles avec Bitdefender et profitez de votre vie num\u00e9rique en toute s\u00e9r\u00e9nit\u00e9.            <\/p>\n<p>Minimaliste et compact, mais bien efficace : le MX Keys Mini reste, trois ans apr\u00e8s sa sortie, la r\u00e9f\u00e9rence des claviers gomme haut de gamme. Et pour les Prime Day, il passe \u00e0 <a href=\"https:\/\/shop.numerama.com\/heoeglf4\" target=\"_blank\" rel=\"noreferrer noopener sponsored nofollow\">67,49 \u20ac au lieu de 74,90 \u20ac<\/a> sur Amazon. Une baisse modeste, mais toujours bienvenue sur un produit rarement en promo. <\/p>\n<p>La sensation de frappe est impeccable et je parle en connaissance de cause : c\u2019est avec ce clavier que j\u2019ai r\u00e9dig\u00e9 cette s\u00e9lection. Les touches concaves permettent une frappe pr\u00e9cise et sans surtout silencieuse. Le tout est bien espac\u00e9 pour \u00e9viter les fautes de frappes. Le r\u00e9tro-\u00e9clairage activ\u00e9 par d\u00e9tection de pr\u00e9sence fait vraiment la diff\u00e9rence, surtout si vous l\u2019utilisez dans un espace peu \u00e9clair\u00e9.<\/p>\n<p>PC portable Dell Inspiron 14 (5441)<\/p>\n<p><a href=\"https:\/\/www.numerama.com\/wp-content\/uploads\/2025\/07\/offre-prime-day-amazon-4.jpg\" rel=\"nofollow noopener\" target=\"_blank\"><img decoding=\"async\" width=\"1024\" height=\"576\" loading=\"lazy\" alt=\"PC portable Dell Inspiron 14 (5441)\" title=\"PC portable Dell Inspiron 14 (5441)\" class=\"wp-image-2026879 placeholder-default wp-image\" src=\"https:\/\/www.europesays.com\/fr\/wp-content\/uploads\/2025\/07\/offre-prime-day-amazon-4-1024x576.jpg\" \/><\/a>PC portable Dell Inspiron 14 (5441) \/\/ Source : Numerama<\/p>\n<p>C\u2019est l\u2019un des premiers <a href=\"https:\/\/www.numerama.com\/tech\/709324-les-meilleurs-ordinateurs-portables-en-2024.html\" rel=\"nofollow noopener\" target=\"_blank\">PC portables<\/a> Dell \u00e0 tourner sur une puce ARM sign\u00e9e Qualcomm, et clairement une bonne surprise c\u00f4t\u00e9 autonomie. L\u2019Inspiron 14 (5441) embarque la puce Snapdragon X Plus calibr\u00e9e pour les fonctions IA de Windows Copilot+. Actuellement propos\u00e9 \u00e0 <a href=\"https:\/\/shop.numerama.com\/9f8ttp7v\" target=\"_blank\" rel=\"noreferrer noopener sponsored nofollow\">649 \u20ac au lieu de 809 \u20ac<\/a> sur Amazon pendant les Prime Day, il est id\u00e9al pour la bureautique, le t\u00e9l\u00e9travail ou les usages simples.<\/p>\n<p>On retrouve 16 Go de RAM, un SSD de 512 Go, un design sobre mais compact, et une connectique moderne (Wi-Fi 7, USB-C 4.0, lecteur microSD). Pas de HDMI cependant, il faut un adaptateur USB-C pour brancher un \u00e9cran externe.<\/p>\n<p>Batterie Externe Anker 24000 mAh<\/p>\n<p><a href=\"https:\/\/www.numerama.com\/wp-content\/uploads\/2025\/07\/offre-prime-day-amazon-5.jpg\" rel=\"nofollow noopener\" target=\"_blank\"><img decoding=\"async\" width=\"1024\" height=\"576\" loading=\"lazy\" alt=\"Batterie Externe Anker 24000 mAh\" title=\"Batterie Externe Anker 24000 mAh\" class=\"wp-image-2026881 placeholder-default wp-image\" src=\"https:\/\/www.europesays.com\/fr\/wp-content\/uploads\/2025\/07\/offre-prime-day-amazon-5-1024x576.jpg\" \/><\/a>Batterie Externe Anker 24000 mAh \/\/ Source : Numerama<\/p>\n<p>Avec ses 24 000 mAh et une sortie \u00e0 65W, la batterie externe Anker 537 est taill\u00e9e pour recharger un laptop, une tablette et un smartphone. Elle est \u00e0 <a href=\"https:\/\/shop.numerama.com\/sxg2wro6\" target=\"_blank\" rel=\"noreferrer noopener sponsored nofollow\" data-gtm=\"{&quot;event&quot;:&quot;afficlic&quot;,&quot;nom_marchand&quot;:&quot;amazon_fr&quot;,&quot;nom_produit&quot;:&quot;inconnu&quot;,&quot;categorie_produit&quot;:&quot;inconnu&quot;,&quot;module_produit&quot;:&quot;editolink&quot;,&quot;position_marchand&quot;:0,&quot;texte&quot;:&quot;49-99-e-au-lieu-de-69-99-e&quot;,&quot;offer_url&quot;:&quot;https:\/\/shop.numerama.com\/sxg2wro6&quot;,&quot;zone&quot;:&quot;contenu-page&quot;}\">49,99 \u20ac au lieu de 69,99 \u20ac<\/a> pendant les ventes flash Prime Day.<\/p>\n<p>    Pour aller plus loin<\/p>\n<p>                <img decoding=\"async\" width=\"87\" height=\"87\" loading=\"lazy\" alt=\"Batterie externe Anker \/\/ Source : Anker\" title=\"Batterie externe Anker \/\/ Source : Anker\" class=\"placeholder-default wp-image\" src=\"https:\/\/www.europesays.com\/fr\/wp-content\/uploads\/2025\/07\/nouveau-projet-17-120x120.jpg\" \/>            <\/p>\n<p>Ce n\u2019est pas la plus l\u00e9g\u00e8re, ni la plus r\u00e9cente mais elle reste aux standards actuels dans la mesure o\u00f9 elle d\u00e9livre jusqu\u2019\u00e0 45W. Elle peut alimenter un MacBook, un iPhone, un smartphone Android ou un PC portable compatible USB-C, et se recharge elle-m\u00eame en 3h30 (avec un chargeur 30W). Les deux ports USB-C (dont un \u00e0 45W) permettent une charge rapide de la plupart des appareils, mais attention : pas de 65W, la puissance est r\u00e9partie sur plusieurs appareils sont branch\u00e9s.<\/p>\n<p>\u00c9couteurs Bose Ultra Open Earbuds<\/p>\n<p><a href=\"https:\/\/www.numerama.com\/wp-content\/uploads\/2025\/07\/offre-prime-day-amazon-6.jpg\" rel=\"nofollow noopener\" target=\"_blank\"><img decoding=\"async\" width=\"1024\" height=\"576\" loading=\"lazy\" alt=\"\u00c9couteurs Bose Ultra Open Earbuds\" title=\"\u00c9couteurs Bose Ultra Open Earbuds\" class=\"wp-image-2026883 placeholder-default wp-image\" src=\"https:\/\/www.europesays.com\/fr\/wp-content\/uploads\/2025\/07\/offre-prime-day-amazon-6-1024x576.jpg\" \/><\/a>\u00c9couteurs Bose Ultra Open Earbuds \/\/ Source : Numerama<\/p>\n<p>Avec cette <a href=\"https:\/\/www.numerama.com\/tech\/364736-guide-dachat-les-meilleurs-ecouteurs-vraiment-sans-fil.html\" rel=\"nofollow noopener\" target=\"_blank\">paire d\u2019\u00e9couteurs<\/a>, Bose s\u2019est aventur\u00e9 l\u00e0 o\u00f9 personne n\u2019attendait vraiment la marque : des \u00e9couteurs sans embouts, qui ne rentrent pas dans les oreilles, sans r\u00e9duction de bruit et sans isolation passive. Les Ultra Open Earbuds misent tout sur le confort. C\u2019est un produit de niche difficile \u00e0 recommander en temps normal, mais \u00e0 <a href=\"https:\/\/shop.numerama.com\/n395nf2l\" target=\"_blank\" rel=\"noreferrer noopener sponsored nofollow\">249,95 \u20ac au lieu de 349,95 \u20ac<\/a> sur Amazon pendant le Prime Day, ils deviennent nettement plus honn\u00eates. <\/p>\n<p>Mais alors comment \u00e7a fonctionne exactement ? Les \u00e9couteurs s\u2019accrochent au pavillon de l\u2019oreille, sans entrer dans le canal auditif. R\u00e9sultat, z\u00e9ro g\u00eane \u00e0 long terme, m\u00eame en portant des lunettes ou un casque. Ce format atypique a forc\u00e9ment des limites. Le son manque de basses (un comble pour Bose qui est normalement une r\u00e9f\u00e9rence en la mati\u00e8re) et l\u2019isolation est inexistante. C\u2019est avant tout un tr\u00e8s bon choix pour les sportifs qui souhaitent rester alertes sur leur environnement.<\/p>\n<p>PC portable ASUS Vivobook 14<\/p>\n<p><a href=\"https:\/\/www.numerama.com\/wp-content\/uploads\/2025\/07\/offre-prime-day-amazon-7.jpg\" rel=\"nofollow noopener\" target=\"_blank\"><img decoding=\"async\" width=\"1024\" height=\"576\" loading=\"lazy\" alt=\"PC portable ASUS Vivobook 14\" title=\"PC portable ASUS Vivobook 14\" class=\"wp-image-2026885 placeholder-default wp-image\" src=\"https:\/\/www.europesays.com\/fr\/wp-content\/uploads\/2025\/07\/offre-prime-day-amazon-7-1024x576.jpg\" \/><\/a>PC portable ASUS Vivobook 14 \/\/ Source : Numerama<\/p>\n<p>C\u2019est typiquement le genre de PC \u00e0 viser pendant les ventes flash Prime Day : un ultraportable fiable, bien construit, et parfaitement adapt\u00e9 \u00e0 la bureautique ou aux \u00e9tudes. Ce mod\u00e8le Vivobook 14 embarque un Intel Core i3-N305 (8 c\u0153urs, 3,8 GHz), 8 Go de RAM DDR4 et 256 Go de stockage \u2014 de quoi assurer au quotidien.<\/p>\n<p>Ce genre de config a ses limites : pas fait pour le gaming ou les usages cr\u00e9atifs lourds. L\u2019\u00e9cran 14 pouces Full HD fait le boulot, le ch\u00e2ssis reste fin et l\u00e9ger (1,4 kg), et la connectique est plut\u00f4t compl\u00e8te avec USB-C, HDMI, Wi-Fi 5 et Windows 11 est pr\u00e9install\u00e9. En bref, <a href=\"https:\/\/shop.numerama.com\/j00o8mif\" target=\"_blank\" rel=\"noreferrer noopener sponsored nofollow\" data-gtm=\"{&quot;event&quot;:&quot;afficlic&quot;,&quot;nom_marchand&quot;:&quot;amazon_fr&quot;,&quot;nom_produit&quot;:&quot;inconnu&quot;,&quot;categorie_produit&quot;:&quot;inconnu&quot;,&quot;module_produit&quot;:&quot;editolink&quot;,&quot;position_marchand&quot;:0,&quot;texte&quot;:&quot;pc-portable-asus-vivobook-14-a-349-99-e-au-lieu-de-449-99-e&quot;,&quot;offer_url&quot;:&quot;https:\/\/shop.numerama.com\/j00o8mif&quot;,&quot;zone&quot;:&quot;contenu-page&quot;}\">349,99 \u20ac<\/a> pr\u00eat \u00e0 l\u2019emploi, parfait pour le t\u00e9l\u00e9travail ou pour les \u00e9tudes.<\/p>\n<p>Serrure connect\u00e9e Aqara U200<\/p>\n<p><a href=\"https:\/\/www.numerama.com\/wp-content\/uploads\/2025\/07\/offre-prime-day-amazon-8.jpg\" rel=\"nofollow noopener\" target=\"_blank\"><img decoding=\"async\" width=\"1024\" height=\"576\" loading=\"lazy\" alt=\"Serrure connect\u00e9e Aqara U200\" title=\"Serrure connect\u00e9e Aqara U200\" class=\"wp-image-2026887 placeholder-default wp-image\" src=\"https:\/\/www.europesays.com\/fr\/wp-content\/uploads\/2025\/07\/offre-prime-day-amazon-8-1024x576.jpg\" \/><\/a>Serrure connect\u00e9e Aqara U200 \/\/ Source : Numerama<\/p>\n<p>La serrure <a href=\"https:\/\/www.numerama.com\/tech\/1790964-on-a-teste-la-premiere-serrure-connectee-qui-remplace-votre-cle-par-un-iphone-aqara-u200.html\" rel=\"nofollow noopener\" target=\"_blank\">Aqara U200 transforme litt\u00e9ralement une porte classique en objet intelligent<\/a> : empreinte digitale, clavier avec code, Apple Home Key, contr\u00f4le \u00e0 distance\u2026 tout y est, et tout est dans la bo\u00eete, sans accessoires \u00e0 acheter en plus. Pour les ventes flash Prime Day, elle tombe \u00e0 <a href=\"https:\/\/shop.numerama.com\/pdjbcbg1\" target=\"_blank\" rel=\"noreferrer noopener sponsored nofollow\">169,99 \u20ac au lieu de 269,99 \u20ac<\/a> sur Amazon, ce qui la rend franchement int\u00e9ressante. Elle s\u2019installe directement sur la porte, sans changer le cylindre : un moteur vient tourner ta cl\u00e9 depuis l\u2019int\u00e9rieur.<\/p>\n<p>Apple Watch Ultra 2<\/p>\n<p><a href=\"https:\/\/www.numerama.com\/wp-content\/uploads\/2025\/07\/offre-prime-day-amazon-9.jpg\" rel=\"nofollow noopener\" target=\"_blank\"><img decoding=\"async\" width=\"1024\" height=\"576\" loading=\"lazy\" alt=\"Apple Watch Ultra 2\" title=\"Apple Watch Ultra 2\" class=\"wp-image-2026889 placeholder-default wp-image\" src=\"https:\/\/www.europesays.com\/fr\/wp-content\/uploads\/2025\/07\/offre-prime-day-amazon-9-1024x576.jpg\" \/><\/a>Apple Watch Ultra 2 \/\/ Source : Numerama<\/p>\n<p>C\u2019est toujours la montre connect\u00e9e la plus compl\u00e8te du march\u00e9. L\u2019Apple <a href=\"https:\/\/www.numerama.com\/montres-connectes\/watch-ultra-2\/\" rel=\"nofollow noopener\" target=\"_blank\">Watch Ultra 2<\/a> est imprenable avec son autonomie de 2 \u00e0 3 jours, son design en titane taill\u00e9 au millim\u00e8tre, son \u00e9cran surpuissant de 3 000 nits et ses innombrables fonctions sport et sant\u00e9. Elle est affich\u00e9e \u00e0 <a href=\"https:\/\/shop.numerama.com\/86afqepb\" target=\"_blank\" rel=\"noreferrer noopener sponsored nofollow\">739 \u20ac au lieu de 899 \u20ac<\/a>.<\/p>\n<p>On sait qu\u2019une nouvelle g\u00e9n\u00e9ration pourrait pointer le bout de son nez en septembre, mais sauf besoin ultra sp\u00e9cifique (une compatibilit\u00e9 5G par exemple), l\u2019Ultra 2 \u00e0 ce prix reste <a href=\"https:\/\/www.numerama.com\/tech\/1820158-quelle-apple-watch-choisir-notre-comparatif-des-montres-connectees-dapple.html#apple-watch-ultra-2\" data-type=\"link\" data-id=\"https:\/\/www.numerama.com\/tech\/1820158-quelle-apple-watch-choisir-notre-comparatif-des-montres-connectees-dapple.html#apple-watch-ultra-2\" rel=\"nofollow noopener\" target=\"_blank\">un excellent choix en 2025<\/a>.<\/p>\n<p>Mac Mini M4 (256 Go)<\/p>\n<p><a href=\"https:\/\/www.numerama.com\/wp-content\/uploads\/2025\/07\/offre-prime-day-amazon-10.jpg\" rel=\"nofollow noopener\" target=\"_blank\"><img decoding=\"async\" width=\"1024\" height=\"576\" loading=\"lazy\" alt=\"Mac Mini M4 (256 Go)\" title=\"Mac Mini M4 (256 Go)\" class=\"wp-image-2026893 placeholder-default wp-image\" src=\"https:\/\/www.europesays.com\/fr\/wp-content\/uploads\/2025\/07\/offre-prime-day-amazon-10-1024x576.jpg\" \/><\/a>Mac Mini M4 (256 Go) \/\/ Source : Numerama<\/p>\n<p>Le <a href=\"https:\/\/www.numerama.com\/ordinateurs-de-bureau\/mac-mini-m4\/\" rel=\"nofollow noopener\" target=\"_blank\">Mac Mini<\/a> est sans doute le <a href=\"https:\/\/www.numerama.com\/tech\/1838866-test-du-mac-mini-m4-le-mac-baby-est-definitivement-le-meilleur-rapport-puissance-prix-dapple.html\" rel=\"nofollow noopener\" target=\"_blank\">meilleur compromis puissance\/prix<\/a> de toute la gamme Apple, et cette version M4 ne fait que confirmer ce statut. Avec son tout nouveau design tr\u00e8s compact \u2014 le plus petit jamais vu sur un Mac de bureau \u2014 il devient presque nomade : on peut l\u2019utiliser au bureau, le glisser dans un sac, et le brancher \u00e0 n\u2019importe quel \u00e9cran en deux c\u00e2bles.<\/p>\n<p>Vous avez l\u00e0 un mini-Mac aussi rapide qu\u2019un iMac, mais bien plus flexible et \u00e0 un tarif incomparable. Et c\u2019est encore plus vrai en ce moment : <a href=\"https:\/\/shop.numerama.com\/h4n9u9b6\" target=\"_blank\" rel=\"noreferrer noopener sponsored nofollow\">585 \u20ac au lieu de 699 \u20ac<\/a> sur Amazon pendant les ventes flash Prime Day. On regrette l\u2019absence de port SD, un bouton on\/off un peu mal plac\u00e9, et le fait de devoir acheter clavier et souris \u00e0 part\u2026 mais rien de bloquant.<\/p>\n<p>Liseuse Amazon Kindle (16 Go)<\/p>\n<p><a href=\"https:\/\/www.numerama.com\/wp-content\/uploads\/2025\/07\/offre-prime-day-amazon-11.jpg\" rel=\"nofollow noopener\" target=\"_blank\"><img decoding=\"async\" width=\"1024\" height=\"576\" loading=\"lazy\" alt=\"Liseuse Amazon Kindle (16 Go)\" title=\"Liseuse Amazon Kindle (16 Go)\" class=\"wp-image-2026895 placeholder-default wp-image\" src=\"https:\/\/www.europesays.com\/fr\/wp-content\/uploads\/2025\/07\/offre-prime-day-amazon-11-1024x576.jpg\" \/><\/a>Liseuse Amazon Kindle (16 Go) \/\/ Source : Numerama<\/p>\n<p>L\u2019\u00e9t\u00e9 est souvent le meilleur moment pour se remettre \u00e0 lire\u2026 ou enfin craquer pour <a href=\"https:\/\/www.numerama.com\/tech\/1945231-les-meilleures-liseuses-electroniques.html\" rel=\"nofollow noopener\" target=\"_blank\">une vraie liseuse<\/a> pour \u00e9viter de transporter tous ses livres en vacances. Propos\u00e9e \u00e0 <a href=\"https:\/\/shop.numerama.com\/r7cyjsng\" target=\"_blank\" rel=\"noreferrer noopener sponsored nofollow\">84,99 \u20ac au lieu de 109,99 \u20ac<\/a> pendant les ventes flash du Prime Day, cette version 16 Go avec publicit\u00e9s devient un excellent bon plan pour les lecteurs qui n\u2019ont pas besoin de fonctions avanc\u00e9es comme la prise de notes ou les couleurs.<\/p>\n<p>L\u2019\u00e9clairage r\u00e9glable, la r\u00e9sistance \u00e0 l\u2019eau (IPX8), le nouvel \u00e9cran E Ink Carta et les performances de cette g\u00e9n\u00e9ration font vraiment la diff\u00e9rence \u00e0 l\u2019usage. Certes, l\u2019\u00e9cosyst\u00e8me reste ferm\u00e9 (exit les ePub classiques), et les pubs en veille peuvent g\u00eaner certains. Mais pour le prix, on a un appareil tr\u00e8s pratique qui est pr\u00eat \u00e0 accueillir des milliers de livres.<\/p>\n<p>Dreame D10 Plus (Gen2)<\/p>\n<p><a href=\"https:\/\/www.numerama.com\/wp-content\/uploads\/2025\/07\/offre-prime-day-amazon-12.jpg\" rel=\"nofollow noopener\" target=\"_blank\"><img decoding=\"async\" width=\"1024\" height=\"576\" loading=\"lazy\" alt=\"Dreame D10 Plus (Gen2)\" title=\"Dreame D10 Plus (Gen2)\" class=\"wp-image-2026897 placeholder-default wp-image\" src=\"https:\/\/www.europesays.com\/fr\/wp-content\/uploads\/2025\/07\/offre-prime-day-amazon-12-1024x576.jpg\" \/><\/a>Dreame D10 Plus (Gen2) \/\/ Source : Numerama<\/p>\n<p>Dreame propose un robot aspirateur-laveur avec station \u00e0 <a href=\"https:\/\/shop.numerama.com\/yoiyemy9\" target=\"_blank\" rel=\"noreferrer noopener sponsored nofollow\">199 \u20ac au lieu de 249 \u20ac<\/a> sur Amazon pour les ventes flash du Prime Day. Et il faut bien le dire : \u00e0 ce prix, le <a href=\"https:\/\/www.numerama.com\/aspirateurs-robot\/d10-plus-gen-2\/\" rel=\"nofollow noopener\" target=\"_blank\">D10 Plus (Gen 2)<\/a> est difficile \u00e0 battre au m\u00eame titre que le premier mod\u00e8le. On en vient m\u00eame \u00e0 se demander pourquoi d\u00e9penser quatre fois plus dans un mod\u00e8le haut de gamme, tant le r\u00e9sultat final est, dans bien des cas, presque identique.<\/p>\n<p>Cette nouvelle g\u00e9n\u00e9ration gagne en puissance (6 500 Pa), tout en conservant un design compact et une station de vidage discr\u00e8te. Le lavage reste basique et s\u2019apparente plus \u00e0 un coup de frais, mais l\u2019essentiel est l\u00e0 pour entretenir au quotidien sans lever le petit doigt. L\u2019application (Dreame Home ou Xiaomi Home) permet de tout contr\u00f4ler : plan de la maison, programmation, r\u00e9glage pi\u00e8ce par pi\u00e8ce\u2026 avec une interface simple \u00e0 prendre en main. L\u2019autonomie atteint 3 heures et la station permet de tenir jusqu\u2019\u00e0 90 jours sans toucher au bac \u00e0 poussi\u00e8re.<\/p>\n<p>Routeur TP-Link Deco BE25(3-Pack) WiFi 7 Mesh<\/p>\n<p><a href=\"https:\/\/www.numerama.com\/wp-content\/uploads\/2025\/07\/offre-prime-day-amazon-13.jpg\" rel=\"nofollow noopener\" target=\"_blank\"><img decoding=\"async\" width=\"1024\" height=\"576\" loading=\"lazy\" alt=\"Routeur TP-Link Deco BE25(3-Pack) WiFi 7 Mesh\" title=\"Routeur TP-Link Deco BE25(3-Pack) WiFi 7 Mesh\" class=\"wp-image-2026899 placeholder-default wp-image\" src=\"https:\/\/www.europesays.com\/fr\/wp-content\/uploads\/2025\/07\/offre-prime-day-amazon-13-1024x576.jpg\" \/><\/a>Routeur TP-Link Deco BE25(3-Pack) WiFi 7 Mesh \/\/ Source : Numerama<\/p>\n<p>Si vous avez <a href=\"https:\/\/www.numerama.com\/tech\/275660-adsl-fibre-vdsl-comment-bien-choisir-son-fai-et-son-abonnement-internet-fixe.html\" rel=\"nofollow noopener\" target=\"_blank\">une box Wi-Fi 7 flambant neuve<\/a> mais que votre r\u00e9seau domestique plafonne toujours dans les coins de la maison, voil\u00e0 une solution simple : le TP-Link Deco BE25. Pendant les ventes flash Prime Day, le pack de 3 passe \u00e0 <a href=\"https:\/\/shop.numerama.com\/v2c3tr5i\" target=\"_blank\" rel=\"noreferrer noopener sponsored nofollow\">249 \u20ac au lieu de 349 \u20ac sur Amazon<\/a>, de quoi couvrir toute la maison.<\/p>\n<p>    Pour aller plus loin<\/p>\n<p>                <img decoding=\"async\" width=\"87\" height=\"87\" loading=\"lazy\" alt=\"Routeur Wi-Fi Orbi \/\/ Source : Netgear\" title=\"Routeur Wi-Fi Orbi \/\/ Source : Netgear\" class=\"placeholder-default wp-image\" src=\"https:\/\/www.europesays.com\/fr\/wp-content\/uploads\/2025\/07\/routeur-wi-fi-orbi-200x200.jpg\" \/>            <\/p>\n<p>On est sur un mod\u00e8le bi-bande seulement (pas de 6 GHz ici), mais en face, les solutions Wi-Fi 7 tri-bande d\u00e9passent facilement les 800 \u20ac. Malgr\u00e9 cela on reste sur des d\u00e9bits solides, des ports Ethernet 2,5 GbE sur chaque borne et un format assez discret. Tout s\u2019installe rapidement via l\u2019app Deco.<\/p>\n<p>Tablette Samsung Galaxy Tab S10+<\/p>\n<p><a href=\"https:\/\/www.numerama.com\/wp-content\/uploads\/2025\/07\/offre-prime-day-amazon-14.jpg\" rel=\"nofollow noopener\" target=\"_blank\"><img decoding=\"async\" width=\"1024\" height=\"576\" loading=\"lazy\" alt=\"Tablette Samsung Galaxy Tab S10+\" title=\"Tablette Samsung Galaxy Tab S10+\" class=\"wp-image-2026901 placeholder-default wp-image\" src=\"https:\/\/www.europesays.com\/fr\/wp-content\/uploads\/2025\/07\/offre-prime-day-amazon-14-1024x576.jpg\" \/><\/a>Tablette Samsung Galaxy Tab S10+ \/\/ Source : Numerama<\/p>\n<p><a href=\"https:\/\/shop.numerama.com\/4t9yatr7\" target=\"_blank\" rel=\"noreferrer noopener sponsored nofollow\">849 \u20ac au lieu de 1 149 \u20ac<\/a> sur Amazon pour les Prime Day : c\u2019est l\u2019un des meilleurs prix vus sur la Galaxy Tab S10+, sortie il y a moins d\u2019un an. <\/p>\n<p>Avec son grand \u00e9cran AMOLED 120 Hz et son nouveau processeur Dimensity 9300+ la Galaxy Tab S10+ vient directement concurrencer l\u2019iPad Pro. La nouveaut\u00e9, c\u2019est l\u2019arriv\u00e9e de Galaxy AI sur la tablette : aide \u00e0 la prise de notes, g\u00e9n\u00e9ration d\u2019images, traduction de PDF, reconnaissance d\u2019\u00e9quations, ou encore le tr\u00e8s pratique Circle to Search. Le tout focntionne sous <a href=\"https:\/\/www.numerama.com\/tag\/samsung-one-ui-7\/\" rel=\"nofollow noopener\" target=\"_blank\">One UI 7<\/a>.<\/p>\n<p>Ventes flash des prime day : tout ce qu\u2019il faut savoir ?<\/p>\n<p><strong>Quelles sont les dates des Amazon Prime Day 2025 ?<\/strong><\/p>\n<p>Les Prime Day se tiennent du <strong>lundi 8 au jeudi 11 juillet 2025<\/strong>, soit 4 jours de ventes flash r\u00e9serv\u00e9es aux abonn\u00e9s Amazon Prime.<\/p>\n<p><strong>Faut-il \u00eatre abonn\u00e9 Amazon Prime pour en profiter ?<\/strong><\/p>\n<p>Oui, c\u2019est obligatoire. Mais <strong>vous pouvez activer un essai gratuit de 30 jours<\/strong> (sans engagement) pour acc\u00e9der aux offres, m\u00eame si vous n\u2019\u00eates pas encore membre.<\/p>\n<p><strong>Peut-on cumuler les offres Prime Day avec des bons de r\u00e9duction ?<\/strong><\/p>\n<p>Oui, dans certains cas. Amazon propose parfois des bons d\u2019achat imm\u00e9diats ou des r\u00e9ductions suppl\u00e9mentaires sur certaines cat\u00e9gories. Il faut penser \u00e0 les activer avant de finaliser l\u2019achat, g\u00e9n\u00e9ralement en cochant un bouton sur la page produit.<\/p>\n<p>Combien de temps pour retourner un produit pendant les Prime day d\u2019Amazon ?<\/p>\n<p>En g\u00e9n\u00e9ral, la plupart des produits vendus et exp\u00e9di\u00e9s par Amazon peuvent \u00eatre retourn\u00e9s dans un d\u00e9lai de 30 jours \u00e0 partir de la r\u00e9ception.<\/p>\n<p>Les offres sont-elles renouvel\u00e9es chaque jour ?<\/p>\n<p>Oui. Amazon actualise ses ventes flash plusieurs fois par jour. Certaines promos ne durent que quelques heures, d\u2019autres restent pendant toute la dur\u00e9e de l\u2019\u00e9v\u00e9nement, il faut donc rester \u00e0 l\u2019aff\u00fbt. Vous pouvez tr\u00e8s bien mettre quelques produits \u00e0 <a href=\"https:\/\/www.amazon.fr\/hz\/wishlist\/intro\" target=\"_blank\" rel=\"nofollow noopener\">votre liste d\u2019envie<\/a> pour consulter r\u00e9guli\u00e8rement l\u2019\u00e9volution du prix durant les Prime Day.<\/p>\n<p>            <img decoding=\"async\" src=\"https:\/\/www.numerama.com\/wp-content\/themes\/numerama-next\/assets\/images\/premium\/iPhone-16-pro.png\" alt=\"Toute l'actu tech en un clien d'oeil\"\/><\/p>\n<p class=\"card-install-pwa__title\">Toute l&rsquo;actu tech en un clin d&rsquo;\u0153il<\/p>\n<p class=\"card-install-pwa__description\">Ajoutez Numerama \u00e0 votre \u00e9cran d&rsquo;accueil et restez connect\u00e9s au futur !<\/p>\n<p>            <img decoding=\"async\" src=\"https:\/\/www.numerama.com\/wp-content\/themes\/numerama-next\/assets\/images\/premium\/logo-card-pwa-coupe.svg\" alt=\"Logo PWA\"\/><\/p>\n<p>       Installer Numerama<\/p>\n","protected":false},"excerpt":{"rendered":"Les Prime Day d\u2019Amazon tombent, comme souvent, en plein c\u0153ur des soldes d\u2019\u00e9t\u00e9. Rien d\u2019anormal, c\u2019est devenu une&hellip;\n","protected":false},"author":2,"featured_media":235109,"comment_status":"","ping_status":"","sticky":false,"template":"","format":"standard","meta":{"footnotes":""},"categories":[7],"tags":[4239,37382,11776,677,2938,1011,27,43,40,41,39,42,44],"class_list":{"0":"post-235108","1":"post","2":"type-post","3":"status-publish","4":"format-standard","5":"has-post-thumbnail","7":"category-sciences-et-technologies","8":"tag-amazon","9":"tag-amazon-prime-day","10":"tag-amazon-prime","11":"tag-bons-plans","12":"tag-bons-plans-gaming","13":"tag-fr","14":"tag-france","15":"tag-science","16":"tag-science-and-technology","17":"tag-sciences","18":"tag-sciences-et-technologies","19":"tag-technologies","20":"tag-technology"},"share_on_mastodon":{"url":"https:\/\/pubeurope.com\/@fr\/114817633828608579","error":""},"_links":{"self":[{"href":"https:\/\/www.europesays.com\/fr\/wp-json\/wp\/v2\/posts\/235108","targetHints":{"allow":["GET"]}}],"collection":[{"href":"https:\/\/www.europesays.com\/fr\/wp-json\/wp\/v2\/posts"}],"about":[{"href":"https:\/\/www.europesays.com\/fr\/wp-json\/wp\/v2\/types\/post"}],"author":[{"embeddable":true,"href":"https:\/\/www.europesays.com\/fr\/wp-json\/wp\/v2\/users\/2"}],"replies":[{"embeddable":true,"href":"https:\/\/www.europesays.com\/fr\/wp-json\/wp\/v2\/comments?post=235108"}],"version-history":[{"count":0,"href":"https:\/\/www.europesays.com\/fr\/wp-json\/wp\/v2\/posts\/235108\/revisions"}],"wp:featuredmedia":[{"embeddable":true,"href":"https:\/\/www.europesays.com\/fr\/wp-json\/wp\/v2\/media\/235109"}],"wp:attachment":[{"href":"https:\/\/www.europesays.com\/fr\/wp-json\/wp\/v2\/media?parent=235108"}],"wp:term":[{"taxonomy":"category","embeddable":true,"href":"https:\/\/www.europesays.com\/fr\/wp-json\/wp\/v2\/categories?post=235108"},{"taxonomy":"post_tag","embeddable":true,"href":"https:\/\/www.europesays.com\/fr\/wp-json\/wp\/v2\/tags?post=235108"}],"curies":[{"name":"wp","href":"https:\/\/api.w.org\/{rel}","templated":true}]}}