{"id":235110,"date":"2025-07-08T12:33:11","date_gmt":"2025-07-08T12:33:11","guid":{"rendered":"https:\/\/www.europesays.com\/fr\/235110\/"},"modified":"2025-07-08T12:33:11","modified_gmt":"2025-07-08T12:33:11","slug":"elon-musk-a-mis-a-jour-grok-pour-que-lia-lui-ressemble-et-cest-plus-terrifiant-que-jamais","status":"publish","type":"post","link":"https:\/\/www.europesays.com\/fr\/235110\/","title":{"rendered":"Elon Musk a mis \u00e0 jour Grok pour que l\u2019IA lui ressemble, et c\u2019est plus terrifiant que jamais"},"content":{"rendered":"<p>        <img decoding=\"async\" loading=\"lazy\" src=\"https:\/\/www.europesays.com\/fr\/wp-content\/uploads\/2025\/07\/06c500d_upload-1-xpfbrbiyiyuj-musk10.jpg\"  width=\"728\" height=\"410\" alt=\"Ce vendredi 4\u00a0juillet, Elon Musk a annonc\u00e9 que Grok, le robot conversationnel de\u00a0X, allait \u00eatre mis \u00e0 jour. Depuis, le chatbot est plus \u00e0 droite que jamais.\"\/>  <\/p>\n<p>Le HuffPost <\/p>\n<p>Ce vendredi 4\u00a0juillet, Elon Musk a annonc\u00e9 que Grok, le robot conversationnel de\u00a0X, allait \u00eatre mis \u00e0 jour. Depuis, le chatbot est plus \u00e0 droite que jamais.<\/p>\n<p class=\"asset asset-text\">R\u00c9SEAUX SOCIAUX &#8211; \u00ab\u00a0Politiquement incorrect\u00a0\u00bb, mais surtout plus raciste, <a href=\"https:\/\/www.huffingtonpost.fr\/life\/video\/contre-la-transphobie-des-milliers-de-personnes-reunies-a-paris-pour-construire-un-contre-discours-reportage_233563.html\" target=\"_blank\" rel=\"noopener\">transphobe<\/a> et antis\u00e9mite que jamais. Ce vendredi 4\u00a0juillet, Elon Musk a annonc\u00e9 que <a href=\"https:\/\/www.huffingtonpost.fr\/science\/video\/grok-3-l-ia-d-elon-musk-se-trompe-en-direct-lors-de-sa-presentation_246343.html\" target=\"_blank\" rel=\"noopener\">Grok<\/a>, le robot conversationnel de\u00a0X, avait \u00e9t\u00e9 am\u00e9lior\u00e9 \u00ab\u00a0de mani\u00e8re significative\u00a0\u00bb. \u00ab\u00a0Vous devriez remarquer une diff\u00e9rence lorsque vous posez des questions \u00e0 Grok\u00a0\u00bb, a-t-il affirm\u00e9, pr\u00e9cisant que <a href=\"https:\/\/www.huffingtonpost.fr\/tech-futurs\/video\/au-texas-un-robot-dragueur-booste-a-l-ia-charme-les-passants-et-inquiete-les-internautes_252169.html\" target=\"_blank\" rel=\"noopener\">l\u2019IA<\/a> serait mise \u00e0 jour prochainement.<\/p>\n<p class=\"asset asset-text\">Sauf que comme l\u2019explique <a href=\"https:\/\/www.theverge.com\/ai-artificial-intelligence\/699788\/xai-updated-grok-to-be-more-politically-incorrect\" target=\"_blank\" rel=\"noopener\" title=\"Nouvelle fen\u00eatre\">The Verge<\/a>, lorsqu\u2019on regarde les prompts de r\u00e9ponses de Grok, rendus publics sur <strong>GitHub<\/strong>, les coulisses de cette mise \u00e0 jour sont plus qu\u2019inqui\u00e9tantes. Il est d\u00e9sormais demand\u00e9 \u00e0 Grok de \u00ab\u00a0pr\u00e9sumer que les points de vue subjectifs tir\u00e9s des m\u00e9dias sont biais\u00e9s\u00a0\u00bb, et de \u00ab\u00a0ne pas h\u00e9siter \u00e0 affirmer des choses qui sont politiquement incorrectes, tant qu\u2019elles sont bien \u00e9tay\u00e9es\u00a0\u00bb.<\/p>\n<p> La lecture de ce contenu est susceptible d\u2019entra\u00eener un d\u00e9p\u00f4t de cookies de la part de l\u2019op\u00e9rateur tiers qui l\u2019h\u00e9berge. Compte-tenu des choix que vous avez exprim\u00e9s en mati\u00e8re de d\u00e9p\u00f4t de cookies, nous avons bloqu\u00e9 l\u2019affichage de ce contenu. Si vous souhaitez y acc\u00e9der, vous devez accepter la cat\u00e9gorie de cookies \u201cContenus tiers\u201d en cliquant sur le bouton ci-dessous. <\/p>\n<p> Lire la Vid\u00e9o        <\/p>\n<p class=\"asset asset-text\">Les cons\u00e9quences de ces instructions ne se sont pas fait attendre. Sous l\u2019annonce d\u2019Elon Musk sur X, un utilisateur s\u2019est empress\u00e9 de demander \u00e0 Grok s\u2019il \u00e9tait d\u00e9sormais acceptable d\u2019utiliser l\u2019insulte validiste \u00ab\u00a0attard\u00e9\u00a0\u00bb sur la plateforme, ce \u00e0 quoi l\u2019IA a r\u00e9pondu que c\u2019\u00e9tait le cas, \u00ab\u00a0tant que \u00e7a n\u2019implique pas du harc\u00e8lement vis\u00e9\u00a0\u00bb, ajoutant que \u00ab\u00a0la libert\u00e9 d\u2019expression est prioris\u00e9e\u00a0\u00bb sur X.<\/p>\n<p class=\"asset asset-text\">Comme le pr\u00e9cise <a href=\"https:\/\/www.nbcnews.com\/tech\/elon-musk\/grok-elon-musks-ai-chatbot-seems-get-right-wing-update-rcna217306\" target=\"_blank\" rel=\"noopener\" title=\"Nouvelle fen\u00eatre\">NBC News<\/a>, il y a seulement un mois Grok, r\u00e9pondait \u00e0 une question similaire en expliquant que ce m\u00eame mot \u00e9tait \u00ab\u00a0offensant\u00a0\u00bb, et \u00ab\u00a0globalement inacceptable aupr\u00e8s du grand public \u00e0 cause de son pass\u00e9 en tant qu\u2019injure\u00a0\u00bb.<\/p>\n<p>                     Le perroquet d\u2019Elon Musk    <\/p>\n<p class=\"asset asset-text\"><a href=\"https:\/\/www.theverge.com\/ai-artificial-intelligence\/699788\/xai-updated-grok-to-be-more-politically-incorrect\" target=\"_blank\" rel=\"noopener\" title=\"Nouvelle fen\u00eatre\">The Verge<\/a> a \u00e9galement compil\u00e9 plusieurs r\u00e9ponses racistes et antis\u00e9mites faites par Grok depuis sa mise \u00e0 jour. Le robot conversationnel a par exemple affirm\u00e9 que ce qui g\u00e2chait les films pour les spectateurs, c\u2019\u00e9tait \u00ab\u00a0la propagande\u00a0\u00bb hollywoodienne, notamment \u00ab\u00a0les st\u00e9r\u00e9otypes anti-blanc, la diversit\u00e9 forc\u00e9e\u00a0\u00bb et les \u00ab\u00a0sous-entendus trans\u00a0\u00bb.<\/p>\n<p class=\"asset asset-text\">Questionn\u00e9 sur qui devait \u00eatre tenu responsable de cette \u00ab\u00a0propagande\u00a0\u00bb, l\u2019IA a ensuite accus\u00e9 les \u00ab\u00a0dirigeants juifs\u00a0\u00bb des studios de cin\u00e9ma. Elon Musk a souvent relay\u00e9 sur X des th\u00e9ories du complot antis\u00e9mites, racistes et transphobes, empruntant les codes des supr\u00e9macistes blancs, tels que le meme <a href=\"https:\/\/www.huffingtonpost.fr\/international\/video\/pourquoi-le-memorial-d-auschwitz-est-encore-sur-x-malgre-l-attitude-d-elon-musk_245224.html\" target=\"_blank\" rel=\"noopener\">\u00ab\u00a0Pepe The Frog\u00a0\u00bb<\/a>, devenu un marqueur \u00e0 l\u2019extr\u00eame droite sur le web. Sans oublier <a href=\"https:\/\/www.huffingtonpost.fr\/international\/video\/elon-musk-a-t-il-fait-un-salut-nazi-a-l-investiture-de-donald-trump-le-geste-polemique-du-milliardaire_245092.html\" target=\"_blank\" rel=\"noopener\">le salut nazi <\/a>qu\u2019il est accus\u00e9 d\u2019avoir reproduit \u00e0 l\u2019investiture de Donald Trump.<\/p>\n<p class=\"asset asset-text\">Grok est carr\u00e9ment all\u00e9 jusqu\u2019\u00e0 parler au nom d\u2019Elon Musk, le tout \u00e0 la premi\u00e8re personne. \u00ab\u00a0J\u2019ai visit\u00e9 la maison d\u2019Epstein \u00e0 New York bri\u00e8vement avec mon ex-femme dans le d\u00e9but des ann\u00e9es 2010\u00a0par simple curiosit\u00e9\u00a0\u00bb, a ainsi r\u00e9p\u00e9t\u00e9 le chatbot dans des tweets relev\u00e9s par <a href=\"https:\/\/www.nbcnews.com\/tech\/elon-musk\/grok-elon-musks-ai-chatbot-seems-get-right-wing-update-rcna217306\" target=\"_blank\" rel=\"noopener\" title=\"Nouvelle fen\u00eatre\">NBC News<\/a> avant qu\u2019ils ne soient supprim\u00e9s.<\/p>\n<p class=\"asset asset-text\">C\u2019est loin d\u2019\u00eatre la premi\u00e8re fois que l\u2019IA du milliardaire d\u2019extr\u00eame droite se fait le porte-parole de son propri\u00e9taire. En mai dernier, Grok ne faisait que parler d\u2019un <a href=\"https:\/\/www.huffingtonpost.fr\/tech-futurs\/article\/grok-l-ia-d-elon-musk-delire-sur-un-genocide-blanc-lorsqu-on-lui-pose-une-question-n-importe-laquelle_250051.html\" target=\"_blank\" rel=\"noopener\">\u00ab\u00a0g\u00e9nocide blanc\u00a0\u00bb en Afrique du Sud<\/a>, une th\u00e9orie complotiste soutenue par des supr\u00e9macistes blancs et relay\u00e9e par Elon Musk. Une fake news totale, qui vise par ailleurs \u00e0 effacer la r\u00e9alit\u00e9 de l\u2019h\u00e9ritage de la colonisation et de l\u2019apartheid\u00a0en Afrique du Sud, au cours desquels les populations noires ont \u00e9t\u00e9 expropri\u00e9es.<\/p>\n","protected":false},"excerpt":{"rendered":"Le HuffPost Ce vendredi 4\u00a0juillet, Elon Musk a annonc\u00e9 que Grok, le robot conversationnel de\u00a0X, allait \u00eatre mis&hellip;\n","protected":false},"author":2,"featured_media":235111,"comment_status":"","ping_status":"","sticky":false,"template":"","format":"standard","meta":{"footnotes":""},"categories":[6],"tags":[35,33,34,46,1011,27,223,938,24551,6814],"class_list":{"0":"post-235110","1":"post","2":"type-post","3":"status-publish","4":"format-standard","5":"has-post-thumbnail","7":"category-economie","8":"tag-business","9":"tag-economie","10":"tag-economy","11":"tag-elon-musk","12":"tag-fr","13":"tag-france","14":"tag-intelligence-artificielle","15":"tag-reseaux-sociaux","16":"tag-tech-futurs","17":"tag-twitter"},"share_on_mastodon":{"url":"","error":""},"_links":{"self":[{"href":"https:\/\/www.europesays.com\/fr\/wp-json\/wp\/v2\/posts\/235110","targetHints":{"allow":["GET"]}}],"collection":[{"href":"https:\/\/www.europesays.com\/fr\/wp-json\/wp\/v2\/posts"}],"about":[{"href":"https:\/\/www.europesays.com\/fr\/wp-json\/wp\/v2\/types\/post"}],"author":[{"embeddable":true,"href":"https:\/\/www.europesays.com\/fr\/wp-json\/wp\/v2\/users\/2"}],"replies":[{"embeddable":true,"href":"https:\/\/www.europesays.com\/fr\/wp-json\/wp\/v2\/comments?post=235110"}],"version-history":[{"count":0,"href":"https:\/\/www.europesays.com\/fr\/wp-json\/wp\/v2\/posts\/235110\/revisions"}],"wp:featuredmedia":[{"embeddable":true,"href":"https:\/\/www.europesays.com\/fr\/wp-json\/wp\/v2\/media\/235111"}],"wp:attachment":[{"href":"https:\/\/www.europesays.com\/fr\/wp-json\/wp\/v2\/media?parent=235110"}],"wp:term":[{"taxonomy":"category","embeddable":true,"href":"https:\/\/www.europesays.com\/fr\/wp-json\/wp\/v2\/categories?post=235110"},{"taxonomy":"post_tag","embeddable":true,"href":"https:\/\/www.europesays.com\/fr\/wp-json\/wp\/v2\/tags?post=235110"}],"curies":[{"name":"wp","href":"https:\/\/api.w.org\/{rel}","templated":true}]}}