{"id":235112,"date":"2025-07-08T12:34:09","date_gmt":"2025-07-08T12:34:09","guid":{"rendered":"https:\/\/www.europesays.com\/fr\/235112\/"},"modified":"2025-07-08T12:34:09","modified_gmt":"2025-07-08T12:34:09","slug":"les-internautes-retrouvent-un-tueur-de-chien-son-domicile-incendie-apres-une-chasse-a-lhomme","status":"publish","type":"post","link":"https:\/\/www.europesays.com\/fr\/235112\/","title":{"rendered":"Les internautes retrouvent \u00ab\u00a0un tueur de chien\u00a0\u00bb, son domicile incendi\u00e9 apr\u00e8s une chasse \u00e0 l\u2019homme"},"content":{"rendered":"<p>Les images ont fait le tour des <a href=\"https:\/\/www.20minutes.fr\/dossier\/reseaux_sociaux\" class=\"color-ultramarine c-link\" target=\"_blank\" rel=\"noopener\">r\u00e9seaux sociaux<\/a> ces derniers jours. On peut y voir un automobiliste <a href=\"https:\/\/www.20minutes.fr\/dossier\/belgique\" class=\"color-ultramarine c-link\" target=\"_blank\" rel=\"noopener\">belge <\/a>tra\u00eener son <a href=\"https:\/\/www.20minutes.fr\/dossier\/chien\" class=\"color-ultramarine c-link\" target=\"_blank\" rel=\"noopener\">chien <\/a>dont la laisse semble coinc\u00e9e \u00e0 l\u2019une des fen\u00eatres de la voiture. Cette sc\u00e8ne insoutenable, qui a abouti \u00e0 la mort de l\u2019animal, a \u00e9t\u00e9 film\u00e9e le 4\u00a0juillet dernier par une conductrice sur une route reliant\u00a0Dalhem \u00e0 Vis\u00e9, pr\u00e8s de Li\u00e8ge. Depuis, les internautes sont mobilis\u00e9s pour que le propri\u00e9taire du berger allemand soit traduit en justice, rapporte <a href=\"https:\/\/www.rtl.be\/actu\/belgique\/faits-divers\/chien-traine-derriere-une-voiture-le-proprietaire-de-lanimal-sera-protege-suite\/2025-07-07\/article\/755629\" rel=\"nofollow noopener\" target=\"_blank\" class=\"color-ultramarine c-link\">RTL Info<\/a>.<\/p>\n<p>Car m\u00eame si la jeune femme qui a post\u00e9 la vid\u00e9o sur <a href=\"https:\/\/www.20minutes.fr\/high-tech\/facebook\/\" class=\"color-ultramarine c-link\" target=\"_blank\" rel=\"noopener\">Facebook <\/a>a pris soin de flouter la plaque d\u2019immatriculation de la voiture, les internautes ont rapidement remont\u00e9 la piste de l\u2019homme. Ils ont ainsi localis\u00e9 son lieu de travail et son domicile. Dans la nuit de dimanche \u00e0 lundi, le logement du mis en cause a \u00e9t\u00e9 tagu\u00e9 et incendi\u00e9. Des inscriptions comme \u00ab\u00a0tueur de chien\u00a0\u00bb ou \u00ab\u00a0vengeance pour ton chien\u00a0\u00bb ont \u00e9t\u00e9 relev\u00e9es sur place.<\/p>\n<p>Une tentative de meurtre<\/p>\n<p>Le bourgmestre d\u2019Oupeye, Serge Fillot, avoue que ce type d\u2019incident est \u00ab\u00a0une premi\u00e8re\u00a0\u00bb. Il \u00e9voque \u00ab\u00a0un \u00e9v\u00e9nement choquant, dramatique, qui est m\u00e9diatis\u00e9, suivi d\u2019une chasse \u00e0 l\u2019homme organis\u00e9e sur Facebook\u00a0\u00bb. Pour lui, l\u2019incendie volontaire aurait pu mener au d\u00e9c\u00e8s de la personne vis\u00e9e. Serge Fillot \u00e9voque une <a href=\"https:\/\/www.20minutes.fr\/dossier\/tentative_d_assassinat\" class=\"color-ultramarine c-link\" target=\"_blank\" rel=\"noopener\">tentative d\u2019homicide<\/a>\u00a0: \u00ab\u00a0J\u2019appelle les citoyens \u00e0 se calmer, \u00e0 ne pas appeler au meurtre, \u00e0 ne pas appeler \u00e0 la <a href=\"https:\/\/www.20minutes.fr\/dossier\/violence\" class=\"color-ultramarine c-link\" target=\"_blank\" rel=\"noopener\">violence\u00a0<\/a>\u00bb. \u00ab\u00a0Le citoyen ne se fait pas justice soi-m\u00eame\u00a0\u00bb, assure le bourgmestre tout en pr\u00e9cisant que le propri\u00e9taire du chien va \u00eatre prot\u00e9g\u00e9 par les autorit\u00e9s.<\/p>\n<p>Celui-ci a \u00e9t\u00e9 la cible d\u2019un v\u00e9ritable d\u00e9ferlement de haine sur Internet. Une p\u00e9tition mise en ligne puis retir\u00e9e a recueilli plus de 50.000 signatures en quelques heures. Leurs auteurs \u00e9crivaient\u00a0: \u00ab\u00a0Ce chien n\u2019est pas juste un <a href=\"https:\/\/www.20minutes.fr\/planete\/maltraitance-animale\/\" class=\"color-ultramarine c-link\" target=\"_blank\" rel=\"noopener\">animal<\/a>. Il avait un c\u0153ur. Une \u00e2me. Une vie. Et il m\u00e9rite justice\u00a0\u00bb.<\/p>\n<p>Il assure ne s\u2019\u00eatre rendu compte de rien<\/p>\n<p>La conductrice qui a assist\u00e9 au drame a d\u00e9pos\u00e9 plainte, tout comme l\u2019organisation de d\u00e9fense des animaux Gaia. L\u2019homme a \u00e9t\u00e9 interrog\u00e9\u00a0au commissariat samedi\u00a0dans le cadre d\u2019une enqu\u00eate ouverte pour maltraitance animale. Il aurait d\u00e9clar\u00e9, selon <a href=\"https:\/\/www.lavoixdunord.fr\/1604048\/article\/2025-07-07\/en-belgique-l-homme-qui-tue-son-chien-en-le-trainant-avec-sa-voiture-risque-gros\" rel=\"nofollow noopener\" target=\"_blank\" class=\"color-ultramarine c-link\">La Voix du Nord<\/a>, s\u2019\u00eatre rendu dans un bar dans la soir\u00e9e, apr\u00e8s avoir attach\u00e9 le berger dans le coffre. De retour dans son v\u00e9hicule, il ne s\u2019est pas rendu compte qu\u2019il tra\u00eenait son chien derri\u00e8re lui.<\/p>\n<\/p>\n<p>\u00ab\u00a0Il dit avoir \u00e9t\u00e9 averti de la situation par une conductrice. C\u2019est \u00e0 ce moment-l\u00e0 qu\u2019il aurait r\u00e9alis\u00e9 que son chien \u00e9tait pendu \u00e0 l\u2019ext\u00e9rieur par la fen\u00eatre arri\u00e8re droite de son v\u00e9hicule\u00a0\u00bb, indique le <a href=\"https:\/\/www.20minutes.fr\/dossier\/parquet\" class=\"color-ultramarine c-link\" target=\"_blank\" rel=\"noopener\">parquet<\/a> de Li\u00e8ge. Il aurait donc stopp\u00e9 sa voiture, saisi le corps de son chien pour le d\u00e9poser dans le coffre avant de poursuivre sa route. L\u2019homme risque de 8 jours \u00e0 3 ans d\u2019emprisonnement et\/ou une amende de 800 \u00e0 8\u00a0millions d\u2019euros.<\/p>\n","protected":false},"excerpt":{"rendered":"Les images ont fait le tour des r\u00e9seaux sociaux ces derniers jours. On peut y voir un automobiliste&hellip;\n","protected":false},"author":2,"featured_media":235113,"comment_status":"","ping_status":"","sticky":false,"template":"","format":"standard","meta":{"footnotes":""},"categories":[5],"tags":[47,11,828,4850,4688,118,1011,27,14,6795,12,28],"class_list":{"0":"post-235112","1":"post","2":"type-post","3":"status-publish","4":"format-standard","5":"has-post-thumbnail","7":"category-international","8":"tag-actualite","9":"tag-actualites","10":"tag-belgique","11":"tag-chien","12":"tag-facebook","13":"tag-faits-divers","14":"tag-fr","15":"tag-france","16":"tag-international","17":"tag-maltraitance-animale","18":"tag-news","19":"tag-world"},"share_on_mastodon":{"url":"https:\/\/pubeurope.com\/@fr\/114817640988535251","error":""},"_links":{"self":[{"href":"https:\/\/www.europesays.com\/fr\/wp-json\/wp\/v2\/posts\/235112","targetHints":{"allow":["GET"]}}],"collection":[{"href":"https:\/\/www.europesays.com\/fr\/wp-json\/wp\/v2\/posts"}],"about":[{"href":"https:\/\/www.europesays.com\/fr\/wp-json\/wp\/v2\/types\/post"}],"author":[{"embeddable":true,"href":"https:\/\/www.europesays.com\/fr\/wp-json\/wp\/v2\/users\/2"}],"replies":[{"embeddable":true,"href":"https:\/\/www.europesays.com\/fr\/wp-json\/wp\/v2\/comments?post=235112"}],"version-history":[{"count":0,"href":"https:\/\/www.europesays.com\/fr\/wp-json\/wp\/v2\/posts\/235112\/revisions"}],"wp:featuredmedia":[{"embeddable":true,"href":"https:\/\/www.europesays.com\/fr\/wp-json\/wp\/v2\/media\/235113"}],"wp:attachment":[{"href":"https:\/\/www.europesays.com\/fr\/wp-json\/wp\/v2\/media?parent=235112"}],"wp:term":[{"taxonomy":"category","embeddable":true,"href":"https:\/\/www.europesays.com\/fr\/wp-json\/wp\/v2\/categories?post=235112"},{"taxonomy":"post_tag","embeddable":true,"href":"https:\/\/www.europesays.com\/fr\/wp-json\/wp\/v2\/tags?post=235112"}],"curies":[{"name":"wp","href":"https:\/\/api.w.org\/{rel}","templated":true}]}}