{"id":235118,"date":"2025-07-08T12:37:11","date_gmt":"2025-07-08T12:37:11","guid":{"rendered":"https:\/\/www.europesays.com\/fr\/235118\/"},"modified":"2025-07-08T12:37:11","modified_gmt":"2025-07-08T12:37:11","slug":"une-operation-en-guise-de-premiere-mondiale-au-chu-de-saint-etienne","status":"publish","type":"post","link":"https:\/\/www.europesays.com\/fr\/235118\/","title":{"rendered":"une op\u00e9ration en guise de premi\u00e8re mondiale au CHU de Saint-\u00c9tienne"},"content":{"rendered":"<p>Le 16\u00a0juin, le CHU de Saint-\u00c9tienne a r\u00e9alis\u00e9 la premi\u00e8re implantation cochl\u00e9aire robot-assist\u00e9e au monde, guid\u00e9e par navigation scanner perop\u00e9ratoire sur un patient adulte pr\u00e9sentant une surdit\u00e9 profonde bilat\u00e9rale.<\/p>\n<p>Cette intervention in\u00e9dite a \u00e9t\u00e9 men\u00e9e par le Professeur Alexandre Karkas, chef du service ORL, avec le soutien des \u00e9quipes du bloc op\u00e9ratoire.<\/p>\n<p>Cette technique innovante, issue de plusieurs ann\u00e9es de recherche, a \u00e9t\u00e9 rendue possible gr\u00e2ce \u00e0 un partenariat \u00e9troit entre les \u00e9quipes m\u00e9dicales et les ing\u00e9nieurs de la soci\u00e9t\u00e9 fran\u00e7aise Collin.<\/p>\n<p>  Le syst\u00e8me permet une pr\u00e9cision in\u00e9gal\u00e9e<\/p>\n<p>Le syst\u00e8me, qui repose sur le couplage du bras actif robotis\u00e9 RobOtol\u00ae et du syst\u00e8me de navigation Collin Navigation Solutions\u00ae (CNS), permet une pr\u00e9cision in\u00e9gal\u00e9e dans l\u2019insertion des \u00e9lectrodes \u00e0 un endroit d\u00e9termin\u00e9 de la cochl\u00e9e, tout en pr\u00e9servant les structures internes de l\u2019oreille.<\/p>\n<p>L\u2019intervention a \u00e9t\u00e9 r\u00e9alis\u00e9e en suivant un axe d\u2019insertion pr\u00e9d\u00e9fini sur le scanner du patient, optimis\u00e9 pour respecter l\u2019anatomie cochl\u00e9aire, tout en \u00e9vitant les zones sensibles comme le nerf facial.<\/p>\n<p>L\u2019insertion des \u00e9lectrodes, enti\u00e8rement automatis\u00e9e, s\u2019est effectu\u00e9e sous contr\u00f4le scannographique en temps r\u00e9el, \u00e0 une vitesse tr\u00e8s lente (0,1\u00a0mm\/s), assurant une pose pr\u00e9cise et s\u00e9curis\u00e9e.<\/p>\n<p>Une deuxi\u00e8me intervention r\u00e9ussie a \u00e9t\u00e9 r\u00e9alis\u00e9e le 2\u00a0juillet. D\u2019autres sont programm\u00e9es dans les mois \u00e0 venir.<\/p>\n","protected":false},"excerpt":{"rendered":"Le 16\u00a0juin, le CHU de Saint-\u00c9tienne a r\u00e9alis\u00e9 la premi\u00e8re implantation cochl\u00e9aire robot-assist\u00e9e au monde, guid\u00e9e par navigation&hellip;\n","protected":false},"author":2,"featured_media":235119,"comment_status":"","ping_status":"","sticky":false,"template":"","format":"standard","meta":{"footnotes":""},"categories":[9653],"tags":[1111,11,2430,7539,1777,674,107,1011,27,3367,12,25,4001,7538,71,10806],"class_list":{"0":"post-235118","1":"post","2":"type-post","3":"status-publish","4":"format-standard","5":"has-post-thumbnail","7":"category-saint-etienne","8":"tag-actu","9":"tag-actualites","10":"tag-auvergne-rhone-alpes","11":"tag-edition-loire-sud","12":"tag-eu","13":"tag-europe","14":"tag-fil-info","15":"tag-fr","16":"tag-france","17":"tag-loire","18":"tag-news","19":"tag-republique-francaise","20":"tag-saint-etienne","21":"tag-saint-etienne-ville","22":"tag-sante","23":"tag-selection-de-la-redaction-42"},"share_on_mastodon":{"url":"https:\/\/pubeurope.com\/@fr\/114817652689862294","error":""},"_links":{"self":[{"href":"https:\/\/www.europesays.com\/fr\/wp-json\/wp\/v2\/posts\/235118","targetHints":{"allow":["GET"]}}],"collection":[{"href":"https:\/\/www.europesays.com\/fr\/wp-json\/wp\/v2\/posts"}],"about":[{"href":"https:\/\/www.europesays.com\/fr\/wp-json\/wp\/v2\/types\/post"}],"author":[{"embeddable":true,"href":"https:\/\/www.europesays.com\/fr\/wp-json\/wp\/v2\/users\/2"}],"replies":[{"embeddable":true,"href":"https:\/\/www.europesays.com\/fr\/wp-json\/wp\/v2\/comments?post=235118"}],"version-history":[{"count":0,"href":"https:\/\/www.europesays.com\/fr\/wp-json\/wp\/v2\/posts\/235118\/revisions"}],"wp:featuredmedia":[{"embeddable":true,"href":"https:\/\/www.europesays.com\/fr\/wp-json\/wp\/v2\/media\/235119"}],"wp:attachment":[{"href":"https:\/\/www.europesays.com\/fr\/wp-json\/wp\/v2\/media?parent=235118"}],"wp:term":[{"taxonomy":"category","embeddable":true,"href":"https:\/\/www.europesays.com\/fr\/wp-json\/wp\/v2\/categories?post=235118"},{"taxonomy":"post_tag","embeddable":true,"href":"https:\/\/www.europesays.com\/fr\/wp-json\/wp\/v2\/tags?post=235118"}],"curies":[{"name":"wp","href":"https:\/\/api.w.org\/{rel}","templated":true}]}}