{"id":235130,"date":"2025-07-08T12:45:10","date_gmt":"2025-07-08T12:45:10","guid":{"rendered":"https:\/\/www.europesays.com\/fr\/235130\/"},"modified":"2025-07-08T12:45:10","modified_gmt":"2025-07-08T12:45:10","slug":"la-police-municipale-poursuit-sa-lutte-contre-les-rodeos-urbains","status":"publish","type":"post","link":"https:\/\/www.europesays.com\/fr\/235130\/","title":{"rendered":"la Police Municipale poursuit sa lutte contre les rod\u00e9os urbains"},"content":{"rendered":"<p>\nLa Police Municipale de Montpellier poursuit ses op\u00e9rations contre les rod\u00e9os urbains. Derni\u00e8re intervention en date : ce lundi 7 juillet \u00e0 Port Marianne.<\/p>\n<p>\n\u00a9 Police Municipale de Montpellier \u2013 la lutte contre les rod\u00e9os urbains se poursuit.<\/p>\n<p>La <strong>Police Municipale de <a href=\"https:\/\/infoccitanie.fr\/tag\/montpellier\/\" rel=\"nofollow noopener\" target=\"_blank\">Montpellier<\/a> <\/strong>poursuit ses actions de <strong>renforcement<\/strong> de la <strong>lutte<\/strong> contre les <strong>rod\u00e9os urbains<\/strong>. En effet, ce<strong> lundi 7 juillet<\/strong>, les forces de l\u2019ordre sont intervenues dans le quartier de <strong>Port Marianne<\/strong>, \u00e0 <a href=\"https:\/\/infoccitanie.fr\/tag\/montpellier\/\" rel=\"nofollow noopener\" target=\"_blank\">Montpellier<\/a>. Elles ont \u00e9t\u00e9 alert\u00e9es d\u2019un <strong>rod\u00e9o urbain<\/strong> aux alentours du <strong>bassin Jacques Coeur<\/strong>.<\/p>\n<p>6 infractions verbalis\u00e9es lors de l\u2019intervention polici\u00e8re<\/p>\n<p> \u00c0 la suite du signalement du rod\u00e9o urbain, les forces de l\u2019ordre se sont rendues sur les lieux. <strong>La Police Municipale de <a href=\"https:\/\/infoccitanie.fr\/tag\/montpellier\/\" rel=\"nofollow noopener\" target=\"_blank\">Montpellier<\/a><\/strong> a donc proc\u00e9d\u00e9 au <strong>contr\u00f4le<\/strong> d\u2019un <strong>conducteur non-casqu\u00e9<\/strong>. L\u2019individu refusa alors de d\u00e9cliner son identit\u00e9. Il s\u2019av\u00e8re qu\u2019il \u00e9tait en r\u00e9alit\u00e9 mineur. Les agents ont \u00e9galement relev\u00e9 <strong>6 infractions<\/strong> qu\u2019ils ont verbalis\u00e9es. L\u2019individu interpell\u00e9 a \u00e9t\u00e9 remis \u00e0 la Police Nationale. La Police Municipale ajoute que ces op\u00e9rations de police, conjugu\u00e9es \u00e0 la fermet\u00e9 administrative, sont essentielles dans le cadre de cette lutte contre les rod\u00e9os.<\/p>\n","protected":false},"excerpt":{"rendered":"La Police Municipale de Montpellier poursuit ses op\u00e9rations contre les rod\u00e9os urbains. Derni\u00e8re intervention en date : ce&hellip;\n","protected":false},"author":2,"featured_media":235131,"comment_status":"","ping_status":"","sticky":false,"template":"","format":"standard","meta":{"footnotes":""},"categories":[9599],"tags":[1111,11,1777,674,1011,27,2208,12,2680,2872,25],"class_list":{"0":"post-235130","1":"post","2":"type-post","3":"status-publish","4":"format-standard","5":"has-post-thumbnail","7":"category-montpellier","8":"tag-actu","9":"tag-actualites","10":"tag-eu","11":"tag-europe","12":"tag-fr","13":"tag-france","14":"tag-montpellier","15":"tag-news","16":"tag-occitanie","17":"tag-police-municipale","18":"tag-republique-francaise"},"share_on_mastodon":{"url":"https:\/\/pubeurope.com\/@fr\/114817684274793150","error":""},"_links":{"self":[{"href":"https:\/\/www.europesays.com\/fr\/wp-json\/wp\/v2\/posts\/235130","targetHints":{"allow":["GET"]}}],"collection":[{"href":"https:\/\/www.europesays.com\/fr\/wp-json\/wp\/v2\/posts"}],"about":[{"href":"https:\/\/www.europesays.com\/fr\/wp-json\/wp\/v2\/types\/post"}],"author":[{"embeddable":true,"href":"https:\/\/www.europesays.com\/fr\/wp-json\/wp\/v2\/users\/2"}],"replies":[{"embeddable":true,"href":"https:\/\/www.europesays.com\/fr\/wp-json\/wp\/v2\/comments?post=235130"}],"version-history":[{"count":0,"href":"https:\/\/www.europesays.com\/fr\/wp-json\/wp\/v2\/posts\/235130\/revisions"}],"wp:featuredmedia":[{"embeddable":true,"href":"https:\/\/www.europesays.com\/fr\/wp-json\/wp\/v2\/media\/235131"}],"wp:attachment":[{"href":"https:\/\/www.europesays.com\/fr\/wp-json\/wp\/v2\/media?parent=235130"}],"wp:term":[{"taxonomy":"category","embeddable":true,"href":"https:\/\/www.europesays.com\/fr\/wp-json\/wp\/v2\/categories?post=235130"},{"taxonomy":"post_tag","embeddable":true,"href":"https:\/\/www.europesays.com\/fr\/wp-json\/wp\/v2\/tags?post=235130"}],"curies":[{"name":"wp","href":"https:\/\/api.w.org\/{rel}","templated":true}]}}