{"id":235132,"date":"2025-07-08T12:46:11","date_gmt":"2025-07-08T12:46:11","guid":{"rendered":"https:\/\/www.europesays.com\/fr\/235132\/"},"modified":"2025-07-08T12:46:11","modified_gmt":"2025-07-08T12:46:11","slug":"installe-pres-de-rouen-sandy-casar-revient-sur-ses-annees-tour-de-france","status":"publish","type":"post","link":"https:\/\/www.europesays.com\/fr\/235132\/","title":{"rendered":"install\u00e9 pr\u00e8s de Rouen, Sandy Casar revient sur ses ann\u00e9es Tour de France"},"content":{"rendered":"<p>            Par<br \/>\n        <strong><br \/>\n            <a href=\"https:\/\/actu.fr\/auteur\/aurelien-delavaud\" title=\"Consulter tous les articles de Aur\u00e9lien Delavaud\" rel=\"nofollow noopener\" target=\"_blank\">Aur\u00e9lien Delavaud<\/a><br \/>\n        <\/strong><\/p>\n<p>        Publi\u00e9 le<\/p>\n<p>            8 juil. 2025 \u00e0 14h20        <\/p>\n<p>Les mains dans le cambouis, \u00e0 r\u00e9parer, nettoyer et entretenir ses machines, il passerait presque inaper\u00e7u. Il faut \u00eatre physionomiste et se souvenir de ses heures de gloire, dans les ann\u00e9es 2000, pour faire le lien entre la station de lavage automobile install\u00e9e \u00e0 <a href=\"https:\/\/actu.fr\/normandie\/cleon_76178\" rel=\"nofollow noopener\" target=\"_blank\">Cl\u00e9on (Seine-Maritime)<\/a> et le peloton du <b>Tour de France<\/b>.<\/p>\n<p class=\" wall-content\">Le rapport entre les deux ? Son patron est bel et bien <b>Sandy Casar<\/b>, l\u2019ancien grimpeur-baroudeur de la formation <b>Fran\u00e7aise des Jeux<\/b> entre\u00a02000 et\u00a02013.<\/p>\n<p class=\" wall-content\">Pour Le Journal d\u2019Elbeuf, le triple vainqueur d\u2019\u00e9tape sur la <b>Grande Boucle<\/b>, aujourd\u2019hui \u00e2g\u00e9 de 46 ans, revient sur son rapport au v\u00e9lo, sa carri\u00e8re, ses exploits, ses d\u00e9ceptions et le regard qu\u2019il porte sur un sport \u00ab qui a bien chang\u00e9 \u00bb depuis qu\u2019il a raccroch\u00e9.<\/p>\n<p>Deux \u00e9poques tr\u00e8s diff\u00e9rentes<\/p>\n<p class=\" wall-content\">Pour les nostalgiques du <b>v\u00e9lo<\/b> des ann\u00e9es 2000, \u00e9voquer Sandy Casar, c\u2019est replonger dans un autre cyclisme. Celui qui a beaucoup souffert des affaires de dopage, forc\u00e9ment. Mais surtout, selon l\u2019int\u00e9ress\u00e9, celui d\u2019avant \u00ab une standardisation de la course \u00bb.<\/p>\n<blockquote class=\"ac-article-quote wall-content\">\n<p>Aujourd\u2019hui, il n\u2019y a que de la data. Tout est contr\u00f4l\u00e9 \u00e0 l\u2019avance, tout ce que font les coureurs est surveill\u00e9, tout est analys\u00e9, ce qui va se passer dans les courses est d\u00e9cid\u00e9 des mois \u00e0 l\u2019avance\u2026 Il n\u2019y a plus de place pour l\u2019humain, pour les sensations et la d\u00e9cision sur le v\u00e9lo. Il y a un plan qu\u2019il faut suivre \u00e0 la lettre et les capteurs de puissance \u00e0 surveiller.<\/p>\n<p>Sandy Casar, ancien coureur professionnel<\/p><\/blockquote>\n<p class=\" wall-content\">Alors Sandy Casar en est convaincu. Peut-\u00eatre qu\u2019il aurait gagn\u00e9 plus de courses dans le v\u00e9lo actuel. Certainement qu\u2019il y aurait aussi gagn\u00e9 plus d\u2019argent. Mais il ne s\u2019y serait pas enti\u00e8rement retrouv\u00e9. \u00ab Honn\u00eatement, je pense que je ne prendrais plus de plaisir dans le v\u00e9lo d\u2019aujourd\u2019hui \u00bb, confie-t-il.<\/p>\n<p>Vid\u00e9os : en ce moment sur ActuAbonn\u00e9 aux deuxi\u00e8mes places<\/p>\n<p class=\" wall-content\">Entre le coureur originaire des Yvelines, qui est aujourd\u2019hui install\u00e9 pr\u00e8s de Pacy-sur-Eure, et le Tour de France, la relation n\u2019a pas toujours \u00e9t\u00e9 idyllique. Longtemps, Sandy Casar a <b>collectionn\u00e9 les deuxi\u00e8mes places<\/b> et les d\u00e9ceptions qui vont avec.<\/p>\n<p class=\" wall-content\">En 2005 derri\u00e8re Guerini, qui a r\u00e9ussi le kilom\u00e8tre face \u00e0 ses compagnons d\u2019\u00e9chapp\u00e9e, ou encore en 2007, \u00e0 Marseille, o\u00f9 il est battu de peu par C\u00e9dric Vasseur. \u00ab Je pense que j\u2019ai souvent manqu\u00e9 d\u2019exp\u00e9rience et de filouterie \u00bb, juge-t-il presque 20\u00a0ans plus tard.<\/p>\n<p>    <img   decoding=\"async\" loading=\"lazy\" class=\"size-large\" src=\"https:\/\/www.europesays.com\/fr\/wp-content\/uploads\/2025\/07\/2fd51f61e7e3623e51f61e7e3e6e51v-960x640.jpg\" alt=\"La Grande Boucle \u00e9tait pass\u00e9e par Mantes en 2004 Sandy Casar s'\u00e9tait mis en \u00e9vidence lors du Tour de France 2004 lors d'une \u00e9tape qui passait par Mantes-la-Jolie. On le voit ici dans l'\u00e9chapp\u00e9e \u00e0 c\u00f4t\u00e9 de Thomas Voeckler. (Archives) - Casar\" width=\"960\" height=\"640\"\/><br \/>\n    Sandy Casar a fait les beaux jours de la formation Fran\u00e7aise des jeux, avec laquelle il a gagn\u00e9 trois fois sur le Tour. \u00a9Fabien D\u00e9z\u00e9<\/p>\n<p class=\" wall-content\">Le d\u00e9clic, c\u2019est finalement quand on l\u2019attendait le moins qu\u2019il l\u2019a eu. 27\u00a0juillet 2007. 18e \u00e9tape du Tour, quelques semaines apr\u00e8s sa d\u00e9ception \u00e0 Marseille. Dans une \u00e9chapp\u00e9e \u00e0 quatre en direction d\u2019Angoul\u00eame, Sandy Casar percute un chien sur la route, tombe et se blesse.<\/p>\n<blockquote class=\"ac-article-quote wall-content\">\n<p>J\u2019avais mal, mais j\u2019ai r\u00e9ussi \u00e0 rentrer, se souvient l\u2019ancien coureur. Je pense que les autres ont fait moins gaffe \u00e0 moi, mais surtout je me suis mis moins de pression. Je me suis dit que si je ne gagnais pas, j\u2019avais au moins l\u2019excuse de la chute<\/p>\n<p>Sandy Casar<\/p><\/blockquote>\n<p class=\" wall-content\">Ce sera le premier de ses <b>trois succ\u00e8s sur le Tour<\/b>, o\u00f9 il s\u2019est forg\u00e9 une belle cote de popularit\u00e9 aupr\u00e8s du public. \u00ab C\u2019est un truc tr\u00e8s particulier que je ne comprends pas trop\u2026 Il n\u2019y a qu\u2019en France qu\u2019on admire les deuxi\u00e8mes ! \u00bb<\/p>\n<p class=\" wall-content\">Ses performances sur le Tour de France ont s\u00fbrement \u00e9t\u00e9 les plus scrut\u00e9es, mais d\u2019autres ont particip\u00e9 \u00e0 sa renomm\u00e9e, comme sa <b>6e place au classement g\u00e9n\u00e9ral du Giro 2006<\/b> ou sa grande \u00e9closion sur le Paris-Nice 2002, qu\u2019il a termin\u00e9 \u00e0 la deuxi\u00e8me place.<\/p>\n<p class=\" wall-content\">\u00ab C\u2019est une de mes plus grandes fiert\u00e9s, car mes parents \u00e9taient venus. Mon p\u00e8re est d\u00e9c\u00e9d\u00e9 en 2004, donc il n\u2019a pas vu mes victoires sur le Tour \u00bb, confie Sandy Casar.<\/p>\n<p>Toujours un pied dans la Grande Boucle<\/p>\n<p class=\" wall-content\">En 2013, apr\u00e8s avoir fait toute sa carri\u00e8re dans la structure de Marc Madiot sous ses diff\u00e9rentes appellations, Sandy Casar fait le choix de raccrocher. \u00ab Je venais d\u2019avoir mon premier enfant et je voulais le voir grandir. J\u2019ai pens\u00e9 redescendre dans une plus petite \u00e9quipe, pour pouvoir faire des courses que je ne pouvais plus faire, comme les coupes de France, mais il n\u2019y avait pas de place dans les \u00e9quipes \u00bb, justifie-t-il.<\/p>\n<p class=\" wall-content\">C\u2019est \u00e0 ce moment qu\u2019il a <b>cherch\u00e9 une reconversion<\/b>, en investissant dans une station de lavage auto. Un business qui lui prend beaucoup de temps, notamment \u00e0 cause des trajets, et qui ne lui laisse plus assez de temps pour aller rouler. Mais il ne l\u2019a pas enti\u00e8rement \u00e9loign\u00e9 du v\u00e9lo.<\/p>\n<p class=\" wall-content\">La preuve, cette ann\u00e9e encore, l\u2019ancien coureur fera partie du grand cort\u00e8ge du Tour de France, o\u00f9 il <b>conduira des personnalit\u00e9s<\/b> pour un sponsor. \u00ab Mon r\u00f4le, c\u2019est \u00e9videmment de les conduire, de leur montrer l\u2019univers d\u00e8s le village le matin, mais c\u2019est aussi de leur expliquer la course de l\u2019int\u00e9rieur \u00bb d\u00e9crypte-t-il.<\/p>\n<p class=\" wall-content\">Pendant trois semaines, comme chaque \u00e9t\u00e9 depuis sa <b>retraite sportive<\/b>, il va donc replonger dans la folie du peloton. \u00ab J\u2019y retourne encore pour le bruit, les odeurs\u2026 \u00c7a fait remonter tellement de souvenirs ! C\u2019est presque une drogue en fait. Et puis c\u2019est aussi l\u2019occasion de revoir pas mal de copains \u00bb, confie-t-il.<\/p>\n<p class=\" wall-content\">Apr\u00e8s presque quatre semaines d\u2019effervescence, Sandy Casar reviendra \u00e0 la qui\u00e9tude de son village et \u00e0 la gestion de sa petite entreprise, dans l\u2019agglom\u00e9ration d\u2019Elbeuf. Avant de replonger, d\u00e8s qu\u2019Amaury sport organisation (ASO) lui en donnera l\u2019occasion, dans les coulisses du Tour de France.<\/p>\n<p class=\" wall-content\">Suivez toute l\u2019actualit\u00e9 de vos villes et m\u00e9dias favoris en vous inscrivant \u00e0 <a href=\"https:\/\/moncompte.actu.fr\" title=\"D\u00e9couvez Mon Actu\" rel=\"nofollow noopener\" data-trk=\"{&quot;cta&quot;:{&quot;action&quot;:&quot;https:\\\/\\\/moncompte.actu.fr&quot;,&quot;category&quot;:&quot;mon compte&quot;,&quot;from&quot;:&quot;article footer&quot;,&quot;name&quot;:&quot;Mon actu&quot;,&quot;type&quot;:&quot;cta&quot;}}\" target=\"_blank\">Mon Actu<\/a>.<\/p>\n<ul class=\"ac-article-tag wall-content\">\n<li><a href=\"https:\/\/actu.fr\/tag\/tour-de-france\" data-trk=\"{&quot;cta&quot;:{&quot;action&quot;:&quot;Tour de France&quot;,&quot;category&quot;:&quot;tag&quot;,&quot;from&quot;:&quot;article footer&quot;,&quot;name&quot;:&quot;Tour de France&quot;,&quot;type&quot;:&quot;cta&quot;}}\" rel=\"nofollow noopener\" target=\"_blank\">#Tour de France<\/a><\/li>\n<li><a href=\"https:\/\/actu.fr\/tag\/tour-de-france-2025\" data-trk=\"{&quot;cta&quot;:{&quot;action&quot;:&quot;Tour de France 2025&quot;,&quot;category&quot;:&quot;tag&quot;,&quot;from&quot;:&quot;article footer&quot;,&quot;name&quot;:&quot;Tour de France 2025&quot;,&quot;type&quot;:&quot;cta&quot;}}\" rel=\"nofollow noopener\" target=\"_blank\">#Tour de France 2025<\/a><\/li>\n<\/ul>\n","protected":false},"excerpt":{"rendered":"Par Aur\u00e9lien Delavaud Publi\u00e9 le 8 juil. 2025 \u00e0 14h20 Les mains dans le cambouis, \u00e0 r\u00e9parer, nettoyer&hellip;\n","protected":false},"author":2,"featured_media":235133,"comment_status":"","ping_status":"","sticky":false,"template":"","format":"standard","meta":{"footnotes":""},"categories":[9587],"tags":[1111,11,1777,674,1011,27,12,5161,25,9590,60,210,2116],"class_list":{"0":"post-235132","1":"post","2":"type-post","3":"status-publish","4":"format-standard","5":"has-post-thumbnail","7":"category-rouen","8":"tag-actu","9":"tag-actualites","10":"tag-eu","11":"tag-europe","12":"tag-fr","13":"tag-france","14":"tag-news","15":"tag-normandie","16":"tag-republique-francaise","17":"tag-rouen","18":"tag-sports","19":"tag-tour-de-france","20":"tag-tour-de-france-2025"},"share_on_mastodon":{"url":"https:\/\/pubeurope.com\/@fr\/114817688188165771","error":""},"_links":{"self":[{"href":"https:\/\/www.europesays.com\/fr\/wp-json\/wp\/v2\/posts\/235132","targetHints":{"allow":["GET"]}}],"collection":[{"href":"https:\/\/www.europesays.com\/fr\/wp-json\/wp\/v2\/posts"}],"about":[{"href":"https:\/\/www.europesays.com\/fr\/wp-json\/wp\/v2\/types\/post"}],"author":[{"embeddable":true,"href":"https:\/\/www.europesays.com\/fr\/wp-json\/wp\/v2\/users\/2"}],"replies":[{"embeddable":true,"href":"https:\/\/www.europesays.com\/fr\/wp-json\/wp\/v2\/comments?post=235132"}],"version-history":[{"count":0,"href":"https:\/\/www.europesays.com\/fr\/wp-json\/wp\/v2\/posts\/235132\/revisions"}],"wp:featuredmedia":[{"embeddable":true,"href":"https:\/\/www.europesays.com\/fr\/wp-json\/wp\/v2\/media\/235133"}],"wp:attachment":[{"href":"https:\/\/www.europesays.com\/fr\/wp-json\/wp\/v2\/media?parent=235132"}],"wp:term":[{"taxonomy":"category","embeddable":true,"href":"https:\/\/www.europesays.com\/fr\/wp-json\/wp\/v2\/categories?post=235132"},{"taxonomy":"post_tag","embeddable":true,"href":"https:\/\/www.europesays.com\/fr\/wp-json\/wp\/v2\/tags?post=235132"}],"curies":[{"name":"wp","href":"https:\/\/api.w.org\/{rel}","templated":true}]}}