{"id":235138,"date":"2025-07-08T12:50:12","date_gmt":"2025-07-08T12:50:12","guid":{"rendered":"https:\/\/www.europesays.com\/fr\/235138\/"},"modified":"2025-07-08T12:50:12","modified_gmt":"2025-07-08T12:50:12","slug":"tombee-du-3e-etage-dun-immeuble-a-rennes-la-chatte-gojo-a-disparu-depuis-plusieurs-jours","status":"publish","type":"post","link":"https:\/\/www.europesays.com\/fr\/235138\/","title":{"rendered":"Tomb\u00e9e du 3e \u00e9tage d&rsquo;un immeuble \u00e0 Rennes, la chatte Gojo a disparu depuis plusieurs jours"},"content":{"rendered":"<p>            Par<br \/>\n        <strong><br \/>\n            <a href=\"https:\/\/actu.fr\/auteur\/clemence-pays02-actu-fr\" title=\"Consulter tous les articles de Cl\u00e9mence Pays\" target=\"_blank\" rel=\"noopener\">Cl\u00e9mence Pays<\/a><br \/>\n        <\/strong><\/p>\n<p>        Publi\u00e9 le<\/p>\n<p>            8 juil. 2025 \u00e0 14h24        <\/p>\n<p>Voil\u00e0 pr\u00e8s de quatre jours que <strong>Gojo<\/strong> a disparu \u00e0 Rennes, causant l\u2019inqui\u00e9tude de sa propri\u00e9taire, Maryam. \u00ab\u2009Cela s\u2019est pass\u00e9 samedi [5\u00a0juillet 2025, N.D.L.R.], vers 10h. On a <strong>entendu un bruit<\/strong> sur la fen\u00eatre. On s\u2019est retourn\u00e9 et on a vu une mouche.\u2009\u00bb \u00c0 ce moment-l\u00e0 Maryam comprend tout de suite ce qu\u2019il s\u2019est pass\u00e9.<\/p>\n<p class=\" wall-content\">La chatte a voulu attraper l\u2019insecte, \u00ab\u2009comme elle fait tout le temps\u2009\u00bb et est \u00ab<strong>\u2009tomb\u00e9e par la fen\u00eatre du 3e \u00e9tage\u2009\u00bb.<\/strong> \u00ab\u2009Elle a pris la fuite apr\u00e8s\u2009\u00bb, ne peut que constater Maryam.<\/p>\n<p class=\" wall-content\">\u00ab\u2009Ce qu\u2019il faut savoir aussi, c\u2019est qu\u2019elle vit en appartement depuis toute petite et n\u2019est <strong>jamais all\u00e9e \u00e0 l\u2019ext\u00e9rieur\u2009\u00bb,<\/strong> s\u2019inqui\u00e8te Maryam.<\/p>\n<p>    <img   decoding=\"async\" loading=\"lazy\" src=\"https:\/\/www.europesays.com\/fr\/wp-content\/uploads\/2025\/07\/2-gojo-chat-perdu-chatte-rennes-960x640.jpg\" alt=\"Gojo a disparue, samedi 5 juillet 2025, \u00e0 Rennes. Si vous la trouvez, contactez sa propri\u00e9taire.\" width=\"960\" height=\"640\"\/><br \/>\n    Gojo a disparu dans le quartier de Br\u00e9quigny, \u00e0 Rennes. (\u00a9Transmis \u00e0 actu Rennes)Aucune nouvelle depuis<\/p>\n<p class=\" wall-content\">Cette derni\u00e8re part alors \u00e0 la recherche de sa chatte. \u00ab\u2009Je suis all\u00e9e demander au Carrefour s\u2019il n\u2019avait pas vu Gojo et ils m\u2019ont dit qu\u2019<strong>un chat gris est entr\u00e9 dans le magasin,<\/strong> mais qu\u2019il est ressorti tout de suite.\u2009\u00bb<\/p>\n<p>Vid\u00e9os : en ce moment sur Actu<\/p>\n<blockquote class=\"ac-article-quote wall-content\">\n<p>On ne sait pas o\u00f9 elle est, ni si elle est bless\u00e9e.<\/p>\n<p>    <strong>Maryam<\/strong><br \/>\n        Propri\u00e9taire de Gojo    <\/p><\/blockquote>\n<p class=\" wall-content\">Pour tenter de retrouver son animal de compagnie, la Rennaise a lanc\u00e9 un appel sur ses r\u00e9seaux sociaux. \u00ab\u2009J\u2019ai <strong>appel\u00e9 les refuges, les v\u00e9t\u00e9rinaires<\/strong> et j\u2019ai mis des fiches de recherche dans le quartier\u2009\u00bb, \u00e9num\u00e8re Maryam.<\/p>\n<p><img decoding=\"async\" src=\"https:\/\/www.europesays.com\/fr\/wp-content\/uploads\/2025\/07\/1-gojo-chat-perdu-chatte-rennes-640x427.jpg\" alt=\"\" width=\"640\" height=\"427\" loading=\"lazy\"\/>Comment reconna\u00eetre Gojo ?<\/p>\n<p>Gojo est une chatte grise aux yeux verts. Elle est \u00e2g\u00e9e de 2 ans. <br \/>Elle habite dans un appartement place Albert-Bayet et se trouve probablement dans le quartier de Br\u00e9quigny, \u00e0 Rennes. <br \/>Gojo a toujours v\u00e9cu en int\u00e9rieur et n&rsquo;a donc pas l&rsquo;habitude de se promener en libert\u00e9. D&rsquo;ordinaire elle est plut\u00f4t sociable.<\/p>\n<p class=\" wall-content\">Malheureusement, jusqu\u2019\u00e0 pr\u00e9sent, personne n\u2019a contact\u00e9 la jeune femme.<\/p>\n<p class=\" wall-content\">Si vous apercevez Gojo ou si vous la retrouvez, appeler Maryam au <strong>07\u200967\u200905\u200979\u200943.<\/strong><\/p>\n<p class=\" wall-content\">Suivez toute l\u2019actualit\u00e9 de vos villes et m\u00e9dias favoris en vous inscrivant \u00e0 <a href=\"https:\/\/moncompte.actu.fr\" title=\"D\u00e9couvez Mon Actu\" rel=\"nofollow noopener\" data-trk=\"{&quot;cta&quot;:{&quot;action&quot;:&quot;https:\\\/\\\/moncompte.actu.fr&quot;,&quot;category&quot;:&quot;mon compte&quot;,&quot;from&quot;:&quot;article footer&quot;,&quot;name&quot;:&quot;Mon actu&quot;,&quot;type&quot;:&quot;cta&quot;}}\" target=\"_blank\">Mon Actu<\/a>.<\/p>\n","protected":false},"excerpt":{"rendered":"Par Cl\u00e9mence Pays Publi\u00e9 le 8 juil. 2025 \u00e0 14h24 Voil\u00e0 pr\u00e8s de quatre jours que Gojo a&hellip;\n","protected":false},"author":2,"featured_media":235139,"comment_status":"","ping_status":"","sticky":false,"template":"","format":"standard","meta":{"footnotes":""},"categories":[2821],"tags":[1111,11,1867,829,7654,1777,674,1011,27,12,584,25,104],"class_list":{"0":"post-235138","1":"post","2":"type-post","3":"status-publish","4":"format-standard","5":"has-post-thumbnail","7":"category-rennes","8":"tag-actu","9":"tag-actualites","10":"tag-animaux","11":"tag-bretagne","12":"tag-chat","13":"tag-eu","14":"tag-europe","15":"tag-fr","16":"tag-france","17":"tag-news","18":"tag-rennes","19":"tag-republique-francaise","20":"tag-societe"},"share_on_mastodon":{"url":"https:\/\/pubeurope.com\/@fr\/114817704311159975","error":""},"_links":{"self":[{"href":"https:\/\/www.europesays.com\/fr\/wp-json\/wp\/v2\/posts\/235138","targetHints":{"allow":["GET"]}}],"collection":[{"href":"https:\/\/www.europesays.com\/fr\/wp-json\/wp\/v2\/posts"}],"about":[{"href":"https:\/\/www.europesays.com\/fr\/wp-json\/wp\/v2\/types\/post"}],"author":[{"embeddable":true,"href":"https:\/\/www.europesays.com\/fr\/wp-json\/wp\/v2\/users\/2"}],"replies":[{"embeddable":true,"href":"https:\/\/www.europesays.com\/fr\/wp-json\/wp\/v2\/comments?post=235138"}],"version-history":[{"count":0,"href":"https:\/\/www.europesays.com\/fr\/wp-json\/wp\/v2\/posts\/235138\/revisions"}],"wp:featuredmedia":[{"embeddable":true,"href":"https:\/\/www.europesays.com\/fr\/wp-json\/wp\/v2\/media\/235139"}],"wp:attachment":[{"href":"https:\/\/www.europesays.com\/fr\/wp-json\/wp\/v2\/media?parent=235138"}],"wp:term":[{"taxonomy":"category","embeddable":true,"href":"https:\/\/www.europesays.com\/fr\/wp-json\/wp\/v2\/categories?post=235138"},{"taxonomy":"post_tag","embeddable":true,"href":"https:\/\/www.europesays.com\/fr\/wp-json\/wp\/v2\/tags?post=235138"}],"curies":[{"name":"wp","href":"https:\/\/api.w.org\/{rel}","templated":true}]}}