{"id":235148,"date":"2025-07-08T12:55:15","date_gmt":"2025-07-08T12:55:15","guid":{"rendered":"https:\/\/www.europesays.com\/fr\/235148\/"},"modified":"2025-07-08T12:55:15","modified_gmt":"2025-07-08T12:55:15","slug":"jaurais-tellement-voulu-le-sauver-cet-ancien-policier-de-71-ans-sest-jete-a-leau-pour-tenter-de-secourir-le-nageur-decede-a-nice","status":"publish","type":"post","link":"https:\/\/www.europesays.com\/fr\/235148\/","title":{"rendered":"\u00ab\u00a0J&rsquo;aurais tellement voulu le sauver\u00a0\u00bb: cet ancien policier de 71 ans s&rsquo;est jet\u00e9 \u00e0 l&rsquo;eau pour tenter de secourir le nageur d\u00e9c\u00e9d\u00e9 \u00e0 Nice"},"content":{"rendered":"<p>Moins de <a href=\"https:\/\/www.nicematin.com\/a\/993316\" target=\"_blank\" rel=\"noopener nofollow\">24 heures apr\u00e8s, l\u2019\u00e9motion l\u2019\u00e9treint toujours<\/a>. G\u00e9rald Vivier, 71 ans, est pourtant un sacr\u00e9 gaillard. D\u2019allure sportive, le regard clair et franc, il est arriv\u00e9 \u00e0 v\u00e9lo \u00e0 l\u2019interview, \u00e0 la plage de la R\u00e9serve, \u00e0 Nice.<\/p>\n<p>Cet ancien triathl\u00e8te de haut niveau, qui a depuis connu un grave probl\u00e8me cardiaque, continue le sport, mais avec prudence. Toujours \u00e0 l\u2019\u00e9coute de son corps.<\/p>\n<p>Ce policier \u00e0 la retraite a enquill\u00e9 dix ans \u00e0 la BRB, au mythique 36 Quai des Orf\u00e8vres de Paris. Puis il a \u00e9t\u00e9 chef de la brigade des stups de la PJ de Nice.<\/p>\n<p>Ce lundi 7 juillet 2025, il venait de faire du v\u00e9lo avant d\u2019aller nager \u00e0 plage des Bains militaires. Son fief. Une crique superbe, compos\u00e9e de galets et d\u2019une eau turquoise, coinc\u00e9e entre le plongeoir et le club nautique.<\/p>\n<p>G\u00e9rald a align\u00e9 sans difficult\u00e9 les quatre bou\u00e9es vertes que les nageurs du coin connaissent par c\u0153ur. \u00c9t\u00e9 comme hiver, c\u2019est ici qu\u2019il nage avec un groupe d\u2019amis.<\/p>\n<p>Il t\u00e9moigne avec pudeur, g\u00ean\u00e9 d\u2019\u00eatre dans la lumi\u00e8re. Mais s\u2019il t\u00e9moigne, dit-il, c\u2019est pour alerter sur les dangers de la mer.<\/p>\n<p>\u00ab\u00a0Quand j\u2019ai nag\u00e9, vers 14 heures, il y avait de la houle. Mais les vagues n\u2019\u00e9taient pas agressives. D\u00e8s que j\u2019ai eu fini les quatre bou\u00e9es, je suis revenu sur la plage, et je ne suis pas retourn\u00e9 dans l\u2019eau, c\u2019\u00e9tait devenu dangereux. J\u2019ai m\u00eame dit \u00e0 une dame \u00e0 c\u00f4t\u00e9 de moi qu\u2019elle ne devrait pas laisser sa petite jouer dans les vagues car il y a des rochers qu\u2019on ne voit pas et \u00e7a peut \u00eatre dangereux.\u00a0\u00bb<\/p>\n<p><strong>\u00ab\u00a0Il \u00e9tait sur le ventre, bras \u00e9cart\u00e9s\u00a0\u00bb<\/strong><\/p>\n<p>G\u00e9rald est en train de disserter sur sa serviette avec deux-trois amis quand, soudain, ils remarquent un homme. Le seul encore dans l\u2019eau.<\/p>\n<p> \u00ab\u00a0On regarde, et on se dit que le gars l\u00e0-bas a l\u2019air en difficult\u00e9. Il avait palmes, masque, tuba, combinaison et une bou\u00e9e orange. Il montait descendait dans la houle, il \u00e9tait sur le ventre. C\u2019est la position de ses bras qui m\u2019a convaincu qu\u2019il \u00e9tait en difficult\u00e9. Ils \u00e9taient \u00e9cart\u00e9s de chaque c\u00f4t\u00e9 de lui.\u00a0\u00bb<\/p>\n<p>L\u2019ancien policier r\u00e9agit instinctivement. Il se rue dans l\u2019eau, sans ses lunettes de natation. \u00ab\u00a0La mer c\u2019est mon \u00e9l\u00e9ment, mais je la respecte \u00e9norm\u00e9ment. L\u00e0, les conditions \u00e9taient grosses, mais j\u2019avais peur qu\u2019il aille dans les rochers et se fasse fracasser. Je voulais le sauver. J\u2019osais esp\u00e9rer qu\u2019il \u00e9tait encore vivant.\u00a0\u00bb<\/p>\n<p>En deux minutes, il est aupr\u00e8s de lui. \u00ab\u00a0\u00c0 un m\u00e8tre, je criais \u00ab\u00a0Monsieur, Monsieur\u00a0\u00bb. Il ne r\u00e9pondait pas. Je ne me suis pas pr\u00e9sent\u00e9 face \u00e0 lui car j\u2019ai fait des stages et je redoutais qu\u2019il m\u2019agrippe dans un geste d\u00e9sesp\u00e9r\u00e9 et m\u2019entra\u00eene au fond. Je l\u2019ai pinc\u00e9 mais il ne r\u00e9agissait pas. Et j\u2019ai vu sa t\u00eate pench\u00e9e vers le fond de l\u2019eau. \u00bb G\u00e9rald comprend que la situation est critique.<\/p>\n<p>\u00ab\u00a0Je l\u2019ai retourn\u00e9, j\u2019ai pass\u00e9 le bras sous lui pour lui maintenir la t\u00eate hors de l\u2019eau. \u00c0 un moment, sur le retour, j\u2019ai vu que les vagues nous amenaient sur les rochers. Je me suis dit qu\u2019on allait se faire fracasser. J\u2019ai donn\u00e9 les coups de reins qu\u2019il fallait pour aller vers la plage. Je criais d\u2019appeler les pompiers.\u00a0\u00bb<\/p>\n<p>\u00c0 une dizaine de m\u00e8tres, du rivage, un jeune homme est rentr\u00e9 dans l\u2019eau et l\u2019a aid\u00e9 \u00e0 sortir le nageur en d\u00e9tresse. \u00ab\u00a0Les pompiers avaient s\u00fbrement \u00e9t\u00e9 appel\u00e9s, ils sont arriv\u00e9s deux minutes apr\u00e8s. Tous les badauds s\u2019amassaient, j\u2019ai eu un coup de sang, j\u2019ai hurl\u00e9 \u00ab\u00a0Poussez-vous\u00a0\u00bb. Une dame m\u2019a dit qu\u2019elle \u00e9tait infirmi\u00e8re. Je lui ai dit de commencer le massage cardiaque et je suis parti vite car j\u2019\u00e9tais \u00e9puis\u00e9.\u00a0\u00bb\u00a0<\/p>\n<p>G\u00e9rald coupe son r\u00e9cit. Son regard clair s\u2019embue. \u00ab\u00a0Quand j\u2019ai vu qu\u2019ils le massaient sur la plage, \u00e7a m\u2019a rappel\u00e9 mon histoire, mon probl\u00e8me cardiaque. Je me disais, \u00ab\u00a0le pauvre\u00a0\u00bb. Je voyais que c\u2019\u00e9tait un mec de mon \u00e2ge, j\u2019aurais tellement voulu le sauver, \u00e7a me travaille.\u00a0\u00bb\u00a0Le Samu, les sapeurs-pompiers ont tent\u00e9 de le r\u00e9animer, en vain. L\u2019homme n\u2019a pas surv\u00e9cu.<\/p>\n<p>L\u2019ancien flic, qui a connu des fusillades, des interpellations muscl\u00e9es, esp\u00e8re avoir fait le maximum. Au moment o\u00f9 il est intervenu, la mer balayait la plateforme en b\u00e9ton du fond de la plage, au pied du Plongeoir. La houle brassait la plage des Bains militaires. \u00ab\u00a0Les gens avaient d\u00fb reculer sur les galets tellement \u00e7a montait loin.\u00a0\u00bb<\/p>\n<p>Des moniteurs du club nautique sont intervenus pour aider \u00e0 \u00e9vacuer les baigneurs. G\u00e9rald, lui, yeux humides, pense \u00e0 la famille du nageur. Selon G\u00e9rald, un ami du d\u00e9funt nageait dans la m\u00eame baie et n\u2019a d\u00e9couvert l\u2019accident qu\u2019apr\u00e8s. \u00ab\u00a0J\u2019aurais tellement voulu leur ramener et qu\u2019il puisse \u00eatre r\u00e9anim\u00e9.\u00a0\u00bb Son c\u0153ur se serre.<\/p>\n<p>Le nageur qu\u2019il a ramen\u00e9 \u00e9tait parfaitement \u00e9quip\u00e9 et l\u2019imprudence semble exclue. Mais G\u00e9rald alerte tout de m\u00eame ceux qui ne connaissent pas le secteur sur le danger des plages de la R\u00e9serve, de Coco Beach, par forte houle. \u00ab\u00a0Il faut toujours \u00eatre tr\u00e8s prudent. Ici, \u00e7a peut vite devenir extr\u00eamement dangereux. Et surtout \u00eatre attentif, si personne n\u2019est dans l\u2019eau c\u2019est qu\u2019il y a une raison, et \u00e9couter les gens du coin.\u00a0\u00bb<\/p>\n<p>En juillet 2024, dix personnes sont d\u00e9c\u00e9d\u00e9es de noyade dans les Alpes-Maritimes.<\/p>\n","protected":false},"excerpt":{"rendered":"Moins de 24 heures apr\u00e8s, l\u2019\u00e9motion l\u2019\u00e9treint toujours. G\u00e9rald Vivier, 71 ans, est pourtant un sacr\u00e9 gaillard. D\u2019allure&hellip;\n","protected":false},"author":2,"featured_media":235149,"comment_status":"","ping_status":"","sticky":false,"template":"","format":"standard","meta":{"footnotes":""},"categories":[2819],"tags":[1111,11,1777,674,118,1011,27,12,2401,882,25],"class_list":{"0":"post-235148","1":"post","2":"type-post","3":"status-publish","4":"format-standard","5":"has-post-thumbnail","7":"category-nice","8":"tag-actu","9":"tag-actualites","10":"tag-eu","11":"tag-europe","12":"tag-faits-divers","13":"tag-fr","14":"tag-france","15":"tag-news","16":"tag-nice","17":"tag-provence-alpes-cote-dazur","18":"tag-republique-francaise"},"share_on_mastodon":{"url":"https:\/\/pubeurope.com\/@fr\/114817723487739687","error":""},"_links":{"self":[{"href":"https:\/\/www.europesays.com\/fr\/wp-json\/wp\/v2\/posts\/235148","targetHints":{"allow":["GET"]}}],"collection":[{"href":"https:\/\/www.europesays.com\/fr\/wp-json\/wp\/v2\/posts"}],"about":[{"href":"https:\/\/www.europesays.com\/fr\/wp-json\/wp\/v2\/types\/post"}],"author":[{"embeddable":true,"href":"https:\/\/www.europesays.com\/fr\/wp-json\/wp\/v2\/users\/2"}],"replies":[{"embeddable":true,"href":"https:\/\/www.europesays.com\/fr\/wp-json\/wp\/v2\/comments?post=235148"}],"version-history":[{"count":0,"href":"https:\/\/www.europesays.com\/fr\/wp-json\/wp\/v2\/posts\/235148\/revisions"}],"wp:featuredmedia":[{"embeddable":true,"href":"https:\/\/www.europesays.com\/fr\/wp-json\/wp\/v2\/media\/235149"}],"wp:attachment":[{"href":"https:\/\/www.europesays.com\/fr\/wp-json\/wp\/v2\/media?parent=235148"}],"wp:term":[{"taxonomy":"category","embeddable":true,"href":"https:\/\/www.europesays.com\/fr\/wp-json\/wp\/v2\/categories?post=235148"},{"taxonomy":"post_tag","embeddable":true,"href":"https:\/\/www.europesays.com\/fr\/wp-json\/wp\/v2\/tags?post=235148"}],"curies":[{"name":"wp","href":"https:\/\/api.w.org\/{rel}","templated":true}]}}