{"id":23515,"date":"2025-04-14T02:37:09","date_gmt":"2025-04-14T02:37:09","guid":{"rendered":"https:\/\/www.europesays.com\/fr\/23515\/"},"modified":"2025-04-14T02:37:09","modified_gmt":"2025-04-14T02:37:09","slug":"katy-perry-dans-lespace-comment-suivre-en-direct-le-vol-de-blue-origin","status":"publish","type":"post","link":"https:\/\/www.europesays.com\/fr\/23515\/","title":{"rendered":"Katy Perry dans l&rsquo;espace : comment suivre en direct le vol de Blue Origin"},"content":{"rendered":"<p>La chanteuse am\u00e9ricaine Katy Perry doit se rendre dans l&rsquo;espace lundi.L&rsquo;artiste de 40 ans fait partie du prochain \u00e9quipage de la fus\u00e9e New Shepard de Blue Origin.TF1info vous dit comment suivre son odyss\u00e9e.<\/p>\n<p data-module=\"article-paragraph\" class=\"jsx-362436225 Paragraph Paragraph__End\">Monter dans une fus\u00e9e, ressentir la sensation d&rsquo;apesanteur, et contempler la Terre avec le recul d&rsquo;un extraterrestre. C&rsquo;est l&rsquo;exp\u00e9rience hors du commun que s&rsquo;appr\u00eate \u00e0 vivre la popstar Katy Perry. La chanteuse am\u00e9ricaine doit s&rsquo;envoler ce lundi 14 avril \u00e0 bord de la fus\u00e9e New Shepard de l&rsquo;entreprise Blue Origin, qui propose depuis plusieurs ann\u00e9es d\u00e9j\u00e0 des vols de tourisme spatial. L&rsquo;artiste se rendra dans l&rsquo;espace aux c\u00f4t\u00e9s d&rsquo;un \u00e9quipage exclusivement f\u00e9minin, une premi\u00e8re depuis le vol en solitaire de la cosmonaute russe Valentina Terechkova en 1963.<\/p>\n<p data-module=\"article-paragraph\" class=\"jsx-362436225 Paragraph Paragraph__End\">La chanteuse am\u00e9ricaine, \u00e2g\u00e9e de 40 ans, \u00ab\u00a0esp\u00e8re que son voyage encouragera sa fille et d&rsquo;autres personnes \u00e0 atteindre les \u00e9toiles, au sens propre comme au sens figur\u00e9\u00a0\u00bb, peut-on lire dans le dossier de presse fourni par la soci\u00e9t\u00e9 Blue Origin. Elle sera accompagn\u00e9e de l&rsquo;animatrice de t\u00e9l\u00e9vision Gayle King, de la productrice de cin\u00e9ma Kerianne Flynn, de l&rsquo;ancienne scientifique de la Nasa Aisha Bowe et de la militante des droits civiques Amanda Nguyen. La journaliste (et fianc\u00e9e de Jeff Bezos) Lauren Sanchez fera \u00e9galement partie du voyage.\u00a0<\/p>\n<blockquote data-testid=\"EmbedTwitter\" id=\"tweet-1895109914223050764-:Rcmij9n7a6:\" class=\"jsx-aeff1a1c40f54d7a twitter-tweet flex justify-center items-center\"><p>\ud83d\ude80 Meet the New Shepard NS-31 crew launching this spring: Aisha Bowe, Amanda Nguyen, Gayle King, Katy Perry, Kerianne Flynn, and Lauren S\u00e1nchez, who brought the mission together. Read more:  https:\/\/t.co\/w4ryNViYPI pic.twitter.com\/qm45kHVc2e \u2014 Blue Origin (@blueorigin)  February 27, 2025<\/p><\/blockquote>\n<p>Comment suivre le vol en direct ?<\/p>\n<p data-module=\"article-paragraph\" class=\"jsx-362436225 Paragraph Paragraph__End\">Enti\u00e8rement automatis\u00e9e, la fus\u00e9e New Shepard d\u00e9collera \u00e0 la verticale et la capsule se d\u00e9tachera en vol, avant de retomber sur Terre frein\u00e9e par des parachutes et un r\u00e9tropropulseur. L&rsquo;\u00e9quipage se rendra au-dessus de la ligne de Karman, qui marque \u00e0 100 kilom\u00e8tres d&rsquo;altitude la fronti\u00e8re de l&rsquo;espace. Lors de cette exp\u00e9rience de quelques minutes, les passagers peuvent se d\u00e9tacher de leur si\u00e8ge et flotter bri\u00e8vement en apesanteur, tout en profitant d&rsquo;une vue imprenable sur la Terre \u00e0 travers les immenses hublots d&rsquo;un m\u00e8tre qui \u00e9quipent la capsule. Le vol va durer dix \u00e0 onze minutes au total.<\/p>\n<ul class=\"jsx-658110588 ReadMoreArticle__List flex flex-column\">\n<li class=\"jsx-658110588\"><a href=\"https:\/\/www.tf1info.fr\/sciences-et-innovation\/espace-blue-origin-new-glenn-defie-spacex-jeff-bezos-peut-il-faire-de-l-ombre-a-elon-musk-2345218.html\" rel=\"noopener\" class=\"jsx-4233824444 Link flex\" target=\"_blank\"><img decoding=\"async\" src=\"https:\/\/www.europesays.com\/fr\/wp-content\/uploads\/2025\/04\/musk-bezos-d0b12d-0@1x.jpeg\" alt=\"Lire aussi\" loading=\"lazy\" importance=\"low\" fetchpriority=\"low\" class=\"\" copyright=\"MANDEL NGAN, Brendan Smialowski \/ AFP\"\/>\n<p class=\"jsx-658110588 ReadMoreArticle__Title\">Lire aussi<\/p>\n<p class=\"jsx-658110588\">Blue Origin vs SpaceX : Jeff Bezos peut-il faire de l&rsquo;ombre \u00e0 Elon Musk dans l&rsquo;espace ? <\/p>\n<p><\/a><\/li>\n<\/ul>\n<p data-module=\"article-paragraph\" class=\"jsx-362436225 Paragraph Paragraph__End\">Pour ceux qui souhaitent assister au vol, le lancement est pr\u00e9vu ce lundi 14 avril \u00e0 15h30 (heure de Paris) depuis la base de lancement de la soci\u00e9t\u00e9 situ\u00e9e au Texas, aux \u00c9tats-Unis. Une retransmission en direct du lancement sera disponible sur le <a href=\"https:\/\/www.blueorigin.com\/fr-FR\" target=\"_blank\" rel=\"nofollow noopener\">site web de Blue Origin (nouvelle fen\u00eatre)<\/a> environ quinze minutes avant le d\u00e9collage, et sera diffus\u00e9e en simultan\u00e9 sur la <a href=\"https:\/\/www.youtube.com\/@blueorigin\" target=\"_blank\" rel=\"noopener\">cha\u00eene YouTube (nouvelle fen\u00eatre)<\/a> et le <a href=\"https:\/\/x.com\/blueorigin?ref_src=twsrc%5Egoogle%7Ctwcamp%5Eserp%7Ctwgr%5Eauthor\" target=\"_blank\">compte X de Blue Origin (nouvelle fen\u00eatre)<\/a>. L&rsquo;entreprise fond\u00e9e par le milliardaire Jeff Bezos a d\u00e9j\u00e0 emmen\u00e9 52 personnes, dont d&rsquo;autres c\u00e9l\u00e9brit\u00e9s, \u00e0 l&rsquo;instar de William Shatner, qui incarnait le capitaine Kirk dans la s\u00e9rie Star Trek.<\/p>\n<p>Matthieu DELACHARLERY<\/p>\n<p><script async src=\"https:\/\/platform.twitter.com\/widgets.js\" charset=\"utf-8\"><\/script><\/p>\n","protected":false},"excerpt":{"rendered":"La chanteuse am\u00e9ricaine Katy Perry doit se rendre dans l&rsquo;espace lundi.L&rsquo;artiste de 40 ans fait partie du prochain&hellip;\n","protected":false},"author":2,"featured_media":23516,"comment_status":"","ping_status":"","sticky":false,"template":"","format":"standard","meta":{"footnotes":""},"categories":[1359],"tags":[1111,11,1921,58,59,386,73,1011,27,1922,8553,873,973,133,8554],"class_list":{"0":"post-23515","1":"post","2":"type-post","3":"status-publish","4":"format-standard","5":"has-post-thumbnail","7":"category-people","8":"tag-actu","9":"tag-actualites","10":"tag-article-video","11":"tag-divertissement","12":"tag-entertainment","13":"tag-espace","14":"tag-etats-unis","15":"tag-fr","16":"tag-france","17":"tag-info","18":"tag-katy-perry","19":"tag-musique","20":"tag-people","21":"tag-video","22":"tag-video-sciences"},"share_on_mastodon":{"url":"https:\/\/pubeurope.com\/@fr\/114333997006889150","error":""},"_links":{"self":[{"href":"https:\/\/www.europesays.com\/fr\/wp-json\/wp\/v2\/posts\/23515","targetHints":{"allow":["GET"]}}],"collection":[{"href":"https:\/\/www.europesays.com\/fr\/wp-json\/wp\/v2\/posts"}],"about":[{"href":"https:\/\/www.europesays.com\/fr\/wp-json\/wp\/v2\/types\/post"}],"author":[{"embeddable":true,"href":"https:\/\/www.europesays.com\/fr\/wp-json\/wp\/v2\/users\/2"}],"replies":[{"embeddable":true,"href":"https:\/\/www.europesays.com\/fr\/wp-json\/wp\/v2\/comments?post=23515"}],"version-history":[{"count":0,"href":"https:\/\/www.europesays.com\/fr\/wp-json\/wp\/v2\/posts\/23515\/revisions"}],"wp:featuredmedia":[{"embeddable":true,"href":"https:\/\/www.europesays.com\/fr\/wp-json\/wp\/v2\/media\/23516"}],"wp:attachment":[{"href":"https:\/\/www.europesays.com\/fr\/wp-json\/wp\/v2\/media?parent=23515"}],"wp:term":[{"taxonomy":"category","embeddable":true,"href":"https:\/\/www.europesays.com\/fr\/wp-json\/wp\/v2\/categories?post=23515"},{"taxonomy":"post_tag","embeddable":true,"href":"https:\/\/www.europesays.com\/fr\/wp-json\/wp\/v2\/tags?post=23515"}],"curies":[{"name":"wp","href":"https:\/\/api.w.org\/{rel}","templated":true}]}}