{"id":235150,"date":"2025-07-08T12:56:25","date_gmt":"2025-07-08T12:56:25","guid":{"rendered":"https:\/\/www.europesays.com\/fr\/235150\/"},"modified":"2025-07-08T12:56:25","modified_gmt":"2025-07-08T12:56:25","slug":"vertou-des-ateliers-numeriques-pour-senior-en-septembre","status":"publish","type":"post","link":"https:\/\/www.europesays.com\/fr\/235150\/","title":{"rendered":"Vertou. Des ateliers num\u00e9riques pour senior en septembre"},"content":{"rendered":"<p>Le Centre local d\u2019information et de coordination est un service destin\u00e9 aux personnes de plus de 60\u00a0ans vivant \u00e0 leur domicile.<\/p>\n<p>Le Clic Villes Vill\u2019\u00e2ges leur propose de d\u00e9velopper leurs comp\u00e9tences dans le domaine du num\u00e9rique (tablette, smartphone et ordinateur portable) en participant \u00e0 un atelier de huit\u00a0s\u00e9ances de deux\u00a0heures (continu \u00e9volutif en fonction du niveau du groupe).<\/p>\n<p>L\u2019objectif est d\u2019offrir un accompagnement personnalis\u00e9 et adapt\u00e9 \u00e0 chacun. De la manipulation des outils aux recherches internet en passant par la d\u00e9couverte de la bo\u00eete mail, les parcours num\u00e9riques permettent d\u2019aborder diff\u00e9rentes th\u00e9matiques. Ces ateliers sont l\u2019occasion de rencontrer d\u2019autres personnes. Th\u00e9matiques abord\u00e9es\u00a0: d\u00e9couvrir son appareil, connexion Internet, recherches en ligne, bo\u00eete mail, bases de la s\u00e9curit\u00e9 en ligne, tri des photos et fichiers, outils bureautiques.<\/p>\n<p>Les mardi\u00a016<strong class=\"date\">, 23, 30\u00a0septembre, 7 et 14\u00a0octobre, 4, 18, 25\u00a0novembre,<\/strong> de 10\u00a0h \u00e0 12\u00a0h, salle 7\u00a0du P\u00f4le social, 1, rue de la Garenne, \u00e0 Vertou. Tarif\u00a0: 70\u00a0\u20ac pour les huit\u00a0s\u00e9ances (50\u00a0% d\u00e9ductibles des imp\u00f4ts). Inscriptions d\u00e8s maintenant au Clic au\u00a002\u00a028\u00a001\u00a082\u00a024 ou \u00e0\u00a0contact@clicvillesvillages.fr<\/p>\n<p>\u00a0<\/p>\n","protected":false},"excerpt":{"rendered":"Le Centre local d\u2019information et de coordination est un service destin\u00e9 aux personnes de plus de 60\u00a0ans vivant&hellip;\n","protected":false},"author":2,"featured_media":235151,"comment_status":"","ping_status":"","sticky":false,"template":"","format":"standard","meta":{"footnotes":""},"categories":[2818],"tags":[1111,11,10036,1777,674,1011,27,766,12,10291,2636,25,12361,395,14532],"class_list":{"0":"post-235150","1":"post","2":"type-post","3":"status-publish","4":"format-standard","5":"has-post-thumbnail","7":"category-nantes","8":"tag-actu","9":"tag-actualites","10":"tag-ateliers","11":"tag-eu","12":"tag-europe","13":"tag-fr","14":"tag-france","15":"tag-nantes","16":"tag-news","17":"tag-numeriques","18":"tag-pays-de-la-loire","19":"tag-republique-francaise","20":"tag-senior","21":"tag-septembre","22":"tag-vertou"},"share_on_mastodon":{"url":"https:\/\/pubeurope.com\/@fr\/114817727513076696","error":""},"_links":{"self":[{"href":"https:\/\/www.europesays.com\/fr\/wp-json\/wp\/v2\/posts\/235150","targetHints":{"allow":["GET"]}}],"collection":[{"href":"https:\/\/www.europesays.com\/fr\/wp-json\/wp\/v2\/posts"}],"about":[{"href":"https:\/\/www.europesays.com\/fr\/wp-json\/wp\/v2\/types\/post"}],"author":[{"embeddable":true,"href":"https:\/\/www.europesays.com\/fr\/wp-json\/wp\/v2\/users\/2"}],"replies":[{"embeddable":true,"href":"https:\/\/www.europesays.com\/fr\/wp-json\/wp\/v2\/comments?post=235150"}],"version-history":[{"count":0,"href":"https:\/\/www.europesays.com\/fr\/wp-json\/wp\/v2\/posts\/235150\/revisions"}],"wp:featuredmedia":[{"embeddable":true,"href":"https:\/\/www.europesays.com\/fr\/wp-json\/wp\/v2\/media\/235151"}],"wp:attachment":[{"href":"https:\/\/www.europesays.com\/fr\/wp-json\/wp\/v2\/media?parent=235150"}],"wp:term":[{"taxonomy":"category","embeddable":true,"href":"https:\/\/www.europesays.com\/fr\/wp-json\/wp\/v2\/categories?post=235150"},{"taxonomy":"post_tag","embeddable":true,"href":"https:\/\/www.europesays.com\/fr\/wp-json\/wp\/v2\/tags?post=235150"}],"curies":[{"name":"wp","href":"https:\/\/api.w.org\/{rel}","templated":true}]}}