{"id":235158,"date":"2025-07-08T13:00:09","date_gmt":"2025-07-08T13:00:09","guid":{"rendered":"https:\/\/www.europesays.com\/fr\/235158\/"},"modified":"2025-07-08T13:00:09","modified_gmt":"2025-07-08T13:00:09","slug":"excede-il-sort-son-pistolet-de-defense","status":"publish","type":"post","link":"https:\/\/www.europesays.com\/fr\/235158\/","title":{"rendered":"exc\u00e9d\u00e9, il sort son pistolet de d\u00e9fense"},"content":{"rendered":"<p>            Par<br \/>\n        <strong><br \/>\n            <a href=\"https:\/\/actu.fr\/auteur\/marie-lamarque\" title=\"Consulter tous les articles de Marie Lamarque\" rel=\"nofollow noopener\" target=\"_blank\">Marie Lamarque<\/a><br \/>\n        <\/strong><\/p>\n<p>        Publi\u00e9 le<\/p>\n<p>            8 juil. 2025 \u00e0 14h21        <\/p>\n<p><strong>Une dispute entre voisins qui a mal tourn\u00e9<\/strong> \u00e0 Brugui\u00e8res, au nord de <a href=\"https:\/\/actu.fr\/toulouse\/\" rel=\"nofollow noopener\" target=\"_blank\">Toulouse<\/a>, lundi 30\u00a0juin 2025. Peu apr\u00e8s 11h, les gendarmes sont inform\u00e9s de la pr\u00e9sence d\u2019un homme potentiellement arm\u00e9 sur la voie publique. Le mis en cause s\u2019\u00e9tait empar\u00e9 d\u2019un <strong>pistolet de d\u00e9fense<\/strong>.<\/p>\n<p>    <a href=\"https:\/\/www.google.com\/maps\/embed?pb=!1m18!1m12!1m3!1d92264.44320699165!2d1.328137620372859!3d43.72584540030363!2m3!1f0!2f0!3f0!3m2!1i1024!2i768!4f13.1!3m3!1m2!1s0x12aea68d65a841e5%3A0xe17e3f63b8595b4c!2sBrugui%C3%A8res!5e0!3m2!1sfr!2sfr!4v1751902153861!5m2!1sfr!2sfr\" title=\"Ouvrie le lien\" rel=\"nofollow noopener\" target=\"_blank\">Cliquez ici pour visualiser le contenu<\/a><\/p>\n<p>Le voisin se r\u00e9fugie chez lui<\/p>\n<p class=\" wall-content\">L\u2019homme, \u00e2g\u00e9 de 36\u00a0ans, \u00e9tait d\u00e9j\u00e0 connu des services. Interpell\u00e9 par les gendarmes, il ne montre pas de r\u00e9sistance. Plac\u00e9 en garde \u00e0 vue, il explique avoir un grief avec son voisin, un homme \u00e2g\u00e9 de 46\u00a0ans.<\/p>\n<p class=\" wall-content\">Sous le coup de la col\u00e8re, il a pris son arme avant de la pointer vers le quarantenaire. \u00ab\u2009Pris de panique, le voisin s\u2019est r\u00e9fugi\u00e9 \u00e0 son domicile\u2009\u00bb, explique la gendarmerie \u00e0 <a href=\"https:\/\/actu.fr\/toulouse\/\" rel=\"nofollow noopener\" target=\"_blank\">Actu Toulouse<\/a>.<\/p>\n<p>Il est condamn\u00e9 par le tribunal correctionnel<\/p>\n<p class=\" wall-content\">Jug\u00e9 en comparution imm\u00e9diate par le tribunal correctionnel de Toulouse ce mercredi 2\u00a0juillet, le mis en cause a \u00e9t\u00e9 reconnu coupable et <strong>condamn\u00e9 \u00e0 14\u00a0mois de prison<\/strong> dont <strong>six mois de sursis probatoire,<\/strong> avec am\u00e9nagement de peine.<\/p>\n<p>Vid\u00e9os : en ce moment sur Actu<\/p>\n<p class=\" wall-content\">Il sera surveill\u00e9 par bracelet \u00e9lectronique pendant huit mois. Il \u00e9cope \u00e9galement de <strong>six mois en sursis pendant deux ans<\/strong>, r\u00e9vocable s\u2019il recommet une infraction similaire durant ces deux ann\u00e9es.<\/p>\n<p class=\" wall-content\">Suivez toute l\u2019actualit\u00e9 de vos villes et m\u00e9dias favoris en vous inscrivant \u00e0 <a href=\"https:\/\/moncompte.actu.fr\" title=\"D\u00e9couvez Mon Actu\" rel=\"nofollow noopener\" data-trk=\"{&quot;cta&quot;:{&quot;action&quot;:&quot;https:\\\/\\\/moncompte.actu.fr&quot;,&quot;category&quot;:&quot;mon compte&quot;,&quot;from&quot;:&quot;article footer&quot;,&quot;name&quot;:&quot;Mon actu&quot;,&quot;type&quot;:&quot;cta&quot;}}\" target=\"_blank\">Mon Actu<\/a>.<\/p>\n","protected":false},"excerpt":{"rendered":"Par Marie Lamarque Publi\u00e9 le 8 juil. 2025 \u00e0 14h21 Une dispute entre voisins qui a mal tourn\u00e9&hellip;\n","protected":false},"author":2,"featured_media":235159,"comment_status":"","ping_status":"","sticky":false,"template":"","format":"standard","meta":{"footnotes":""},"categories":[2816],"tags":[1111,11,1777,674,118,1011,27,3381,303,12,2680,25,2312],"class_list":{"0":"post-235158","1":"post","2":"type-post","3":"status-publish","4":"format-standard","5":"has-post-thumbnail","7":"category-toulouse","8":"tag-actu","9":"tag-actualites","10":"tag-eu","11":"tag-europe","12":"tag-faits-divers","13":"tag-fr","14":"tag-france","15":"tag-gendarmerie","16":"tag-justice","17":"tag-news","18":"tag-occitanie","19":"tag-republique-francaise","20":"tag-toulouse"},"share_on_mastodon":{"url":"https:\/\/pubeurope.com\/@fr\/114817743165109342","error":""},"_links":{"self":[{"href":"https:\/\/www.europesays.com\/fr\/wp-json\/wp\/v2\/posts\/235158","targetHints":{"allow":["GET"]}}],"collection":[{"href":"https:\/\/www.europesays.com\/fr\/wp-json\/wp\/v2\/posts"}],"about":[{"href":"https:\/\/www.europesays.com\/fr\/wp-json\/wp\/v2\/types\/post"}],"author":[{"embeddable":true,"href":"https:\/\/www.europesays.com\/fr\/wp-json\/wp\/v2\/users\/2"}],"replies":[{"embeddable":true,"href":"https:\/\/www.europesays.com\/fr\/wp-json\/wp\/v2\/comments?post=235158"}],"version-history":[{"count":0,"href":"https:\/\/www.europesays.com\/fr\/wp-json\/wp\/v2\/posts\/235158\/revisions"}],"wp:featuredmedia":[{"embeddable":true,"href":"https:\/\/www.europesays.com\/fr\/wp-json\/wp\/v2\/media\/235159"}],"wp:attachment":[{"href":"https:\/\/www.europesays.com\/fr\/wp-json\/wp\/v2\/media?parent=235158"}],"wp:term":[{"taxonomy":"category","embeddable":true,"href":"https:\/\/www.europesays.com\/fr\/wp-json\/wp\/v2\/categories?post=235158"},{"taxonomy":"post_tag","embeddable":true,"href":"https:\/\/www.europesays.com\/fr\/wp-json\/wp\/v2\/tags?post=235158"}],"curies":[{"name":"wp","href":"https:\/\/api.w.org\/{rel}","templated":true}]}}