{"id":235164,"date":"2025-07-08T13:03:09","date_gmt":"2025-07-08T13:03:09","guid":{"rendered":"https:\/\/www.europesays.com\/fr\/235164\/"},"modified":"2025-07-08T13:03:09","modified_gmt":"2025-07-08T13:03:09","slug":"plus-que-quelques-jours-pour-en-profiter","status":"publish","type":"post","link":"https:\/\/www.europesays.com\/fr\/235164\/","title":{"rendered":"plus que quelques jours pour en profiter"},"content":{"rendered":"<p>            Par<br \/>\n        <strong><br \/>\n            <a href=\"https:\/\/actu.fr\/auteur\/redaction-lille\" title=\"Consulter tous les articles de R\u00e9daction Lille\" rel=\"nofollow noopener\" target=\"_blank\">R\u00e9daction Lille<\/a><br \/>\n        <\/strong><\/p>\n<p>        Publi\u00e9 le<\/p>\n<p>            8 juil. 2025 \u00e0 14h44        <\/p>\n<p>Pour faire perdurer l\u2019esprit du <a href=\"https:\/\/actu.fr\/tour-de-france\/\" rel=\"nofollow noopener\" target=\"_blank\">Tour de France<\/a>, quoi de mieux qu\u2019une petite expo ? Jusqu\u2019au 27 juillet 2025, vous pourrez vous rendre \u00e0 <a href=\"https:\/\/actu.fr\/hauts-de-france\/lille_59350\" rel=\"nofollow noopener\" target=\"_blank\">Lille<\/a> (Nord) dans le hall d\u2019entr\u00e9e du <b>si\u00e8ge de la r\u00e9gion Hauts-de-France<\/b> pour profiter de l\u2019<b>exposition<\/b> \u00ab\u00a0Le Tour vu d\u2019en haut(s)\u00a0\u00bb. Elle met \u00e0 l\u2019honneur un si\u00e8cle d\u2019histoire cycliste, notamment l\u2019histoire de la Grande Boucle dans la r\u00e9gion.<\/p>\n<p>Objets embl\u00e9matiques, anecdotes, dates clefs\u2026 une mine d\u2019or pour les fid\u00e8les du Tour de France<\/p>\n<p class=\" wall-content\">Les plus fid\u00e8les spectateurs du Tour de France et passionn\u00e9s de v\u00e9lo seront ravis\u00a0: l\u2019exposition s\u2019est organis\u00e9e en collaboration avec deux connaisseurs. <b>\u00c9ric Caron, collectionneur d\u2019objets<\/b> du Tour de France r\u00e9colt\u00e9s dans tout l\u2019hexagone depuis 1971, a permis l\u2019exposition de certaines de ses pi\u00e8ces les plus l\u00e9gendaires.<\/p>\n<p class=\" wall-content\"><b>Francis Taquet, sp\u00e9cialiste du Tour de France dans la r\u00e9gion<\/b> et auteur de trois livres abordant plusieurs \u00e9tapes du Tour entre 1906 et 2022, a contribu\u00e9 \u00e0 retracer les moments les plus embl\u00e9matiques et les anecdotes les plus authentiques du Tour.<\/p>\n<p>    <a href=\"https:\/\/www.facebook.com\/plugins\/post.php?href=https%3A%2F%2Fwww.facebook.com%2Fregionhautsdefrance%2Fposts%2Fpfbid02jB8hj7QG3XGs6r8xv7wEYu8yfftSs1q9QSxZU9ssJb5ViMUCsQA76JtqQXapdk6yl&amp;show_text=true&amp;width=350\" title=\"Ouvrie le lien\" rel=\"nofollow noopener\" target=\"_blank\">Cliquez ici pour visualiser le contenu<\/a><\/p>\n<p class=\" wall-content\">L\u2019exposition est alors une <b>mine d\u2019or d\u2019objets rares, d\u2019archives, de r\u00e9cits et souvenirs<\/b> de la Grande Boucle. Par exemple, <b>plus de 50 maillots d\u2019anciens coureurs<\/b> sont expos\u00e9s, dont celui du premier Tour de France d\u2019Eddy Merckx de 1969, ou encore un maillot de la premi\u00e8re \u00e9quipe africaine sur le Tour de France de 2015.<\/p>\n<p>Vid\u00e9os : en ce moment sur Actu<\/p>\n<p class=\" wall-content\">En outre, \u00ab\u00a0les 21 panneaux propos\u00e9s pour ce voyage dans le temps sont illustr\u00e9s de photos d\u2019archives en lien avec le r\u00e9cit\u00a0\u00bb.<\/p>\n<p class=\" wall-content\">Vous avez encore jusqu\u2019au 27 juillet pour visiter l\u2019exposition, avant de tourner d\u00e9finitivement la page du Tour de France 2025.<\/p>\n<p class=\" wall-content\"><b>Lina Melhem<\/b><\/p>\n<p>Infos pratiques : Si\u00e8ge de la R\u00e9gion Hauts-de-France, 151, avenue du Pr\u00e9sident Hoover 59555 Lille.\u00a0Tarif :\u00a0gratuit. Expo ouverte selon les jours d\u2019ouverture\u00a0de l\u2019accueil du Si\u00e8ge de R\u00e9gion, de\u00a08h \u00e0 19h.<\/p>\n<p class=\" wall-content\">Suivez toute l\u2019actualit\u00e9 de vos villes et m\u00e9dias favoris en vous inscrivant \u00e0 <a href=\"https:\/\/moncompte.actu.fr\" title=\"D\u00e9couvez Mon Actu\" rel=\"nofollow noopener\" data-trk=\"{&quot;cta&quot;:{&quot;action&quot;:&quot;https:\\\/\\\/moncompte.actu.fr&quot;,&quot;category&quot;:&quot;mon compte&quot;,&quot;from&quot;:&quot;article footer&quot;,&quot;name&quot;:&quot;Mon actu&quot;,&quot;type&quot;:&quot;cta&quot;}}\" target=\"_blank\">Mon Actu<\/a>.<\/p>\n","protected":false},"excerpt":{"rendered":"Par R\u00e9daction Lille Publi\u00e9 le 8 juil. 2025 \u00e0 14h44 Pour faire perdurer l\u2019esprit du Tour de France,&hellip;\n","protected":false},"author":2,"featured_media":235165,"comment_status":"","ping_status":"","sticky":false,"template":"","format":"standard","meta":{"footnotes":""},"categories":[2815],"tags":[1111,11,1777,674,1011,27,811,1307,1652,12,25,210,2116,208],"class_list":{"0":"post-235164","1":"post","2":"type-post","3":"status-publish","4":"format-standard","5":"has-post-thumbnail","7":"category-lille","8":"tag-actu","9":"tag-actualites","10":"tag-eu","11":"tag-europe","12":"tag-fr","13":"tag-france","14":"tag-hauts-de-france","15":"tag-lille","16":"tag-loisirs-culture","17":"tag-news","18":"tag-republique-francaise","19":"tag-tour-de-france","20":"tag-tour-de-france-2025","21":"tag-velo"},"share_on_mastodon":{"url":"https:\/\/pubeurope.com\/@fr\/114817755010761753","error":""},"_links":{"self":[{"href":"https:\/\/www.europesays.com\/fr\/wp-json\/wp\/v2\/posts\/235164","targetHints":{"allow":["GET"]}}],"collection":[{"href":"https:\/\/www.europesays.com\/fr\/wp-json\/wp\/v2\/posts"}],"about":[{"href":"https:\/\/www.europesays.com\/fr\/wp-json\/wp\/v2\/types\/post"}],"author":[{"embeddable":true,"href":"https:\/\/www.europesays.com\/fr\/wp-json\/wp\/v2\/users\/2"}],"replies":[{"embeddable":true,"href":"https:\/\/www.europesays.com\/fr\/wp-json\/wp\/v2\/comments?post=235164"}],"version-history":[{"count":0,"href":"https:\/\/www.europesays.com\/fr\/wp-json\/wp\/v2\/posts\/235164\/revisions"}],"wp:featuredmedia":[{"embeddable":true,"href":"https:\/\/www.europesays.com\/fr\/wp-json\/wp\/v2\/media\/235165"}],"wp:attachment":[{"href":"https:\/\/www.europesays.com\/fr\/wp-json\/wp\/v2\/media?parent=235164"}],"wp:term":[{"taxonomy":"category","embeddable":true,"href":"https:\/\/www.europesays.com\/fr\/wp-json\/wp\/v2\/categories?post=235164"},{"taxonomy":"post_tag","embeddable":true,"href":"https:\/\/www.europesays.com\/fr\/wp-json\/wp\/v2\/tags?post=235164"}],"curies":[{"name":"wp","href":"https:\/\/api.w.org\/{rel}","templated":true}]}}