{"id":235175,"date":"2025-07-08T13:10:10","date_gmt":"2025-07-08T13:10:10","guid":{"rendered":"https:\/\/www.europesays.com\/fr\/235175\/"},"modified":"2025-07-08T13:10:10","modified_gmt":"2025-07-08T13:10:10","slug":"un-magistrat-mis-en-examen-pour-viol-et-violences-par-conjoint","status":"publish","type":"post","link":"https:\/\/www.europesays.com\/fr\/235175\/","title":{"rendered":"un magistrat mis en examen pour viol et violences par conjoint"},"content":{"rendered":"<p>Le mis en cause a \u00e9t\u00e9 plac\u00e9 sous contr\u00f4le judiciaire. Une enqu\u00eate est en cours. Le Conseil sup\u00e9rieur de la magistrature (CSM) devrait \u00eatre saisi, car il s\u2019agit du seul organe habilit\u00e9 \u00e0 statuer sur la suspension ou non du magistrat.<\/p>\n<p class=\"fig-paragraph\">Un magistrat a \u00e9t\u00e9 mis en examen la semaine derni\u00e8re dans le cadre d\u2019une information judiciaire ouverte des chefs de \u00abviol commis par une personne \u00e9tant ou ayant \u00e9t\u00e9 conjoint ou concubin\u00bb et \u00abviolence, suivie d\u2019incapacit\u00e9 n\u2019exc\u00e9dant pas 8 jours par une personne \u00e9tant ou ayant \u00e9t\u00e9 conjoint ou concubin\u00bb, a indiqu\u00e9 au Figaro une source judiciaire, confirmant une information du\u00a0<a href=\"https:\/\/www.leparisien.fr\/faits-divers\/un-haut-magistrat-mis-en-examen-pour-viol-et-violences-et-place-sous-controle-judiciaire-04-07-2025-BHLNNEIENZBK3B3NYJQZZJJNMI.php\" target=\"_blank\" rel=\"nofollow noopener\" data-gtm-custom-categorie=\"navigation\" data-gtm-custom-action=\"crossclick\" data-gtm-custom-label=\"Contextuel\" data-gtm-event=\"customEventSPE\">Parisien,\u00a0<\/a>qui pr\u00e9cise que l\u2019homme en question avait pass\u00e9 trois nuits \u00e0 l\u2019I3P [l\u2019Infirmerie psychiatrique de la Pr\u00e9fecture de Police NDLR], avant d\u2019\u00eatre pr\u00e9sent\u00e9 \u00e0 un juge d\u2019instruction. Selon nos informations, l\u2019int\u00e9ress\u00e9 a \u00e9t\u00e9 plac\u00e9 sous contr\u00f4le judiciaire.<\/p>\n<p>Ancien procureur de la R\u00e9publique de Pointe-\u00e0-Pitre<\/p>\n<p class=\"fig-paragraph\">D\u2019apr\u00e8s nos confr\u00e8res du Parisien, le mis en cause serait actuellement en poste au\u00a0<a href=\"http:\/\/www.lefigaro.fr\/actualite-france\/affaire-betharram-le-ministere-de-la-justice-de-l-epoque-notifie-de-trois-signalements-20250218\" target=\"_blank\" data-fig-type=\"NewsFlash\" rel=\"noopener\" data-gtm-custom-categorie=\"navigation\" data-gtm-custom-action=\"crossclick\" data-gtm-custom-label=\"Contextuel\" data-gtm-event=\"customEventSPE\" data-fig-domain=\"LEFIGARO\">minist\u00e8re de la Justice<\/a>, en tant qu\u2019inspecteur g\u00e9n\u00e9ral. Il aurait auparavant offici\u00e9 comme procureur de la R\u00e9publique de Pointe-\u00e0-Pitre, en Guadeloupe. Toujours selon le quotidien r\u00e9gional, la plaignante serait une \u00e9l\u00e8ve de l\u2019<a href=\"http:\/\/www.lefigaro.fr\/actualite-france\/malaise-a-l-ecole-nationale-de-la-magistrature-apres-une-affaire-d-insultes-racistes-20210427\" target=\"_blank\" data-fig-type=\"Article\" rel=\"noopener\" data-gtm-custom-categorie=\"navigation\" data-gtm-custom-action=\"crossclick\" data-gtm-custom-label=\"Contextuel\" data-gtm-event=\"customEventSPE\" data-fig-domain=\"LEFIGARO\">\u00c9cole nationale de la magistrature (ENM)<\/a>, avec laquelle il aurait entretenu une relation. Il est fort probable que le garde des Sceaux fasse une demande d\u2019interruption d\u2019exercice aupr\u00e8s du\u00a0<a href=\"http:\/\/www.lefigaro.fr\/actualite-france\/etat-de-droit-le-conseil-superieur-de-la-magistrature-demande-le-dialogue-avec-le-pouvoir-20240709\" target=\"_blank\" data-fig-type=\"Article\" rel=\"noopener\" data-gtm-custom-categorie=\"navigation\" data-gtm-custom-action=\"crossclick\" data-gtm-custom-label=\"Contextuel\" data-gtm-event=\"customEventSPE\" data-fig-domain=\"LEFIGARO\">Conseil sup\u00e9rieur de la magistrature (CSM),\u00a0<\/a>seul organe habilit\u00e9 \u00e0 statuer sur la suspension ou non du magistrat. Pour l\u2019instant, cet homme est pr\u00e9sum\u00e9 innocent.<\/p>\n","protected":false},"excerpt":{"rendered":"Le mis en cause a \u00e9t\u00e9 plac\u00e9 sous contr\u00f4le judiciaire. Une enqu\u00eate est en cours. Le Conseil sup\u00e9rieur&hellip;\n","protected":false},"author":2,"featured_media":235176,"comment_status":"","ping_status":"","sticky":false,"template":"","format":"standard","meta":{"footnotes":""},"categories":[1888],"tags":[1111,1928,11,1927,1777,674,1011,27,6194,12,1926,626,1925,25,1265],"class_list":{"0":"post-235175","1":"post","2":"type-post","3":"status-publish","4":"format-standard","5":"has-post-thumbnail","7":"category-paris","8":"tag-actu","9":"tag-actu-paris","10":"tag-actualites","11":"tag-actualites-paris","12":"tag-eu","13":"tag-europe","14":"tag-fr","15":"tag-france","16":"tag-magistrats","17":"tag-news","18":"tag-news-paris","19":"tag-paris","20":"tag-paris-news","21":"tag-republique-francaise","22":"tag-viol"},"share_on_mastodon":{"url":"https:\/\/pubeurope.com\/@fr\/114817782487225500","error":""},"_links":{"self":[{"href":"https:\/\/www.europesays.com\/fr\/wp-json\/wp\/v2\/posts\/235175","targetHints":{"allow":["GET"]}}],"collection":[{"href":"https:\/\/www.europesays.com\/fr\/wp-json\/wp\/v2\/posts"}],"about":[{"href":"https:\/\/www.europesays.com\/fr\/wp-json\/wp\/v2\/types\/post"}],"author":[{"embeddable":true,"href":"https:\/\/www.europesays.com\/fr\/wp-json\/wp\/v2\/users\/2"}],"replies":[{"embeddable":true,"href":"https:\/\/www.europesays.com\/fr\/wp-json\/wp\/v2\/comments?post=235175"}],"version-history":[{"count":0,"href":"https:\/\/www.europesays.com\/fr\/wp-json\/wp\/v2\/posts\/235175\/revisions"}],"wp:featuredmedia":[{"embeddable":true,"href":"https:\/\/www.europesays.com\/fr\/wp-json\/wp\/v2\/media\/235176"}],"wp:attachment":[{"href":"https:\/\/www.europesays.com\/fr\/wp-json\/wp\/v2\/media?parent=235175"}],"wp:term":[{"taxonomy":"category","embeddable":true,"href":"https:\/\/www.europesays.com\/fr\/wp-json\/wp\/v2\/categories?post=235175"},{"taxonomy":"post_tag","embeddable":true,"href":"https:\/\/www.europesays.com\/fr\/wp-json\/wp\/v2\/tags?post=235175"}],"curies":[{"name":"wp","href":"https:\/\/api.w.org\/{rel}","templated":true}]}}