{"id":23519,"date":"2025-04-14T02:40:11","date_gmt":"2025-04-14T02:40:11","guid":{"rendered":"https:\/\/www.europesays.com\/fr\/23519\/"},"modified":"2025-04-14T02:40:11","modified_gmt":"2025-04-14T02:40:11","slug":"la-cagnotte-explose-emilien-decroche-sa-2","status":"publish","type":"post","link":"https:\/\/www.europesays.com\/fr\/23519\/","title":{"rendered":"la cagnotte explose, Emilien d\u00e9croche sa 2 &#8230;"},"content":{"rendered":"<p class=\"tls__ed-content__exc\">\u00c9milien, le talentueux Ma\u00eetre de<br \/>\nmidi, a une nouvelle fois brill\u00e9 samedi 12 avril dans l\u00a0\u00bb\u00e9mission<br \/>\nt\u00e9l\u00e9vis\u00e9e Les 12 coups de midi. Il a d\u00e9croch\u00e9 sa 20e \u00e9toile<br \/>\nmyst\u00e9rieuse, faisant grimper sa cagnotte \u00e0 des sommets<br \/>\nvertigineux.<\/p>\n<p>EN BREF<\/p>\n<ul class=\"bloc_resume_post_list\">\n<li>Le jeune Vend\u00e9en \u00c9milien, participant au jeu t\u00e9l\u00e9vis\u00e9 de<br \/>\nTF1 pr\u00e9sent\u00e9 par Jean-Luc Reichmann, a particip\u00e9 \u00e0 562<br \/>\n\u00e9missions.<\/li>\n<li>Apr\u00e8s plusieurs tentatives infructueuses, \u00c9milien a<br \/>\nfinalement d\u00e9couvert que la star internationale cach\u00e9e derri\u00e8re<br \/>\nl&rsquo;\u00e9nigme \u00e9tait Taylor Swift.<\/li>\n<li>Avec cette victoire, \u00c9milien remporte sa 20e \u00e9toile<br \/>\nmyst\u00e9rieuse et sa cagnotte atteint 2 258 977 euros, consolidant sa<br \/>\nr\u00e9putation de grand champion.<\/li>\n<\/ul>\n<p>Le jeune Vend\u00e9en encha\u00eene les succ\u00e8s depuis 562 participations<br \/>\ndans le c\u00e9l\u00e8bre jeu de TF1 pr\u00e9sent\u00e9 par Jean-Luc Reichmann. Apr\u00e8s<br \/>\navoir d\u00e9couvert Robert Redford le mois dernier, il a cette fois<br \/>\nperc\u00e9 le myst\u00e8re de la nouvelle \u00e9nigme, r\u00e9v\u00e9lant l&rsquo;identit\u00e9 de la<br \/>\nstar internationale qui se cachait derri\u00e8re les indices.<\/p>\n<p>Une qu\u00eate sem\u00e9e d&#8217;emb\u00fbches<\/p>\n<p>La recherche de la personnalit\u00e9 dissimul\u00e9e par l&rsquo;\u00e9toile<br \/>\nmyst\u00e9rieuse n&rsquo;a pas \u00e9t\u00e9 de tout repos pour <a href=\"https:\/\/www.telestar.fr\/actu_tv\/les-12-coups-de-midi-cette-reflexion-demilien-qui-a-totalement-desespere-jean-luc-reichmann-1718131\" target=\"_blank\" rel=\"noopener\"><br \/>\n\u00c9milien<\/a>. Malgr\u00e9 ses multiples tentatives lors des derni\u00e8res<br \/>\nsemaines, proposant tour \u00e0 tour Scarlett Johansson, Johannes<br \/>\nVermeer ou encore Vincent Cassel, le Ma\u00eetre de midi n&rsquo;arrivait pas<br \/>\n\u00e0 mettre le doigt sur la bonne r\u00e9ponse.<\/p>\n<p>\u00ab\u00a0Je suis un peu perdu\u00a0\u00bb, avouait-il face aux indices qui<br \/>\nne correspondaient pas \u00e0 ses suppositions initiales. Pourtant, une<br \/>\nfois l&rsquo;image enti\u00e8rement d\u00e9voil\u00e9e mercredi 9 avril, la solution lui<br \/>\nest apparue limpide.<\/p>\n<p>Taylor Swift, la star internationale d\u00e9masqu\u00e9e<\/p>\n<p>\u00c9milien a finalement reconnu le visage de la chanteuse<br \/>\nam\u00e9ricaine Taylor Swift, dont la carri\u00e8re a \u00e9t\u00e9 jalonn\u00e9e de succ\u00e8s<br \/>\nplan\u00e9taires.<\/p>\n<p>Plusieurs indices permettaient d&rsquo;identifier la petite amie de<br \/>\nTravis Kelce : la ville d&rsquo;Amsterdam en arri\u00e8re-plan, r\u00e9f\u00e9rence au<br \/>\nfilm du m\u00eame nom dans lequel elle appara\u00eet, les bottes de cow-boy<br \/>\net le cheval symbolisant son style country, le ballon de basket<br \/>\nrappelant son int\u00e9r\u00eat pour la NBA, ou encore l&rsquo;oiseau bleu en clin<br \/>\nd&rsquo;\u0153il au Blue Bird Caf\u00e9 o\u00f9 elle se produisait \u00e0 ses d\u00e9buts. M\u00eame la<br \/>\npalette de couleurs \u00e9tait un indice sur son univers pop et<br \/>\ncolor\u00e9.<\/p>\n<p>Une cagnotte record et une 20e \u00e9toile \u00e0<br \/>\nson actif<\/p>\n<p>Gr\u00e2ce \u00e0 ce nouveau \u00ab\u00a0Coup de ma\u00eetre\u00a0\u00bb, \u00c9milien a pu soumettre le<br \/>\nnom de Taylor Swift et remporter ainsi sa 20e \u00e9toile myst\u00e9rieuse.<br \/>\n<a href=\"https:\/\/www.telestar.fr\/actu_tv\/les-12-coups-de-midi-cette-reflexion-demilien-qui-a-totalement-desespere-jean-luc-reichmann-1718131\" target=\"_blank\" rel=\"noopener\"><br \/>\nSa cagnotte personnelle<\/a> atteint d\u00e9sormais la somme faramineuse<br \/>\nde 2 258 977 euros, cadeaux inclus, depuis son arriv\u00e9e dans<br \/>\nl&rsquo;\u00e9mission.<\/p>\n<p>\u00ab\u00a0C&rsquo;est le plus grand Ma\u00eetre de midi du monde\u00a0\u00bb, a<br \/>\nd\u00e9clar\u00e9 <a href=\"https:\/\/www.telestar.fr\/actu_tv\/les-12-coups-de-midi-je-me-suis-fait-gauler-jean-luc-reichmann-fait-une-boulette-dentree-de-jeu-ce-28-mars-1716058\" target=\"_blank\" rel=\"noopener\"><br \/>\nJean-Luc Reichmann<\/a> face \u00e0 cette ascension fulgurante. Tr\u00e8s \u00e9mu<br \/>\nmais les yeux brillants de bonheur, le jeune homme savoure cette<br \/>\nvictoire suppl\u00e9mentaire dans Les 12 coups de midi, sans pour autant<br \/>\nd\u00e9voiler ses futures ambitions. Une chose est s\u00fbre : le public n&rsquo;a<br \/>\npas fini d&rsquo;entendre parler de cet incroyable champion !<\/p>\n","protected":false},"excerpt":{"rendered":"\u00c9milien, le talentueux Ma\u00eetre de midi, a une nouvelle fois brill\u00e9 samedi 12 avril dans l\u00a0\u00bb\u00e9mission t\u00e9l\u00e9vis\u00e9e Les&hellip;\n","protected":false},"author":2,"featured_media":23520,"comment_status":"","ping_status":"","sticky":false,"template":"","format":"standard","meta":{"footnotes":""},"categories":[1356],"tags":[548,58,8555,59,1011,27,252,1364],"class_list":{"0":"post-23519","1":"post","2":"type-post","3":"status-publish","4":"format-standard","5":"has-post-thumbnail","7":"category-television","8":"tag-article-simple","9":"tag-divertissement","10":"tag-emilien","11":"tag-entertainment","12":"tag-fr","13":"tag-france","14":"tag-television","15":"tag-tv"},"share_on_mastodon":{"url":"https:\/\/pubeurope.com\/@fr\/114334008978332714","error":""},"_links":{"self":[{"href":"https:\/\/www.europesays.com\/fr\/wp-json\/wp\/v2\/posts\/23519","targetHints":{"allow":["GET"]}}],"collection":[{"href":"https:\/\/www.europesays.com\/fr\/wp-json\/wp\/v2\/posts"}],"about":[{"href":"https:\/\/www.europesays.com\/fr\/wp-json\/wp\/v2\/types\/post"}],"author":[{"embeddable":true,"href":"https:\/\/www.europesays.com\/fr\/wp-json\/wp\/v2\/users\/2"}],"replies":[{"embeddable":true,"href":"https:\/\/www.europesays.com\/fr\/wp-json\/wp\/v2\/comments?post=23519"}],"version-history":[{"count":0,"href":"https:\/\/www.europesays.com\/fr\/wp-json\/wp\/v2\/posts\/23519\/revisions"}],"wp:featuredmedia":[{"embeddable":true,"href":"https:\/\/www.europesays.com\/fr\/wp-json\/wp\/v2\/media\/23520"}],"wp:attachment":[{"href":"https:\/\/www.europesays.com\/fr\/wp-json\/wp\/v2\/media?parent=23519"}],"wp:term":[{"taxonomy":"category","embeddable":true,"href":"https:\/\/www.europesays.com\/fr\/wp-json\/wp\/v2\/categories?post=23519"},{"taxonomy":"post_tag","embeddable":true,"href":"https:\/\/www.europesays.com\/fr\/wp-json\/wp\/v2\/tags?post=23519"}],"curies":[{"name":"wp","href":"https:\/\/api.w.org\/{rel}","templated":true}]}}