{"id":235198,"date":"2025-07-08T13:22:10","date_gmt":"2025-07-08T13:22:10","guid":{"rendered":"https:\/\/www.europesays.com\/fr\/235198\/"},"modified":"2025-07-08T13:22:10","modified_gmt":"2025-07-08T13:22:10","slug":"incendie-aux-pennes-mirabeau-avions-cloues-au-sol-appel-a-confinement-suivez-notre-direct-la-provence","status":"publish","type":"post","link":"https:\/\/www.europesays.com\/fr\/235198\/","title":{"rendered":"Incendie aux Pennes-Mirabeau : avions clou\u00e9s au sol, appel \u00e0 confinement&#8230; suivez notre direct &#8211; La Provence"},"content":{"rendered":"<ol>\n<li><a href=\"https:\/\/news.google.com\/rss\/articles\/CBMirgJBVV95cUxNcjZHU3dNbTdMVTVlR2dWbkV0dElieTlMTTQ2V0w3VThTLXYybFdDcEVTZWRhQVhhUWNva2txaVM1UU80VDBvekM0VHFxMnZnYmZycFpYVEw1RG5XaEpTbVVRU2tVOWFWVUwwRE4zVmJlcUtVM3M3d1pyMzh5eHVRN2JmdkRtUVVfdng3alItZXpxbnl2QnY5MDMzaXp1RmNIeW81N0lRcUV4SjgxbEtFVjhHMi1MUTZzQUkyQ0taY0JiRUUxdlBmSFZ6YVNHdDQ0ejhMOXlOVm5QQzNmTlNBUnJFNU1xcmZTRHlValZ2OUh5ZTZCNWNnWEZpNjdQREk2ZW1JUk9IN21NM2Jlc2FlX0wySWowaXZPWjhxUndHeG5kX0Z4MGYySE5paWFjUQ?oc=5\" target=\"_blank\" rel=\"noopener\">Incendie aux Pennes-Mirabeau : avions clou\u00e9s au sol, appel \u00e0 confinement&#8230; suivez notre direct<\/a>&nbsp;&nbsp;La Provence<\/li>\n<li><a href=\"https:\/\/news.google.com\/rss\/articles\/CBMitwFBVV95cUxNLTB2SjFLX3daYWtFN3NyWGJWR0hsbXhPbk1KbkEzSk5nVl85UDdxLV9QVlcxbFNWdmtyLWR5NG1HN3NIZmVaWnlSU2dtbFZRWlRha09IQ2tDdWZnTXR2MGVzR0RDUkkzc1FQZnYyZnZCZmczMmRFRmVSZ3hHcXZSZ091RnAxQlAwS1Y4aExSYlFGOUR3bm1seUNhYU83N0RKZ2RlOWFua3dxRC1uUjJyNS1UaktCVVU?oc=5\" target=\"_blank\" rel=\"noopener\">Violent incendie aux portes de Marseille : l\u2019a\u00e9roport ferm\u00e9 jusqu\u2019\u00e0 nouvel ordre, des habitants appel\u00e9s \u00e0 se confiner<\/a>&nbsp;&nbsp;Le Figaro<\/li>\n<li><a href=\"https:\/\/news.google.com\/rss\/articles\/CBMi5wFBVV95cUxNRGxYU3ZnclVGaVl3MUx2TDljdVlEb0cya255QXNMaFlfeEpHcHNYMXF3c3VMVTVtT3dwQmpISm8tQ0ZuaTY2Z296SUVILXdReXNLMTFUcTUwWW1qeFVHdXh6cllQR3luN3EwcW5Fb2c1OXhIOHRWM191aUg4RmZXWS12T2ZEMi1vRmEtaGQ1RUt5NU1OR2RTbnN3ejhnNnpjR2UtNnZ4UVJQUTNzQ25hU0xZcHVZSXN3bTZ3WkplMTltMW01aExRYW5zV2ZMSTd3VFk1d0RnVHlxcHE0VU0zZE40OWhPOGs?oc=5\" target=\"_blank\" rel=\"noopener\">A\u00e9roport ferm\u00e9, \u00e9vacuation, confinement, A55 bloqu\u00e9e : un terrible incendie en cours pr\u00e8s de Marseille<\/a>&nbsp;&nbsp;RTL.fr<\/li>\n<li><a href=\"https:\/\/news.google.com\/rss\/articles\/CBMiwwJBVV95cUxOQzIyaWp0dHhUdHYxZjFCWXloU2JfWjBrUmwxV3h6NENmS3FQSmlvNTYyWVFsVU5NeWtKMnFQbDg3M011SVdadkpKX3dYd1BCTDNLLWZ3ODBDSGx1T2lKTkxfU19veFVzczMyMEFHeGVnQ1QzMDBsN1BPU21JWi1YZENZZmNrUmFEYkN4VlU4c2dYWTJWOFhzV0ZWUzROYTN5Y1hjdkNDazBucjJ1TDUtNUZWNUJHYzZaSktmYW5VeHk4eG5yRWNEeWxfRlpUVmpiWmttVTBxX3dpcTlJbWVnV1Nma0EzcmNhTUhMSV83aGxLNllndmZuVExsNTBLOUhpbUZ2bDNhV3Bqc0NaSTZSbFNSNWtEeU5jMFRCLXR5dHFzNTBBNnJKbms2RFhKSWllMTI5eXZ2MmxRdDU2YXJmSFMwNA?oc=5\" target=\"_blank\" rel=\"noopener\">DIRECT. Incendies en France : un second feu s\u2019est d\u00e9clench\u00e9 pr\u00e8s de Marseille, l\u2019a\u00e9roport ferm\u00e9&#8230; Suivez les derni\u00e8res infos<\/a>&nbsp;&nbsp;Sud Ouest<\/li>\n<li><a href=\"https:\/\/news.google.com\/rss\/articles\/CBMi3wFBVV95cUxObnBpQkw5NUF5VUVTVWtVQUFxdDZ4NjM2UTRCdXlwbFRoRVFlTHhOQk50S2VMN2h0eXo5SW1VZklramFKYjNlTm01NmdzLW5mUlZaTF9odENlcXJ6bTZIM2NNQ3FkU05pUlc5MDFwY2g0aVU0UE85ck51aERTd082RnhnYlU2aXVFZWE0MDh1MFdLVl9jSW9ncV9fTndNZ0R6NlE2QWpHMk54TENMakRiNE5fYVlqMGdERGh3VVNaektCM2tYZnhUTEJBVXIybFMtSmR2VkRSRXBXWTFkQzBv?oc=5\" target=\"_blank\" rel=\"noopener\">L\u2019a\u00e9roport de Marseille ferm\u00e9 en raison des incendies : un avion parti de Tours d\u00e9rout\u00e9 \u00e0 N\u00eemes<\/a>&nbsp;&nbsp;lanouvellerepublique.fr<\/li>\n<\/ol>\n","protected":false},"excerpt":{"rendered":"Incendie aux Pennes-Mirabeau : avions clou\u00e9s au sol, appel \u00e0 confinement&#8230; suivez notre direct&nbsp;&nbsp;La Provence Violent incendie aux&hellip;\n","protected":false},"author":2,"featured_media":235199,"comment_status":"","ping_status":"","sticky":false,"template":"","format":"standard","meta":{"footnotes":""},"categories":[2],"tags":[17,11,663,1102,37386,154,814,274,9095,1011,27,4021,5022,12,25],"class_list":{"0":"post-235198","1":"post","2":"type-post","3":"status-publish","4":"format-standard","5":"has-post-thumbnail","7":"category-actualites","8":"tag-17","9":"tag-actualites","10":"tag-aeroport","11":"tag-breakingnews","12":"tag-confines","13":"tag-des","14":"tag-direct","15":"tag-faits-divers-justice","16":"tag-ferme","17":"tag-fr","18":"tag-france","19":"tag-habitants","20":"tag-lincendie","21":"tag-news","22":"tag-republique-francaise"},"share_on_mastodon":{"url":"https:\/\/pubeurope.com\/@fr\/114817829745416176","error":""},"_links":{"self":[{"href":"https:\/\/www.europesays.com\/fr\/wp-json\/wp\/v2\/posts\/235198","targetHints":{"allow":["GET"]}}],"collection":[{"href":"https:\/\/www.europesays.com\/fr\/wp-json\/wp\/v2\/posts"}],"about":[{"href":"https:\/\/www.europesays.com\/fr\/wp-json\/wp\/v2\/types\/post"}],"author":[{"embeddable":true,"href":"https:\/\/www.europesays.com\/fr\/wp-json\/wp\/v2\/users\/2"}],"replies":[{"embeddable":true,"href":"https:\/\/www.europesays.com\/fr\/wp-json\/wp\/v2\/comments?post=235198"}],"version-history":[{"count":0,"href":"https:\/\/www.europesays.com\/fr\/wp-json\/wp\/v2\/posts\/235198\/revisions"}],"wp:featuredmedia":[{"embeddable":true,"href":"https:\/\/www.europesays.com\/fr\/wp-json\/wp\/v2\/media\/235199"}],"wp:attachment":[{"href":"https:\/\/www.europesays.com\/fr\/wp-json\/wp\/v2\/media?parent=235198"}],"wp:term":[{"taxonomy":"category","embeddable":true,"href":"https:\/\/www.europesays.com\/fr\/wp-json\/wp\/v2\/categories?post=235198"},{"taxonomy":"post_tag","embeddable":true,"href":"https:\/\/www.europesays.com\/fr\/wp-json\/wp\/v2\/tags?post=235198"}],"curies":[{"name":"wp","href":"https:\/\/api.w.org\/{rel}","templated":true}]}}