{"id":235202,"date":"2025-07-08T13:24:12","date_gmt":"2025-07-08T13:24:12","guid":{"rendered":"https:\/\/www.europesays.com\/fr\/235202\/"},"modified":"2025-07-08T13:24:12","modified_gmt":"2025-07-08T13:24:12","slug":"apres-17-mois-de-chantier-le-golf-de-lesterel-de-nouveau-pare-a-swinguer-a-saint-raphael","status":"publish","type":"post","link":"https:\/\/www.europesays.com\/fr\/235202\/","title":{"rendered":"Apr\u00e8s 17 mois de chantier, le golf de l\u2019Est\u00e9rel de nouveau par\u00e9 \u00e0 swinguer \u00e0 Saint-Rapha\u00ebl"},"content":{"rendered":"<p>Plus de cinq cents passionn\u00e9s de golf \u00e9taient pr\u00e9sents samedi soir pour c\u00e9l\u00e9brer le renouveau du Golf de l\u2019Est\u00e9rel qui a rouvert son parcours 18 trous le samedi 28 juin apr\u00e8s un passage en r\u00e9gie municipale et surtout 17 mois de travaux ayant notamment servi \u00e0 la r\u00e9novation du syst\u00e8me d\u2019irrigation, des pistes pour voiturettes ou encore des bunkers et obstacles d\u2019eau.<\/p>\n<p>Une jolie affluence d\u00e9passant les fronti\u00e8res de ce golf aux 480 adh\u00e9rents qui a manifestement gris\u00e9 le maire passionn\u00e9 qu\u2019est Fr\u00e9d\u00e9ric Masquelier \u2013 ancien adh\u00e9rent du golf de Valescure d\u00e9sormais et logiquement pass\u00e9 \u00e0 l\u2019Est\u00e9rel \u2013 qui a discouru pendant pr\u00e8s d\u2019une demi-heure sur cette \u00ab\u00a0renaissance\u00a0\u00bb. Apr\u00e8s un bref rappel de l\u2019histoire du fairway (lire par ailleurs) et une justification appuy\u00e9e de l\u2019int\u00e9r\u00eat d\u2019avoir investi cinq millions d\u2019euros pour \u00ab\u00a0valoriser le patrimoine des Rapha\u00eblois, y compris des non-golfeurs\u00a0\u00bb, le premier \u00e9dile a d\u00e9taill\u00e9 les ambitions du Golf de l\u2019Est\u00e9rel nouvelle formule.<\/p>\n<p>\u00c0 savoir: \u00ab\u00a0Avoir un golf qui soit ouvert \u00e0 tous, d\u2019abord gr\u00e2ce au handigolf. Si l\u2019initiative revient au golf de Valescure, nous voulons \u00eatre compl\u00e9mentaires pour valoriser la pratique avec une \u00e9cole. Ensuite, nous souhaitons donner la priorit\u00e9 aux jeunes. Pour cela, nous avons int\u00e9gr\u00e9 le golf au programme scolaire, 300 \u00e9l\u00e8ves ont d\u00e9j\u00e0 commenc\u00e9 leur initiation au golf de l\u2019Acad\u00e9mie, et l\u2019adh\u00e9sion est gratuite pour les moins de 18 ans\u00a0\u00bb.<\/p>\n<p>Ouvert \u00e0 tous une fois par mois<\/p>\n<p>Et pour ouvrir encore un peu plus cet espace au tout public, l\u2019\u00e9dile a annonc\u00e9 que le fairway sera \u00ab\u00a0ouvert \u00e0 tous un dimanche par mois afin de s\u2019y balader ou de pique-niquer en famille\u00a0\u00bb.<\/p>\n<p>Enfin, Fr\u00e9d\u00e9ric Masquelier s\u2019est attach\u00e9 \u00e0 battre en br\u00e8che ce qu\u2019il consid\u00e8re comme des id\u00e9es re\u00e7ues sur le golf. Un sport de riches? \u00ab\u00a0a ne co\u00fbte pas plus cher que la voile ou le ski et il s\u2019agit du 4 sport individuel le plus pratiqu\u00e9 de l\u2019Hexagone\u00a0\u00bb. Un d\u00e9sastre \u00e9cologique? \u00ab\u00a0Un tiers des plantes de France se trouvent sur les golfs et 91 des 97 esp\u00e8ces de libellules. Quant \u00e0 l\u2019eau, il suffit d\u2019entretenir le r\u00e9seau pour qu\u2019il ne fuit pas \u00e0 50%\u00a0\u00bb.<\/p>\n<p>Apr\u00e8s une premi\u00e8re semaine r\u00e9serv\u00e9e aux abonn\u00e9s, le Golf de l\u2019Est\u00e9rel est d\u00e9sormais ouvert \u00e0 tous les golfeurs.<\/p>\n<p>            En quelques chiffres<\/p>\n<p><strong>Le 1er juin 1989<\/strong><\/p>\n<p>Marque l\u2019ouverture du \u2018\u2018Latitudes Valescure\u2019\u2019. Il s\u2019agit alors du premier resort alliant golf, tennis, piscines, sauna, jacuzzi, fitness, h\u00f4tel, club-house avec restaurants et bars ou encore r\u00e9sidence.<\/p>\n<p><strong>5.921m\u00e8tres<\/strong><\/p>\n<p>La longueur du parcours, imagin\u00e9 par Robert Trent Jones senior, architecte am\u00e9ricain ayant dessin\u00e9 plus de 500 parcours \u00e0 travers le monde.<\/p>\n<p><strong>400.000 \u00a3<\/strong><\/p>\n<p>La dotation du Fujitsu mediterranean open qui fut organis\u00e9 au Golf de l\u2019Est\u00e9rel le 3 mars 1991. Comp\u00e9tition remport\u00e9e par le Gallois Ian Woosnam alors n\u00b04 mondial.<\/p>\n","protected":false},"excerpt":{"rendered":"Plus de cinq cents passionn\u00e9s de golf \u00e9taient pr\u00e9sents samedi soir pour c\u00e9l\u00e9brer le renouveau du Golf de&hellip;\n","protected":false},"author":2,"featured_media":235203,"comment_status":"","ping_status":"","sticky":false,"template":"","format":"standard","meta":{"footnotes":""},"categories":[1418],"tags":[1011,27,1472,316,60],"class_list":{"0":"post-235202","1":"post","2":"type-post","3":"status-publish","4":"format-standard","5":"has-post-thumbnail","7":"category-golf","8":"tag-fr","9":"tag-france","10":"tag-golf","11":"tag-politique","12":"tag-sports"},"share_on_mastodon":{"url":"https:\/\/pubeurope.com\/@fr\/114817837665544363","error":""},"_links":{"self":[{"href":"https:\/\/www.europesays.com\/fr\/wp-json\/wp\/v2\/posts\/235202","targetHints":{"allow":["GET"]}}],"collection":[{"href":"https:\/\/www.europesays.com\/fr\/wp-json\/wp\/v2\/posts"}],"about":[{"href":"https:\/\/www.europesays.com\/fr\/wp-json\/wp\/v2\/types\/post"}],"author":[{"embeddable":true,"href":"https:\/\/www.europesays.com\/fr\/wp-json\/wp\/v2\/users\/2"}],"replies":[{"embeddable":true,"href":"https:\/\/www.europesays.com\/fr\/wp-json\/wp\/v2\/comments?post=235202"}],"version-history":[{"count":0,"href":"https:\/\/www.europesays.com\/fr\/wp-json\/wp\/v2\/posts\/235202\/revisions"}],"wp:featuredmedia":[{"embeddable":true,"href":"https:\/\/www.europesays.com\/fr\/wp-json\/wp\/v2\/media\/235203"}],"wp:attachment":[{"href":"https:\/\/www.europesays.com\/fr\/wp-json\/wp\/v2\/media?parent=235202"}],"wp:term":[{"taxonomy":"category","embeddable":true,"href":"https:\/\/www.europesays.com\/fr\/wp-json\/wp\/v2\/categories?post=235202"},{"taxonomy":"post_tag","embeddable":true,"href":"https:\/\/www.europesays.com\/fr\/wp-json\/wp\/v2\/tags?post=235202"}],"curies":[{"name":"wp","href":"https:\/\/api.w.org\/{rel}","templated":true}]}}