{"id":235206,"date":"2025-07-08T13:26:10","date_gmt":"2025-07-08T13:26:10","guid":{"rendered":"https:\/\/www.europesays.com\/fr\/235206\/"},"modified":"2025-07-08T13:26:10","modified_gmt":"2025-07-08T13:26:10","slug":"plus-de-deux-semaines-apres-la-defaite-en-finale-contre-toulouse-yannick-bru-brise-le-silence","status":"publish","type":"post","link":"https:\/\/www.europesays.com\/fr\/235206\/","title":{"rendered":"Plus de deux semaines apr\u00e8s la d\u00e9faite en finale contre Toulouse, Yannick Bru brise le silence !"},"content":{"rendered":"<p>Il y a un peu plus de deux semaines, l\u2019Union Bordeaux-B\u00e8gles s\u2019inclinait en finale du Top 14 contre le Stade-Toulousain, dans les prolongations.<\/p>\n<p>Interrog\u00e9 via <a href=\"https:\/\/www.rugbyrama.fr\/2025\/07\/08\/entretien-exclusif-top-14-certains-mettent-un-nez-rouge-moi-je-suis-plus-mesure-les-confidences-de-yannick-bru-apres-la-folle-saison-de-lubb-12806166.php\" rel=\"nofollow noopener\" target=\"_blank\">Midi Olympique<\/a>, le manager de l\u2019UBB, Yannick Bru a accept\u00e9 de revenir sur cette d\u00e9faite.<\/p>\n<p><strong>Il indique avoir revu cette finale perdue contre Toulouse. Extrait:<\/strong><\/p>\n<p>Je l\u2019ai regard\u00e9e d\u00e8s le lendemain dans le TGV. Il y avait deux heures \u00e0 tuer, donc j\u2019ai revu quelques moments du match qui me paraissaient importants, puis dans la globalit\u00e9. Cela reste une base de travail aussi pour le futur.<\/p>\n<p><strong>Il analyse cette d\u00e9faite et estime que son \u00e9quipe a \u00e9t\u00e9 valeureuse malgr\u00e9 la d\u00e9faite. Extrait:<\/strong><\/p>\n<p>On a \u00e9t\u00e9 un adversaire valeureux, mais il nous a manqu\u00e9 quelques petits pourcentages de col\u00e8re, d\u2019\u00e9nergie, de motivation pour battre le Stade Toulousain dans une finale. Bien s\u00fbr, nous nous sommes mis en face, nous avons eu des moments forts dans le match. Mais globalement, notre performance dans l\u2019affrontement a manqu\u00e9 de continuit\u00e9. Je l\u2019ai ressenti au bord du terrain. D\u00e8s le d\u00e9but, nous \u00e9tions\u00a0sous pression dans notre camp pour plein de raisons techniques. On a aussi pris deux cartons jaunes. C\u2019est beaucoup, pour une finale face \u00e0 Toulouse. <\/p>\n<p>J\u2019avais le sentiment au bord du terrain que le plus fort sur ce match avait gagn\u00e9 et \u00e7a s\u2019est confirm\u00e9. Effectivement, \u00e0 la vid\u00e9o, on voit qu\u2019il y a quelques moments psychologiques dans le match qu\u2019on aurait pu mieux exploiter. Il y a aussi, dans une rencontre o\u00f9 on a \u00e9t\u00e9 domin\u00e9s, quelques d\u00e9cisions qui n\u2019\u00e9taient pas tr\u00e8s compr\u00e9hensibles. Mais dans l\u2019ensemble, on ne peut pas avoir de gros regrets sur ce match.<\/p>\n<p><strong>Il \u00e9voque un moment cl\u00e9 du match qui a tourn\u00e9 en la faveur du Stade-Toulousain. Extrait:<\/strong><\/p>\n<p>Clairement, en revenant \u00e0 33\u201133, on se dit qu\u2019il y a ce momentum psychologique de quelques minutes qu\u2019il faut absolument exploiter. On a une tr\u00e8s belle premi\u00e8re possession \u00e0 la 84e minute, avec un duel a\u00e9rien remport\u00e9 par Damian Penaud. Mais, en suivant, il y a le contest d\u2019Emmanuel Meafou. C\u2019est vraiment un moment cl\u00e9 du match.\u00a0On devait marquer sur cette action, mais les Toulousains nous privent finalement de la possession. Ce moment nous fait sortir de cet avantage psychologique qu\u2019on avait\u00a0en d\u00e9marrant la prolongation.<\/p>\n<p><strong>Il se dit impressionn\u00e9 par le caract\u00e8re et la solidarit\u00e9 dont a fait preuve son \u00e9quipe. Extrait:<\/strong><\/p>\n<p>Le caract\u00e8re et la solidarit\u00e9 dans notre \u00e9quipe. On encaisse deux exclusions temporaires\u00a0et pourtant, la d\u00e9fense s\u2019est dress\u00e9e comme un rempart, conc\u00e9dant tr\u00e8s peu de points. On marque en inf\u00e9riorit\u00e9 num\u00e9rique, ce qui est rare contre Toulouse. Ce qui m\u2019a aussi bluff\u00e9, c\u2019est notre capacit\u00e9, dans la toute derni\u00e8re possession du match, sur une m\u00eal\u00e9e dans nos\u00a022 m\u00e8tres, \u00e0 balayer le terrain sur six ou sept temps de jeu. Il y a aussi trois ou quatre offloads, dans un match o\u00f9 on a quand m\u00eame \u00e9t\u00e9 bouscul\u00e9s, remu\u00e9s. C\u2019est magnifique. Et puis, j\u2019ai aim\u00e9 aussi cette derni\u00e8re p\u00e9nalit\u00e9 de Max Lucu. <\/p>\n<p>Quand il me dit \u00ab\u00a0je la sens\u00a0\u00bb, moi, connaissant Max, je me dis \u00ab\u00a0c\u2019est bon, elle est dedans\u00a0\u00bb.\u00a0Alors, je me suis d\u00e9j\u00e0 projet\u00e9 sur la prolongation. Notre \u00e9quipe a montr\u00e9 son caract\u00e8re, sa fiert\u00e9, sa solidarit\u00e9 aux moments importants du match. Mais nous avons manqu\u00e9 d\u2019un fil conducteur offensif et d\u00e9fensif pour rivaliser sur toute la dur\u00e9e. C\u2019est s\u00fbrement qu\u2019il nous manquait aussi, la rage de celui qui a quelque chose \u00e0 se faire pardonner ou qui ressent un petit\u00a0plus. Dans l\u2019affrontement, notamment devant, il y a eu de bonnes choses. Mais globalement, le meilleur a gagn\u00e9.<\/p>\n<p><strong>Il rappelle que l\u2019UBB se devait absolument de rebondir apr\u00e8s sa d\u00e9faite de la saison derni\u00e8re, en finale contre Toulouse. Extrait:<\/strong><\/p>\n<p>Il fallait d\u00e9j\u00e0 rebondir apr\u00e8s le 59\u20113 de l\u2019an dernier, en finale. \u00c7a, on a vite senti que cela avait \u00e9t\u00e9 vraiment dig\u00e9r\u00e9. Ce qui a \u00e9t\u00e9 le plus marquant pour moi, c\u2019est le travail d\u2019\u00e9quipe, joueurs et staff, entrepris pour aller chasser les d\u00e9mons, compte tenu de la fess\u00e9e qu\u2019on avait prise. Ce travail s\u2019est poursuivi toute la saison. \u00c7a a \u00e9t\u00e9 un accomplissement fort et une grande r\u00e9ussite dans les interactions. Ce qui m\u2019a aussi marqu\u00e9, c\u2019est l\u2019\u00e9mergence et la progression d\u2019un nombre important de joueurs de notre effectif qui ont pris une autre dimension, se sont affirm\u00e9s dans leur leadership et ont d\u00e9velopp\u00e9 des comp\u00e9tences dans leur pr\u00e9paration personnelle. <\/p>\n<p>L\u2019\u00e9mergence aussi de jeunes joueurs. On sait qu\u2019on a un effectif tr\u00e8s jeune \u00e0 l\u2019UBB, ce qui est une raison de croire en l\u2019avenir, si on ne manque pas d\u2019humilit\u00e9. Une nouvelle g\u00e9n\u00e9ration autour de Nico Deporter, Pierre Beauchaton, Max Lamothe\u00a0a pris du pouvoir et de la place. Je dirais enfin que la fin de la campagne de\u00a0Champions Cup a \u00e9t\u00e9 incroyable. Apr\u00e8s, on s\u2019est remis sur le v\u00e9lo. \u00c7a n\u2019a pas \u00e9t\u00e9 facile. Ce qui m\u2019a marqu\u00e9, c\u2019est le rebond psychologique qu\u2019on a eu sur la demi-finale face \u00e0 Toulon, car je craignais \u00e9norm\u00e9ment ce match. Malgr\u00e9 tout, on l\u2019a gagn\u00e9 avec une grande confiance en notre rugby, et c\u2019est peut-\u00eatre ce qui nous a desservis dans la pr\u00e9paration de la finale. \u00c7a aussi, c\u2019est un apprentissage pour le futur.<\/p>\n","protected":false},"excerpt":{"rendered":"Il y a un peu plus de deux semaines, l\u2019Union Bordeaux-B\u00e8gles s\u2019inclinait en finale du Top 14 contre&hellip;\n","protected":false},"author":2,"featured_media":235207,"comment_status":"","ping_status":"","sticky":false,"template":"","format":"standard","meta":{"footnotes":""},"categories":[1416],"tags":[1011,27,479,1468,60],"class_list":{"0":"post-235206","1":"post","2":"type-post","3":"status-publish","4":"format-standard","5":"has-post-thumbnail","7":"category-rugby","8":"tag-fr","9":"tag-france","10":"tag-rugby","11":"tag-rugby-football","12":"tag-sports"},"share_on_mastodon":{"url":"https:\/\/pubeurope.com\/@fr\/114817845407345002","error":""},"_links":{"self":[{"href":"https:\/\/www.europesays.com\/fr\/wp-json\/wp\/v2\/posts\/235206","targetHints":{"allow":["GET"]}}],"collection":[{"href":"https:\/\/www.europesays.com\/fr\/wp-json\/wp\/v2\/posts"}],"about":[{"href":"https:\/\/www.europesays.com\/fr\/wp-json\/wp\/v2\/types\/post"}],"author":[{"embeddable":true,"href":"https:\/\/www.europesays.com\/fr\/wp-json\/wp\/v2\/users\/2"}],"replies":[{"embeddable":true,"href":"https:\/\/www.europesays.com\/fr\/wp-json\/wp\/v2\/comments?post=235206"}],"version-history":[{"count":0,"href":"https:\/\/www.europesays.com\/fr\/wp-json\/wp\/v2\/posts\/235206\/revisions"}],"wp:featuredmedia":[{"embeddable":true,"href":"https:\/\/www.europesays.com\/fr\/wp-json\/wp\/v2\/media\/235207"}],"wp:attachment":[{"href":"https:\/\/www.europesays.com\/fr\/wp-json\/wp\/v2\/media?parent=235206"}],"wp:term":[{"taxonomy":"category","embeddable":true,"href":"https:\/\/www.europesays.com\/fr\/wp-json\/wp\/v2\/categories?post=235206"},{"taxonomy":"post_tag","embeddable":true,"href":"https:\/\/www.europesays.com\/fr\/wp-json\/wp\/v2\/tags?post=235206"}],"curies":[{"name":"wp","href":"https:\/\/api.w.org\/{rel}","templated":true}]}}