{"id":235209,"date":"2025-07-08T13:28:20","date_gmt":"2025-07-08T13:28:20","guid":{"rendered":"https:\/\/www.europesays.com\/fr\/235209\/"},"modified":"2025-07-08T13:28:20","modified_gmt":"2025-07-08T13:28:20","slug":"les-equipes-u23-de-3x3-sont-connues","status":"publish","type":"post","link":"https:\/\/www.europesays.com\/fr\/235209\/","title":{"rendered":"Les \u00e9quipes U23 de 3&#215;3 sont connues"},"content":{"rendered":"<p>La liste des 10 joueuses U23 qui participeront au Big Twelve de Voiron a \u00e9t\u00e9 d\u00e9voil\u00e9e. La s\u00e9lectionneuse Charl\u00e8ne Collette a pioch\u00e9 en La Boulang\u00e8re <a target=\"_blank\" rel=\"noopener\" href=\"https:\/\/www.bebasket.fr\/ligue\/lfb\">Wonderligue<\/a> et en\u00a0<a target=\"_blank\" rel=\"noopener\" href=\"https:\/\/www.bebasket.fr\/ligue\/lf2\">LF2<\/a> pour composer son groupe. On retrouve ainsi des gros noms comme\u00a0<a target=\"_blank\" rel=\"noopener\" href=\"https:\/\/www.bebasket.fr\/joueur\/binta-drame\">Binta Drame<\/a>, la MVP de la saison de Ligue 2, ou encore <a target=\"_blank\" rel=\"noopener\" href=\"https:\/\/www.bebasket.fr\/joueur\/mariama-dariamy\">Mariama Daramy<\/a> de\u00a0<a target=\"_blank\" rel=\"noopener\" href=\"https:\/\/www.bebasket.fr\/equipe\/charnay\">Charnay<\/a> et\u00a0<a target=\"_blank\" rel=\"noopener\" href=\"https:\/\/www.bebasket.fr\/joueur\/louise-bussiere\">Louise Bussiere<\/a> de\u00a0<a target=\"_blank\" rel=\"noopener\" href=\"https:\/\/www.bebasket.fr\/equipe\/basket-landes\">Basket Landes<\/a>.<\/p>\n<p>Chez les gar\u00e7ons, Anthony Christophe a convoqu\u00e9 un groupe plus h\u00e9t\u00e9rog\u00e8ne. On peut ainsi y retrouver\u00a0<a target=\"_blank\" rel=\"noopener\" href=\"https:\/\/www.bebasket.fr\/joueur\/enzo-shahrvin\">Enzo Shahrvin<\/a>, seul joueur de\u00a0<a target=\"_blank\" rel=\"noopener\" href=\"https:\/\/www.bebasket.fr\/ligue\/betclic-elite\">Betclic ELITE<\/a>, mais aussi\u00a0<a target=\"_blank\" rel=\"noopener\" href=\"https:\/\/www.bebasket.fr\/joueur\/lucas-ugolin\">Lucas Ugolin<\/a> de\u00a0<a target=\"_blank\" rel=\"noopener\" href=\"https:\/\/www.bebasket.fr\/equipe\/blois\">Blois<\/a> et\u00a0<a target=\"_blank\" rel=\"noopener\" href=\"https:\/\/www.bebasket.fr\/joueur\/guillaume-eyango\">Guillaume Eyango<\/a> de\u00a0<a target=\"_blank\" rel=\"noopener\" href=\"https:\/\/www.bebasket.fr\/equipe\/poitiers\">Poitiers<\/a>. Il a \u00e9galement convoqu\u00e9 des experts du 3\u00d73, \u00e0 savoir Lucas Malary et Herv\u00e9 Jean-Pierre.<\/p>\n<p>Les deux groupes se rendront \u00e0 Voiron, du 8 au 12 juin, pour y disputer le Big Twelve, tournoi international qui permet aux \u00e9quipes nationales de se pr\u00e9parer depuis plus de 10 ans. Cet \u00e9t\u00e9, nos U23 participeront \u00e0 la Nations League, dans le but de se qualifier pour la Coupe du Monde U23.<\/p>\n<p>LIRE AUSSI<\/p>\n<p><a href=\"https:\/\/www.bebasket.fr\/fin-de-competition-en-quarts-pour-les-deux-equipes-de-france-a-la-coupe-du-monde-u23\" target=\"_blank\" rel=\"noopener\"><img decoding=\"async\" src=\"https:\/\/www.europesays.com\/fr\/wp-content\/uploads\/2025\/07\/design-sans-titre117-1ef7338a-f4c8-6992-9563-f5820343a152.png\" alt=\"\"\/><\/a><\/p>\n<p style=\"font-weight:400\"><b><strong>Composition du groupe f\u00e9minin U23\u00a0:<\/strong><\/b><\/p>\n<tr>\n<td width=\"124\"><b><strong>Nom<\/strong><\/b><\/td>\n<td width=\"98\"><b><strong>Pr\u00e9nom<\/strong><\/b><\/td>\n<td width=\"98\"><b><strong>N\u00e9e le<\/strong><\/b><\/td>\n<td width=\"75\"><b><strong>Taille<\/strong><\/b><\/td>\n<td width=\"255\"><b><strong>Club Saison 2024-25<\/strong><\/b><\/td>\n<\/tr>\n<tr>\n<td width=\"124\">BUSSIERE<\/td>\n<td width=\"98\">Louise<\/td>\n<td width=\"98\">07\/08\/2002<\/td>\n<td width=\"75\">1,80<\/td>\n<td width=\"255\">Basket Landes (LBWL)<\/td>\n<\/tr>\n<tr>\n<td width=\"124\">DARAMY<\/td>\n<td width=\"98\">Mariama<\/td>\n<td width=\"98\">11\/08\/2002<\/td>\n<td width=\"75\">1,80<\/td>\n<td width=\"255\">Charnay (LBWL)<\/td>\n<\/tr>\n<tr>\n<td width=\"124\">DRAME<\/td>\n<td width=\"98\">Binta<\/td>\n<td width=\"98\">16\/05\/2002<\/td>\n<td width=\"75\">1,72<\/td>\n<td width=\"255\">Toulouse (LF2)<\/td>\n<\/tr>\n<tr>\n<td width=\"124\">GOMIS<\/td>\n<td width=\"98\">Vaciana<\/td>\n<td width=\"98\">20\/12\/2002<\/td>\n<td width=\"75\">1,73<\/td>\n<td width=\"255\">Roche Vend\u00e9e (LBWL)<\/td>\n<\/tr>\n<tr>\n<td width=\"124\">HATTAB<\/td>\n<td width=\"98\">Ilona<\/td>\n<td width=\"98\">28\/03\/2003<\/td>\n<td width=\"75\">1,80<\/td>\n<td width=\"255\">Feytiat (LF2)<\/td>\n<\/tr>\n<tr>\n<td width=\"124\">JEROME<\/td>\n<td width=\"98\">Lucile<\/td>\n<td width=\"98\">27\/11\/2003<\/td>\n<td width=\"75\">1,75<\/td>\n<td width=\"255\">USO Mondeville (LF2)<\/td>\n<\/tr>\n<tr>\n<td width=\"124\">LANFANT<\/td>\n<td width=\"98\">Pauline<\/td>\n<td width=\"98\">20\/05\/2002<\/td>\n<td width=\"75\">1,75<\/td>\n<td width=\"255\">Aplemont Le Havre (LF2)<\/td>\n<\/tr>\n<tr>\n<td width=\"124\">MERCERON<\/td>\n<td width=\"98\">Axelle<\/td>\n<td width=\"98\">25\/04\/2003<\/td>\n<td width=\"75\">1,89<\/td>\n<td width=\"255\">Angers (LBWL)<\/td>\n<\/tr>\n<tr>\n<td width=\"124\">PEYTOUR<\/td>\n<td width=\"98\">Samantha<\/td>\n<td width=\"98\">19\/09\/2002<\/td>\n<td width=\"75\">1,84<\/td>\n<td width=\"255\">Pays Voironnais (LF2)<\/td>\n<\/tr>\n<tr>\n<td width=\"124\">PRENEAU<\/td>\n<td width=\"98\">Louise<\/td>\n<td width=\"98\">27\/11\/2003<\/td>\n<td width=\"75\">1,78<\/td>\n<td width=\"255\">Roche Vend\u00e9e (LBWL)<\/td>\n<\/tr>\n<p style=\"font-weight:400\">Entraineur\u00a0: Charl\u00e8ne Collette<\/p>\n<p style=\"font-weight:400\">Assistant\u00a0: Sabrine Reghaissa<\/p>\n<p>\u00a0<\/p>\n<p style=\"font-weight:400\"><b><strong>Composition du groupe masculin U23\u00a0:<\/strong><\/b><\/p>\n<tr>\n<td width=\"124\"><b><strong>Nom<\/strong><\/b><\/td>\n<td width=\"98\"><b><strong>Pr\u00e9nom<\/strong><\/b><\/td>\n<td width=\"98\"><b><strong>N\u00e9e le<\/strong><\/b><\/td>\n<td width=\"75\"><b><strong>Taille<\/strong><\/b><\/td>\n<td width=\"255\"><b><strong>Club Saison 2024-25<\/strong><\/b><\/td>\n<\/tr>\n<tr>\n<td width=\"124\">MILANESE<\/td>\n<td width=\"98\">Fabio<\/td>\n<td width=\"98\">08\/12\/2003<\/td>\n<td width=\"75\">1,90<\/td>\n<td width=\"255\">Mulhouse (NM1)<\/td>\n<\/tr>\n<tr>\n<td width=\"124\">JEAN PIERRE<\/td>\n<td width=\"98\">Herv\u00e9<\/td>\n<td width=\"98\">29\/08\/2002<\/td>\n<td width=\"75\">1,85<\/td>\n<td width=\"255\">Ermont 3\u00d73<\/td>\n<\/tr>\n<tr>\n<td width=\"124\">CUCHERAT<\/td>\n<td width=\"98\">Hugo<\/td>\n<td width=\"98\">29\/10\/2002<\/td>\n<td width=\"75\">1,93<\/td>\n<td width=\"255\">Andr\u00e9zieux-Bouth\u00e9on (NM1)<\/td>\n<\/tr>\n<tr>\n<td width=\"124\">UGOLIN<\/td>\n<td width=\"98\">Lucas<\/td>\n<td width=\"98\">23\/04\/2002<\/td>\n<td width=\"75\">1,96<\/td>\n<td width=\"255\">Blois (Pro B)<\/td>\n<\/tr>\n<tr>\n<td width=\"124\">EYANGO<\/td>\n<td width=\"98\">Guillaume<\/td>\n<td width=\"98\">06\/02\/2002<\/td>\n<td width=\"75\">2,02<\/td>\n<td width=\"255\">Poitiers (Pro B)<\/td>\n<\/tr>\n<tr>\n<td width=\"124\">SHAHRVIN<\/td>\n<td width=\"98\">Enzo<\/td>\n<td width=\"98\">13\/02\/2003<\/td>\n<td width=\"75\">2,00<\/td>\n<td width=\"255\">Saint-Quentin (Betclic Elite) \/ Paris Basketball (Betclic Elite)<\/td>\n<\/tr>\n<tr>\n<td width=\"124\">LOUIS THERESE<\/td>\n<td width=\"98\">Ren\u00e9 Charles<\/td>\n<td width=\"98\">26\/08\/2004<\/td>\n<td width=\"75\">2,00<\/td>\n<td width=\"255\">PrismaWorx BAL (Pays-Bas) \/ Elan B\u00e9arnais (Pro B)<\/td>\n<\/tr>\n<tr>\n<td width=\"124\">KALEMBA<\/td>\n<td width=\"98\">Simeon<\/td>\n<td width=\"98\">07\/02\/2003<\/td>\n<td width=\"75\">1,95<\/td>\n<td width=\"255\">Saint-Vallier (NM1)<\/td>\n<\/tr>\n<tr>\n<td width=\"124\">MALARY<\/td>\n<td width=\"98\">Lucas<\/td>\n<td width=\"98\">02\/04\/2003<\/td>\n<td width=\"75\">1,98<\/td>\n<td width=\"255\">Ermont 3\u00d73<\/td>\n<\/tr>\n<tr>\n<td>MORATA<\/td>\n<td>Ethan<\/td>\n<td>05\/01\/2004<\/td>\n<td>1,85<\/td>\n<td>Saint-Vallier (NM1)<\/td>\n<\/tr>\n<p style=\"font-weight:400\">Entraineur\u00a0: Anthony Christophe<\/p>\n<p style=\"font-weight:400\">Assistant : Greg Morata<\/p>\n","protected":false},"excerpt":{"rendered":"La liste des 10 joueuses U23 qui participeront au Big Twelve de Voiron a \u00e9t\u00e9 d\u00e9voil\u00e9e. La s\u00e9lectionneuse&hellip;\n","protected":false},"author":2,"featured_media":235210,"comment_status":"","ping_status":"","sticky":false,"template":"","format":"standard","meta":{"footnotes":""},"categories":[1414],"tags":[1465,1464,1011,27,60],"class_list":{"0":"post-235209","1":"post","2":"type-post","3":"status-publish","4":"format-standard","5":"has-post-thumbnail","7":"category-basket","8":"tag-basket","9":"tag-basketball","10":"tag-fr","11":"tag-france","12":"tag-sports"},"share_on_mastodon":{"url":"https:\/\/pubeurope.com\/@fr\/114817853332301709","error":""},"_links":{"self":[{"href":"https:\/\/www.europesays.com\/fr\/wp-json\/wp\/v2\/posts\/235209","targetHints":{"allow":["GET"]}}],"collection":[{"href":"https:\/\/www.europesays.com\/fr\/wp-json\/wp\/v2\/posts"}],"about":[{"href":"https:\/\/www.europesays.com\/fr\/wp-json\/wp\/v2\/types\/post"}],"author":[{"embeddable":true,"href":"https:\/\/www.europesays.com\/fr\/wp-json\/wp\/v2\/users\/2"}],"replies":[{"embeddable":true,"href":"https:\/\/www.europesays.com\/fr\/wp-json\/wp\/v2\/comments?post=235209"}],"version-history":[{"count":0,"href":"https:\/\/www.europesays.com\/fr\/wp-json\/wp\/v2\/posts\/235209\/revisions"}],"wp:featuredmedia":[{"embeddable":true,"href":"https:\/\/www.europesays.com\/fr\/wp-json\/wp\/v2\/media\/235210"}],"wp:attachment":[{"href":"https:\/\/www.europesays.com\/fr\/wp-json\/wp\/v2\/media?parent=235209"}],"wp:term":[{"taxonomy":"category","embeddable":true,"href":"https:\/\/www.europesays.com\/fr\/wp-json\/wp\/v2\/categories?post=235209"},{"taxonomy":"post_tag","embeddable":true,"href":"https:\/\/www.europesays.com\/fr\/wp-json\/wp\/v2\/tags?post=235209"}],"curies":[{"name":"wp","href":"https:\/\/api.w.org\/{rel}","templated":true}]}}