{"id":235213,"date":"2025-07-08T13:30:16","date_gmt":"2025-07-08T13:30:16","guid":{"rendered":"https:\/\/www.europesays.com\/fr\/235213\/"},"modified":"2025-07-08T13:30:16","modified_gmt":"2025-07-08T13:30:16","slug":"ferrari-prolonge-giovinazzi-en-endurance-et-en-f1","status":"publish","type":"post","link":"https:\/\/www.europesays.com\/fr\/235213\/","title":{"rendered":"Ferrari prolonge Giovinazzi en endurance et en F1"},"content":{"rendered":"<p><a href=\"https:\/\/fr.motorsport.com\/team\/ferrari\/615\/\" target=\"_blank\" rel=\"noopener\">Ferrari<\/a> a officialis\u00e9 la prolongation du contrat pluriannuel d&rsquo;<a href=\"https:\/\/fr.motorsport.com\/driver\/antonio-giovinazzi\/94350\/\" target=\"_blank\" rel=\"noopener\">Antonio Giovinazzi<\/a>, qui poursuivra son engagement avec la marque au Cheval cabr\u00e9 en tant que pilote officiel en endurance et pilote de r\u00e9serve pour la Scuderia en Formule\u00a01.<\/p>\n<p>Cette annonce confirme la volont\u00e9 \u00e0 Maranello de s&rsquo;inscrire dans la continuit\u00e9 avec le pilote italien de 31 ans, engag\u00e9 dans le projet Hypercar depuis ses d\u00e9buts en 2023. Antonio Giovinazzi continuera ainsi \u00e0 d\u00e9fendre les couleurs de Ferrari en FIA WEC, o\u00f9 il dispute actuellement sa troisi\u00e8me saison cons\u00e9cutive au volant de la 499P n\u00b051, toujours aux c\u00f4t\u00e9s d&rsquo;<a href=\"https:\/\/fr.motorsport.com\/driver\/alessandro-pier-guidi\/84777\/\" target=\"_blank\" rel=\"noopener\">Alessandro Pier Guidi<\/a> et <a href=\"https:\/\/fr.motorsport.com\/driver\/james-calado\/91000\/\" target=\"_blank\" rel=\"noopener\">James Calado<\/a>.<\/p>\n<p>Le trio, <a href=\"https:\/\/fr.motorsport.com\/wec\/standings\/2025\/\" target=\"_self\" rel=\"noopener\">actuellement en t\u00eate du WEC<\/a>, s&rsquo;est notamment illustr\u00e9 d\u00e8s juin 2023, en remportant l&rsquo;\u00e9dition du centenaire des 24 Heures du Mans alors que Ferrari signait un retour historique dans la cat\u00e9gorie reine de l&rsquo;endurance apr\u00e8s un demi-si\u00e8cle d&rsquo;absence.\u00a0<\/p>\n<p>Depuis ses d\u00e9buts en WEC avec Ferrari, Antonio Giovinazzi a disput\u00e9 20 courses, dont 19 dans la cat\u00e9gorie Hypercar, et s&rsquo;est impos\u00e9 \u00e0 trois reprises : aux 24 Heures du Mans 2023, mais aussi lors des 6 Heures d&rsquo;Imola et des 6 Heures de Spa-Francorchamps en 2025. Son palmar\u00e8s compte \u00e9galement sept podiums et trois Hyperpoles, sign\u00e9es \u00e0 Austin en 2024, puis \u00e0 Losail et \u00e0 Imola cette saison.<\/p>\n<p>Antonio Giovinazzi avait d\u00e9j\u00e0 go\u00fbt\u00e9 aux 24 Heures du Mans en 2018 avec une Ferrari 488 GTE, bien avant son arriv\u00e9e dans la cat\u00e9gorie Hypercar avec le prototype LMH 499P.<\/p>\n<p>Toujours r\u00e9serviste en F1<br \/>\n   <img decoding=\"async\" draggable=\"false\" src=\"https:\/\/www.europesays.com\/fr\/wp-content\/uploads\/2025\/07\/antonio-giovinazzi-reserve-dri.jpg\" alt=\"Antonio Giovinazzi est pr\u00e9sent sur les Grands Prix d\u00e8s qu'il le peut.\" width=\"1200\" height=\"800\" loading=\"lazy\"\/> <\/p>\n<p class=\"title\">Antonio Giovinazzi est pr\u00e9sent sur les Grands Prix d\u00e8s qu&rsquo;il le peut.<\/p>\n<p class=\"photographer\">Photo de: Peter Fox \/ Getty Images<\/p>\n<p>Outre son r\u00f4le en WEC, Antonio Giovinazzi conserve \u00e9galement sa position de pilote de r\u00e9serve pour la Scuderia en Formule 1 sur les Grands Prix o\u00f9 le calendrier du WEC lui permet de se rendre. Entre 2017 et 2021, il a pris le d\u00e9part de 62 Grands Prix avec Sauber\/Alfa Romeo, inscrivant 21 points avec pour meilleur r\u00e9sultat une cinqui\u00e8me place d\u00e9croch\u00e9e \u00e0 Interlagos en 2019.<\/p>\n<p>\u00ab\u00a0Il y a huit ans, j&rsquo;ai commenc\u00e9 mon aventure avec Ferrari, qui pour moi est bien plus qu&rsquo;une \u00e9quipe : c&rsquo;est une famille\u00a0\u00bb, souligne le pilote italien. \u00ab\u00a0Prolonger mon contrat aujourd&rsquo;hui, c&rsquo;est poursuivre un d\u00e9fi qui me motive chaque jour, dans un environnement o\u00f9 les personnes, le travail d&rsquo;\u00e9quipe et l&rsquo;ambition comptent vraiment. \u00catre pilote officiel en WEC et troisi\u00e8me pilote en Formule 1 est un engagement que j&rsquo;ai l&rsquo;honneur et l&rsquo;enthousiasme d&rsquo;assumer.\u00a0\u00bb<\/p>\n<p>\u00ab\u00a0Je remercie Ferrari pour la confiance qu&rsquo;elle continue de m&rsquo;accorder : grandir sous ces couleurs est une exp\u00e9rience vraiment unique. J&rsquo;ai h\u00e2te d&rsquo;\u00e9crire les prochains chapitres de cette histoire, avec l&rsquo;engagement, la passion et la soif de r\u00e9sultats qui m&rsquo;animent depuis toujours.\u00a0\u00bb<\/p>\n<p>Lire aussi :<\/p>\n<p>Dans cet article<\/p>\n<p>    Basile Davoine\n<\/p>\n<p>    Formule 1\n<\/p>\n<p>    24 Heures du Mans\n<\/p>\n<p>    WEC\n<\/p>\n<p>    Antonio Giovinazzi\n<\/p>\n<p>    Ferrari\n<\/p>\n<p>Soyez le premier inform\u00e9 et souscrivez aux alertes mails pour recevoir les infos en temps r\u00e9el<\/p>\n<p>    S&rsquo;abonner aux alertes de news<\/p>\n","protected":false},"excerpt":{"rendered":"Ferrari a officialis\u00e9 la prolongation du contrat pluriannuel d&rsquo;Antonio Giovinazzi, qui poursuivra son engagement avec la marque au&hellip;\n","protected":false},"author":2,"featured_media":235214,"comment_status":"","ping_status":"","sticky":false,"template":"","format":"standard","meta":{"footnotes":""},"categories":[1412],"tags":[10312,37387,1451,2251,1452,1453,1454,1455,1011,27,60,12993],"class_list":{"0":"post-235213","1":"post","2":"type-post","3":"status-publish","4":"format-standard","5":"has-post-thumbnail","7":"category-f1","8":"tag-24-heures-du-mans","9":"tag-antonio-giovinazzi","10":"tag-f1","11":"tag-ferrari","12":"tag-formula-1","13":"tag-formula1","14":"tag-formule-1","15":"tag-formule1","16":"tag-fr","17":"tag-france","18":"tag-sports","19":"tag-wec"},"share_on_mastodon":{"url":"https:\/\/pubeurope.com\/@fr\/114817861182021807","error":""},"_links":{"self":[{"href":"https:\/\/www.europesays.com\/fr\/wp-json\/wp\/v2\/posts\/235213","targetHints":{"allow":["GET"]}}],"collection":[{"href":"https:\/\/www.europesays.com\/fr\/wp-json\/wp\/v2\/posts"}],"about":[{"href":"https:\/\/www.europesays.com\/fr\/wp-json\/wp\/v2\/types\/post"}],"author":[{"embeddable":true,"href":"https:\/\/www.europesays.com\/fr\/wp-json\/wp\/v2\/users\/2"}],"replies":[{"embeddable":true,"href":"https:\/\/www.europesays.com\/fr\/wp-json\/wp\/v2\/comments?post=235213"}],"version-history":[{"count":0,"href":"https:\/\/www.europesays.com\/fr\/wp-json\/wp\/v2\/posts\/235213\/revisions"}],"wp:featuredmedia":[{"embeddable":true,"href":"https:\/\/www.europesays.com\/fr\/wp-json\/wp\/v2\/media\/235214"}],"wp:attachment":[{"href":"https:\/\/www.europesays.com\/fr\/wp-json\/wp\/v2\/media?parent=235213"}],"wp:term":[{"taxonomy":"category","embeddable":true,"href":"https:\/\/www.europesays.com\/fr\/wp-json\/wp\/v2\/categories?post=235213"},{"taxonomy":"post_tag","embeddable":true,"href":"https:\/\/www.europesays.com\/fr\/wp-json\/wp\/v2\/tags?post=235213"}],"curies":[{"name":"wp","href":"https:\/\/api.w.org\/{rel}","templated":true}]}}