{"id":235217,"date":"2025-07-08T13:32:11","date_gmt":"2025-07-08T13:32:11","guid":{"rendered":"https:\/\/www.europesays.com\/fr\/235217\/"},"modified":"2025-07-08T13:32:11","modified_gmt":"2025-07-08T13:32:11","slug":"new-york-campos-xabi-alonso","status":"publish","type":"post","link":"https:\/\/www.europesays.com\/fr\/235217\/","title":{"rendered":"New York, Campos, Xabi Alonso\u2026 &#8211;"},"content":{"rendered":"<p>Vu et lu au sujet du PSG dans la\u00a0<a href=\"https:\/\/canal-supporters.com\/category\/revue-de-presse\/\" rel=\"nofollow noopener\" target=\"_blank\">presse<br \/>\nhexagonale<\/a>\u00a0ce mardi 8 juillet 2025.\u00a0Le PSG construit<br \/>\nsa popularit\u00e9 \u00e0 New York, Luis Campos sur tous les fronts, Xabi<br \/>\nAlonso aurait pu entra\u00eener le PSG\u2026<\/p>\n<p> <img loading=\"lazy\" decoding=\"async\" width=\"811\" height=\"233\" src=\"https:\/\/www.europesays.com\/fr\/wp-content\/uploads\/2025\/07\/Lquipe-8-07-2025.jpg\" alt=\"L'quipe 8 07 2025\" class=\"wp-image-576146\"  \/><\/p>\n<p>Dans son \u00e9dition du jour, <a href=\"https:\/\/www.lequipe.fr\/Football\/Article\/-c-est-un-club-qui-a-du-style-ils-cherchent-a-vendre-cette-image-ici-porte-par-sa-saison-le-psg-construit-sa-renommee-a-new-york\/1576325\" target=\"_blank\" rel=\"noopener nofollow\" title=\"\">L\u2019Equipe<\/a> \u00e9voque le<br \/>\n<strong>PSG<\/strong> et sa notori\u00e9t\u00e9 qui grandit petit-\u00e0-petit \u00e0<br \/>\n<strong>New York<\/strong>. Le quotidien sportif a interrog\u00e9<br \/>\n<strong>Atlas<\/strong>, un Turc de 25\u00a0ans fan des <strong>NY<br \/>\nRed Bulls<\/strong>. \u00ab\u00a0Parmi mes coll\u00e8gues am\u00e9ricains, pas<br \/>\nun ne s\u2019int\u00e9resse au soccer. Pour ceux qui aiment, comme moi ou mes<br \/>\namis mexicains, le <strong>Real Madrid<\/strong> reste au-dessus,<br \/>\nmais je sens qu\u2019il y a une hype autour du <strong>PSG<\/strong>.<br \/>\nC\u2019est un club qui a du style, cool, ils cherchent \u00e0 vendre cette<br \/>\nimage ici.\u00a0\u00bb Tout sauf un hasard. Le champion d\u2019Europe<br \/>\nest le seul club europ\u00e9en \u00e0 avoir <a href=\"https:\/\/canal-supporters.com\/le-psg-donne-des-precisions-sur-sa-nouvelle-boutique-a-new-york\/\" title=\"\" rel=\"nofollow noopener\" target=\"_blank\">un magasin<\/a> dans la Grand Pomme, et pas n\u2019importe<br \/>\no\u00f9\u00a0: sur la prestigieuse 5e Avenue, souligne<br \/>\nL\u2019Equipe. La strat\u00e9gie lifestyle assum\u00e9e du<br \/>\n<strong>PSG<\/strong>, appuy\u00e9e par le partenariat fructueux avec<br \/>\nJordan, assure \u00e0 sa boutique, ouverte en 2022 avant de<br \/>\nd\u00e9m\u00e9nager de quelques blocs en 2023, un joli succ\u00e8s amplifi\u00e9 par la<br \/>\nvictoire en <strong>Ligue des champions<\/strong>. \u00ab\u00a0On a<br \/>\nbeaucoup plus de clients depuis, c\u2019est clair, je n\u2019arr\u00eate pas.<br \/>\nD\u2019ailleurs, on est sold out sur les maillots<br \/>\n<strong>Demb\u00e9l\u00e9<\/strong>. Tout le monde nous dit que c\u2019est le<br \/>\nmaillot du futur <strong>Ballon d\u2019Or<\/strong>\u00a0!\u00a0\u00bb,<br \/>\nlance <strong>Eileen<\/strong>, la manager de la boutique du<br \/>\n<strong>PSG<\/strong> \u00e0 <strong>New York<\/strong>. Install\u00e9 \u00e0 deux<br \/>\npas d\u2019un NBA Store, le magasin du <strong>PSG<\/strong><br \/>\nsouffre forc\u00e9ment de la comparaison, en termes de surface comme de<br \/>\nflux de clients. Mais le club se dit satisfait par les chiffres,<br \/>\navec une client\u00e8le\u00a0\u00ab\u00a0surtout europ\u00e9enne, notamment<br \/>\ndes Fran\u00e7ais\u00a0\u00bb. Autant des passionn\u00e9s que des curieux.<br \/>\n<strong>New York<\/strong> est aussi le lieu de naissance du premier<br \/>\nfan-club du <strong>PSG<\/strong> aux <strong>USA<\/strong>, en 2006.<br \/>\nIl compte aujourd\u2019hui une centaine de membres. La petite communaut\u00e9<br \/>\nse retrouve r\u00e9guli\u00e8rement pour suivre les matches ensemble \u00e0 la<br \/>\n\u00ab\u00a0Football Factory\u00a0\u00bb, au Legends bar, indique le<br \/>\nquotidien sportif. \u00ab\u00a0Loin de l\u2019agitation de la ville qui<br \/>\nne dort jamais, <strong>Luis Enrique<\/strong> et ses joueurs, eux,<br \/>\nont \u00e9tabli leurs quartiers \u00e0 <strong>New Brunswick<\/strong>, dans<br \/>\nle <strong>New Jersey<\/strong>, \u00e0 une soixantaine de kilom\u00e8tres de<br \/>\n<strong>Manhattan<\/strong>. Laiss\u00e9e au repos lundi, une bonne<br \/>\npartie de l\u2019effectif n\u2019a toutefois pas r\u00e9sist\u00e9 au plaisir d\u2019aller<br \/>\nvisiter le centre-ville. <strong>Times Square<\/strong>,<br \/>\n<strong>Empire State Building,<\/strong> <strong>statue de la<br \/>\nLibert\u00e9<\/strong>, ils en ont pris plein les yeux sans \u00eatre trop<br \/>\nennuy\u00e9s par les badauds\u00a0\u00bb, conclut L\u2019Equipe.<\/p>\n<p> <img loading=\"lazy\" decoding=\"async\" width=\"961\" height=\"97\" src=\"https:\/\/www.europesays.com\/fr\/wp-content\/uploads\/2025\/07\/Le-Parisien-8-07-2025.jpg\" alt=\"Le parisien 8 07 2025\" class=\"wp-image-576147\"  \/><\/p>\n<p>De son c\u00f4t\u00e9, <a href=\"https:\/\/www.leparisien.fr\/sports\/football\/coupe-du-monde-des-clubs\/psg-bien-etre-des-joueurs-cohesion-de-groupe-et-mercato-luis-campos-sur-tous-les-fronts-au-mondial-des-clubs-08-07-2025-MEKVP47MSNHU7PEWHFFHW3IYN4.php\" target=\"_blank\" rel=\"noopener nofollow\" title=\"\">Le Parisien<\/a> fait<br \/>\nun focus sur <strong>Luis Campos<\/strong>. Le conseiller sportif du<br \/>\n<strong>PSG<\/strong> est pr\u00e9sent \u00e0 chaque entra\u00eenement du club de<br \/>\nla capitale. Il est focalis\u00e9 sur le pr\u00e9sent, cette <strong>Coupe du<br \/>\nmonde des clubs<\/strong> qu\u2019il esp\u00e8re rapporter dans la capitale,<br \/>\nla vie de groupes et ses s\u00e9ances intenses, mais pense aussi au<br \/>\nfutur et continue de travailler, en parall\u00e8le de la comp\u00e9tition,<br \/>\nsur le mercato, avance le quotidien francilien. \u00ab\u00a0Deux<br \/>\nmissions majeures pour <strong>Luis Campos<\/strong> qui rythme son<br \/>\nquotidien am\u00e9ricain. Ce mode de fonctionnement n\u2019est pas forc\u00e9ment<br \/>\ncommun pour le dirigeant portugais, habitu\u00e9 \u00e0 multiplier les<br \/>\nmissions de scouting en <strong>Europe<\/strong> ou en<br \/>\n<strong>Am\u00e9rique du Sud<\/strong> pour superviser les talents de<br \/>\ndemain.\u00a0\u00bb <strong><a href=\"https:\/\/canal-supporters.com\/officiel-luis-campos-prolonge-au-paris-saint-germain\/\" title=\"\" rel=\"nofollow noopener\" target=\"_blank\">Luis Campos<\/a><\/strong> souhaite passer le plus de temps<br \/>\npossible au c\u00f4t\u00e9 de l\u2019\u00e9quipe avec une id\u00e9e pr\u00e9cise : entretenir une<br \/>\nharmonie collective qui a fait la r\u00e9ussite du <strong>PSG<\/strong><br \/>\net l\u2019a conduit \u00e0 la victoire finale en Ligue des champions. Une<br \/>\nharmonie \u00e0 laquelle est tr\u00e8s attach\u00e9 le Lusitanien, qui estime que<br \/>\nce s\u00e9jour est de nature \u00e0 renforcer l\u2019esprit d\u2019\u00e9quipe, assure<br \/>\nLe Parisien. S\u2019il prend du plaisir \u00e0 c\u00f4toyer ses troupes,<br \/>\nil s\u2019informe quotidiennement des mouvements qui ont eu lieu sur le<br \/>\nmarch\u00e9 des transferts. Le Parisien indique que le d\u00e9but de<br \/>\nla comp\u00e9tition, o\u00f9 le <strong>PSG<\/strong> \u00e9tait bas\u00e9 en<br \/>\n<strong>Californie<\/strong>, n\u2019a pas toujours facilit\u00e9 les<br \/>\n\u00e9changes, avec les huit ou neuf heures de d\u00e9calage avec<br \/>\nl\u2019<strong>Europe<\/strong>, dans certaines n\u00e9gociations concernant<br \/>\ndes \u00e9l\u00e9ments sur le d\u00e9part ou de possible signature \u00e0 venir.<br \/>\n\u00ab\u00a0Les contours du futur recrutement ont \u00e9t\u00e9 dessin\u00e9s en<br \/>\namont du voyage aux <strong>\u00c9tats-Unis<\/strong>, par <strong>Luis<br \/>\nEnrique<\/strong>, <strong>Luis Campos<\/strong> et <strong><a href=\"https:\/\/canal-supporters.com\/cdm-des-clubs-comment-nasser-al-khelaifi-a-vecu-psg-inter-miami\/\" title=\"\" rel=\"nofollow noopener\" target=\"_blank\">Nasser al-Khela\u00effi<\/a>.<\/strong> Les trois hommes ont<br \/>\ndress\u00e9 ensemble la liste des joueurs qu\u2019ils convoitent. Le trio<br \/>\ns\u2019est rejoint sur un point : le maintien de l\u2019\u00e9quilibre collectif<br \/>\nau sein de l\u2019effectif qui a enti\u00e8rement donn\u00e9<br \/>\nsatisfaction\u00a0\u00bb, indique le quotidien francilien. Cela<br \/>\ns\u2019est traduit par l\u2019absence de signatures pendant la <strong>Coupe<br \/>\ndu monde des clubs<\/strong> pour ne pas provoquer d\u2019interf\u00e9rence<br \/>\navec la vie de groupe. Recruter peu, mais recruter bien, voil\u00e0 la<br \/>\nmission fix\u00e9e \u00e0 <strong>Luis Campos<\/strong>, lance Le<br \/>\nParisien. Le conseiller sportif vise en priorit\u00e9 deux nouveaux<br \/>\njoueurs, un d\u00e9fenseur et un attaquant, capables d\u2019apporter<br \/>\ndavantage de concurrence et de renforcer une \u00e9quipe d\u00e9j\u00e0 bien<br \/>\narm\u00e9e, conclut le quotidien francilien. \u00a0<\/p>\n<p>A voir aussi : <a href=\"https:\/\/canal-supporters.com\/psg-quelques-absences-lors-du-dernier-entrainement-a-atlanta\/\" title=\"\" rel=\"nofollow noopener\" target=\"_blank\">PSG \u2013 Quelques absences lors du dernier entra\u00eenement \u00e0<br \/>\nAtlanta<\/a><\/p>\n<p><a href=\"https:\/\/x.com\/CanalSupporters\" target=\"_blank\" rel=\"noopener nofollow\" title=\"\">canalsupporters.com<\/a><\/p>\n<p> <img loading=\"lazy\" decoding=\"async\" width=\"615\" height=\"67\" src=\"https:\/\/www.europesays.com\/fr\/wp-content\/uploads\/2025\/07\/Le-Parisien-8-07-2025-1.jpg\" alt=\"Le parisien 8 07 2025 (1)\" class=\"wp-image-576148\"  \/><\/p>\n<p><a href=\"https:\/\/www.leparisien.fr\/sports\/football\/coupe-du-monde-des-clubs\/psg-real-madrid-quand-xabi-alonso-a-failli-entrainer-paris-07-07-2025-IXIW25XL3VEERKDR4BO6VQ55VA.php?ts=1751952314628\" target=\"_blank\" rel=\"noopener nofollow\" title=\"\">Le Parisien<\/a> \u00e9voque<br \/>\naussi <strong>Xabi Alonso<\/strong>. Entra\u00eeneur du <strong>Real<br \/>\nMadrid<\/strong> depuis quelques semaines, il aurait pu s\u2019asseoir<br \/>\nsur le banc du <strong>PSG<\/strong> il y a deux ans. Le quotidien<br \/>\nfrancilien explique qu\u2019au printemps 2023, les dirigeants parisiens,<br \/>\n\u00e0 la recherche d\u2019un nouvel entra\u00eeneur, avait coch\u00e9 son nom.<br \/>\n\u00ab\u00a0<strong>Nasser al-Khela\u00effi<\/strong>, le pr\u00e9sident en<br \/>\nligne directe avec l\u2019actionnaire, l\u2019<strong>\u00c9mir du Qatar<\/strong>,<br \/>\net <strong>Luis Campos<\/strong>, le conseiller sportif, s\u2019arr\u00eatent<br \/>\nsur trois noms, qui dessinent trois axes diff\u00e9rents. Il y a le<br \/>\ntechnicien confirm\u00e9,\u00a0<strong>Luis Enrique<\/strong>, vainqueur<br \/>\nde la <strong>Ligue des champions<\/strong> 2015 ; le jeune<br \/>\nentra\u00eeneur prometteur,\u00a0<strong>Julian Nagelsmann<\/strong>,<br \/>\n\u00e9patant avec le <strong>RB Leipzig<\/strong>, et tout juste limog\u00e9<br \/>\ndu <strong>Bayern Munich<\/strong> malgr\u00e9 sa qualification contre le<br \/>\n<strong>PSG<\/strong> ; et l\u2019\u00e9toile montante des bancs de touche,<br \/>\n<strong>Xabi Alonso<\/strong>, sans exp\u00e9rience majeure.\u00a0\u00bb<br \/>\nLe <strong>Qatar<\/strong> adore donner les cl\u00e9s de son \u00e9quipe \u00e0 un<br \/>\ncoach encore en d\u00e9veloppement et penche pour les deux derniers,<br \/>\ncomme il avait pioch\u00e9 <strong>Unai Emery<\/strong> \u00e0<br \/>\n<strong>S\u00e9ville<\/strong> et <strong>Thomas Tuchel<\/strong> \u00e0<br \/>\n<strong>Dortmund<\/strong> en 2016 et 2018, avance Le<br \/>\nParisien. \u00ab\u00a0Le dirigeant portugais, lui, penche pour<br \/>\n<strong><a href=\"https:\/\/canal-supporters.com\/psg-luis-enrique-a-fait-son-choix-pour-le-ballon-dor\/\" title=\"\" rel=\"nofollow noopener\" target=\"_blank\">Luis Enrique<\/a><\/strong> d\u2019abord, <strong>Xabi<br \/>\nAlonso<\/strong> ensuite, et <strong>Julian Nagelsmann<\/strong><br \/>\nenfin. Pour sa deuxi\u00e8me saison au <strong>PSG<\/strong>,<br \/>\n<strong>Campos<\/strong>, qui est sous surveillance apr\u00e8s l\u2019\u00e9pisode<br \/>\n<strong>Galtier<\/strong>, estime que l\u2019Asturien coache toutes les<br \/>\ncases possibles, du beau jeu \u00e0 la capacit\u00e9 de g\u00e9rer un vestiaire<br \/>\nd\u2019ego m\u00eame s\u2019il sait qu\u2019en cet \u00e9t\u00e9 2023, <strong>Neymar<\/strong><br \/>\net\u00a0<strong>L\u00e9o Messi<\/strong>\u00a0ne seront pas conserv\u00e9s,<br \/>\ntout comme <strong>Sergio Ramos<\/strong>.\u00a0\u00bb C\u2019est lui qui<br \/>\nest charg\u00e9 de rencontrer les trois candidats, qui acceptent tous de<br \/>\ndiscuter, souligne le quotidien francilien. Mais <strong>Xabi<br \/>\nAlonso<\/strong> ne se sentait pas forc\u00e9ment de commencer par un<br \/>\nclub de la dimension du <strong>PSG<\/strong>.<br \/>\nSurtout,\u00a0<strong>Luis Enrique<\/strong>\u00a0et<br \/>\n<strong>Paris<\/strong> sont imm\u00e9diatement tomb\u00e9s sous le charme<br \/>\nl\u2019un de l\u2019autre, le club appr\u00e9ciant l\u2019autorit\u00e9 naturelle qui se<br \/>\nd\u00e9gage de sa personnalit\u00e9, en plus de sa r\u00e9putation d\u2019entra\u00eeneur<br \/>\nesth\u00e8te. Connaissant la suite, le <strong>PSG<\/strong> ne regrette<br \/>\nvraiment pas son choix, avec la premi\u00e8re <strong>Ligue des<br \/>\nchampions de son histoire<\/strong>, conclut Le<br \/>\nParisien.<\/p><\/p>\n","protected":false},"excerpt":{"rendered":"Vu et lu au sujet du PSG dans la\u00a0presse hexagonale\u00a0ce mardi 8 juillet 2025.\u00a0Le PSG construit sa popularit\u00e9&hellip;\n","protected":false},"author":2,"featured_media":43795,"comment_status":"","ping_status":"","sticky":false,"template":"","format":"standard","meta":{"footnotes":""},"categories":[1410],"tags":[9453,37388,81,37389,37390,63,1011,27,11484,415,626,91,92,93,13125,60,96,12380],"class_list":{"0":"post-235217","1":"post","2":"type-post","3":"status-publish","4":"format-standard","5":"has-post-thumbnail","7":"category-football","8":"tag-alonso","9":"tag-campos","10":"tag-canal-supporters","11":"tag-conseiller-sportif","12":"tag-conseiller-sportif-psg","13":"tag-football","14":"tag-fr","15":"tag-france","16":"tag-luis-campos","17":"tag-new-york","18":"tag-paris","19":"tag-paris-saint-germain","20":"tag-paris-sg","21":"tag-psg","22":"tag-revue-de-presse","23":"tag-sports","24":"tag-une","25":"tag-xabi-alonso"},"share_on_mastodon":{"url":"https:\/\/pubeurope.com\/@fr\/114817869165438759","error":""},"_links":{"self":[{"href":"https:\/\/www.europesays.com\/fr\/wp-json\/wp\/v2\/posts\/235217","targetHints":{"allow":["GET"]}}],"collection":[{"href":"https:\/\/www.europesays.com\/fr\/wp-json\/wp\/v2\/posts"}],"about":[{"href":"https:\/\/www.europesays.com\/fr\/wp-json\/wp\/v2\/types\/post"}],"author":[{"embeddable":true,"href":"https:\/\/www.europesays.com\/fr\/wp-json\/wp\/v2\/users\/2"}],"replies":[{"embeddable":true,"href":"https:\/\/www.europesays.com\/fr\/wp-json\/wp\/v2\/comments?post=235217"}],"version-history":[{"count":0,"href":"https:\/\/www.europesays.com\/fr\/wp-json\/wp\/v2\/posts\/235217\/revisions"}],"wp:featuredmedia":[{"embeddable":true,"href":"https:\/\/www.europesays.com\/fr\/wp-json\/wp\/v2\/media\/43795"}],"wp:attachment":[{"href":"https:\/\/www.europesays.com\/fr\/wp-json\/wp\/v2\/media?parent=235217"}],"wp:term":[{"taxonomy":"category","embeddable":true,"href":"https:\/\/www.europesays.com\/fr\/wp-json\/wp\/v2\/categories?post=235217"},{"taxonomy":"post_tag","embeddable":true,"href":"https:\/\/www.europesays.com\/fr\/wp-json\/wp\/v2\/tags?post=235217"}],"curies":[{"name":"wp","href":"https:\/\/api.w.org\/{rel}","templated":true}]}}