{"id":235218,"date":"2025-07-08T13:33:09","date_gmt":"2025-07-08T13:33:09","guid":{"rendered":"https:\/\/www.europesays.com\/fr\/235218\/"},"modified":"2025-07-08T13:33:09","modified_gmt":"2025-07-08T13:33:09","slug":"pas-si-difficile-de-mimer-une-fellation-claude-zidi-sa-fille-helene-au-coeur-dune-sordide-enquete","status":"publish","type":"post","link":"https:\/\/www.europesays.com\/fr\/235218\/","title":{"rendered":"\u00ab\u00a0Pas si difficile de mimer une fellation\u2026\u00a0\u00bb : Claude Zidi, sa fille H\u00e9l\u00e8ne au c\u0153ur d&rsquo;une sordide enqu\u00eate"},"content":{"rendered":"<p>Sous les projecteurs, le prestige. En coulisses, les abus. Une enqu\u00eate de <strong>Lib\u00e9ration<\/strong> vient de r\u00e9v\u00e8ler les pratiques contestables au sein du Laboratoire de l\u2019acteur, \u00e9cole de th\u00e9\u00e2tre fond\u00e9e en 2001 par <a href=\"https:\/\/www.public.fr\/interview-d-helene-zidi-je-suis-divorcee-et-enfin-libre\" target=\"_blank\" rel=\"noopener\">H\u00e9l\u00e8ne Zidi, 65 ans et fille du r\u00e9alisateur Claude Zidi.<\/a><\/p>\n<p>Si l\u2019\u00e9tablissement a form\u00e9 des figures montantes du cin\u00e9ma fran\u00e7ais comme Tahar Rahim, Rapha\u00ebl Quenard ou Alexis Manenti, plusieurs anciennes \u00e9l\u00e8ves d\u00e9noncent aujourd\u2019hui un syst\u00e8me violent, sexiste et psychologiquement destructeur.<\/p>\n<p>Un t\u00e9moignage accablant : le r\u00e9cit d\u2019Ambre<\/p>\n<p>L\u2019enqu\u00eate s\u2019appuie sur les t\u00e9moignages d\u2019une vingtaine d\u2019ex-\u00e9l\u00e8ves, en majorit\u00e9 des femmes, qui pointent du doigt une p\u00e9dagogie autoritaire, <strong>des humiliations r\u00e9currentes<\/strong>, et un traitement diff\u00e9renci\u00e9 selon le genre. Ambre, ancienne \u00e9l\u00e8ve, livre un t\u00e9moignage gla\u00e7ant.<\/p>\n<p>En novembre 2020, elle se retrouve seule sur sc\u00e8ne, lors d\u2019un exercice impos\u00e9 devant ses camarades. <a href=\"https:\/\/www.public.fr\/en-pleine-affaire-pierre-palmade-la-fille-d-yves-renier-lola-zidi-revele-en-plein-tpmp-people-son-addiction-a-l-alcool-de-l-auto-sabotage\" target=\"_blank\" rel=\"noopener\">H\u00e9l\u00e8ne Zidi la rabroue s\u00e8chement<\/a> : \u00ab\u00a0T\u2019es compl\u00e8tement crisp\u00e9e, coinc\u00e9e. Tu veux rester figurante toute ta vie ?\u00a0\u00bb. Puis, elle lui ordonne d\u2019improviser une sc\u00e8ne : incarner une m\u00e8re d\u00e9prav\u00e9e, dans une s\u00e9quence \u00e0 connotation sexuelle explicite. Ambre, sid\u00e9r\u00e9e, tente de r\u00e9sister. En vain. La directrice conclut froidement : \u00ab\u00a0Rien \u00e0 faire, elle a des blocages. C\u2019est pourtant pas si difficile de mimer.\u00a0\u00bb<\/p>\n<p>Pour Ambre, cette sc\u00e8ne a raviv\u00e9 des traumatismes personnels. Elle parle d\u2019un moment de sid\u00e9ration, d\u2019une violence difficile \u00e0 d\u00e9crire. Un choc qu\u2019elle partage aujourd\u2019hui pour briser le silence.<\/p>\n<p>Favoritisme masculin et violences symboliques<\/p>\n<p>Loin d\u2019\u00eatre un cas isol\u00e9, le r\u00e9cit d\u2019Ambre s\u2019inscrit dans un sch\u00e9ma plus large d\u00e9crit par plusieurs anciennes \u00e9l\u00e8ves. Lise, issue de la promotion 2016, d\u00e9peint une \u00e9cole o\u00f9 <strong>les \u00ab\u00a0chouchous\u00a0\u00bb de la directrice sont des \u00ab\u00a0mecs virils, style Apollon, qui prennent vite le melon et se sentent sup\u00e9rieurs \u00e0 nous\u00a0\u00bb<\/strong>. Un favoritisme assum\u00e9, qui place les hommes au sommet de la hi\u00e9rarchie informelle de l\u2019\u00e9cole, tandis que les femmes doivent redoubler d\u2019efforts, parfois au prix de leur int\u00e9grit\u00e9.<\/p>\n<p>Olga, elle, raconte un acharnement sur son apparence physique. Elle \u00e9voque <strong>des remarques r\u00e9p\u00e9t\u00e9es sur son poids<\/strong>, des compliments conditionnels : \u00ab\u00a0H\u00e9l\u00e8ne Zidi m\u2019a f\u00e9licit\u00e9e d\u2019avoir maigri entre deux stages, puis elle m\u2019a dit : &lsquo;Il faut que tu te ressaisisses, tu ne veux quand m\u00eame pas jouer des r\u00f4les de grosses, d\u00e9j\u00e0 que tu as un certain profil\u2019.\u00a0\u00bb Aujourd\u2019hui,<strong> Olga souffre de troubles du comportement alimentaire et de dysmorphophobie<\/strong>, cons\u00e9quences directes de cette pression physique.<\/p>\n<p>Une \u00e9cole au prestige intact\u2026 pour l\u2019instant<\/p>\n<p>Ce qui choque, c\u2019est le contraste entre ces t\u00e9moignages et l\u2019image publique du Laboratoire de l\u2019acteur. Nich\u00e9e dans le paysage parisien du th\u00e9\u00e2tre et du cin\u00e9ma,<strong> l\u2019\u00e9cole jouit d\u2019une r\u00e9putation solide<\/strong>. Elle se targue d\u2019une formation exigeante, souvent vant\u00e9e pour sa \u00ab\u00a0v\u00e9rit\u00e9 sc\u00e9nique\u00a0\u00bb, et a vu d\u00e9filer de nombreux talents devenus c\u00e9l\u00e8bres.<\/p>\n<p>Mais derri\u00e8re cette vitrine, les accusations s\u2019accumulent : sexisme banalis\u00e9, remarques sur les corps, mise en comp\u00e9tition toxique, et exercices aux limites floues du consentement. Une ancienne com\u00e9dienne confie : \u00ab\u00a0On acceptait beaucoup de choses, parce qu\u2019on r\u00eavait tous de percer. On pensait que c\u2019\u00e9tait normal, que \u00e7a faisait partie du m\u00e9tier. Mais aujourd\u2019hui, je comprends que non.\u00a0\u00bb<\/p>\n<p>Cette enqu\u00eate s\u2019inscrit dans un mouvement plus large de lib\u00e9ration de la parole dans les milieux artistiques, longtemps marqu\u00e9s par des rapports de pouvoir d\u00e9s\u00e9quilibr\u00e9s. Le th\u00e9\u00e2tre, en particulier, interroge de plus en plus ses m\u00e9thodes p\u00e9dagogiques, ses abus couverts par la sacro-sainte \u00ab\u00a0qu\u00eate de l\u2019\u00e9motion vraie\u00a0\u00bb, et ses figures d\u2019autorit\u00e9 trop souvent intouchables.<\/p>\n<p>      Mentionn\u00e9s dans cet article<\/p>\n<p>\u00c0 lire aussi<\/p>\n","protected":false},"excerpt":{"rendered":"Sous les projecteurs, le prestige. En coulisses, les abus. Une enqu\u00eate de Lib\u00e9ration vient de r\u00e9v\u00e8ler les pratiques&hellip;\n","protected":false},"author":2,"featured_media":235219,"comment_status":"","ping_status":"","sticky":false,"template":"","format":"standard","meta":{"footnotes":""},"categories":[1359],"tags":[58,1122,1067,59,1011,27,973,1347],"class_list":{"0":"post-235218","1":"post","2":"type-post","3":"status-publish","4":"format-standard","5":"has-post-thumbnail","7":"category-people","8":"tag-divertissement","9":"tag-ecole","10":"tag-enquete","11":"tag-entertainment","12":"tag-fr","13":"tag-france","14":"tag-people","15":"tag-theatre"},"share_on_mastodon":{"url":"https:\/\/pubeurope.com\/@fr\/114817872906950755","error":""},"_links":{"self":[{"href":"https:\/\/www.europesays.com\/fr\/wp-json\/wp\/v2\/posts\/235218","targetHints":{"allow":["GET"]}}],"collection":[{"href":"https:\/\/www.europesays.com\/fr\/wp-json\/wp\/v2\/posts"}],"about":[{"href":"https:\/\/www.europesays.com\/fr\/wp-json\/wp\/v2\/types\/post"}],"author":[{"embeddable":true,"href":"https:\/\/www.europesays.com\/fr\/wp-json\/wp\/v2\/users\/2"}],"replies":[{"embeddable":true,"href":"https:\/\/www.europesays.com\/fr\/wp-json\/wp\/v2\/comments?post=235218"}],"version-history":[{"count":0,"href":"https:\/\/www.europesays.com\/fr\/wp-json\/wp\/v2\/posts\/235218\/revisions"}],"wp:featuredmedia":[{"embeddable":true,"href":"https:\/\/www.europesays.com\/fr\/wp-json\/wp\/v2\/media\/235219"}],"wp:attachment":[{"href":"https:\/\/www.europesays.com\/fr\/wp-json\/wp\/v2\/media?parent=235218"}],"wp:term":[{"taxonomy":"category","embeddable":true,"href":"https:\/\/www.europesays.com\/fr\/wp-json\/wp\/v2\/categories?post=235218"},{"taxonomy":"post_tag","embeddable":true,"href":"https:\/\/www.europesays.com\/fr\/wp-json\/wp\/v2\/tags?post=235218"}],"curies":[{"name":"wp","href":"https:\/\/api.w.org\/{rel}","templated":true}]}}