{"id":235220,"date":"2025-07-08T13:34:18","date_gmt":"2025-07-08T13:34:18","guid":{"rendered":"https:\/\/www.europesays.com\/fr\/235220\/"},"modified":"2025-07-08T13:34:18","modified_gmt":"2025-07-08T13:34:18","slug":"fete-des-goemoniers-a-clohars-carnoet-beau-comme-le-tableau","status":"publish","type":"post","link":"https:\/\/www.europesays.com\/fr\/235220\/","title":{"rendered":"F\u00eate des go\u00e9moniers \u00e0 Clohars-Carno\u00ebt\u00a0: \u00ab\u00a0Beau comme le tableau\u00a0!\u00a0\u00bb"},"content":{"rendered":"<p>La f\u00eate des go\u00e9moniers organis\u00e9e ce samedi 5 juillet 2025, sur la plage des Grands-Sables, au Pouldu, avait une vocation particuli\u00e8re. Le cercle celtique Korollerien Laeta \u00e9tait mobilis\u00e9 en habit d\u2018\u00e9poque pour une reconstitution du tableau \u00ab\u00a0Les p\u00eacheuses de go\u00e9mon\u00a0\u00bb du peintre Paul Gauguin. \u00ab\u00a0Regarde Papi, c\u2019est beau comme le tableau\u00a0!\u00a0\u00bb, s\u2019est exclam\u00e9e une petite fille dans une foule venue en nombre assister \u00e0 la f\u00eate. \u00c0 cette occasion, chacun a pu \u00ab\u00a0voir en vrai\u00a0\u00bb le style \u00e9labor\u00e9 par le peintre Paul Gauguin, le synth\u00e9tisme.<\/p>\n<p>Les cinq secrets du peintre<\/p>\n<p>Maud Naour, responsable de l\u2019Atelier du Pouldu, le centre d\u2019interpr\u00e9tation Gauguin, inaugur\u00e9 le matin m\u00eame, a livr\u00e9 les secrets du peintre\u00a0:\u00a0\u00ab Il faut d\u2019abord savoir que Paul Gauguin a s\u00e9journ\u00e9 ici, au Pouldu. Entre 1886 et 1894, il a peint nos paysages et la vie de nos arri\u00e8res grands-parents. Le synth\u00e9tisme, le style qu\u2019il a cr\u00e9\u00e9 est simple dans son principe. Chacun peut s\u2019y essayer. Il consiste \u00e0 mettre en peinture ce que vous voyez, en version simplifi\u00e9e et enrichie de votre propre imagination. En pratique, vous observez le paysage, comme s\u2019il \u00e9tait une photo sur laquelle vous poseriez une feuille blanche pour en d\u00e9calquer les grandes lignes. Sur ce d\u00e9cor, vous ajoutez des personnages (les go\u00e9moniers) ou des animaux (les chevaux), que vous dessinez \u00e0 votre fa\u00e7on. Coloriez ensuite les formes de mani\u00e8re uniforme avec des couleurs vives\u00a0: l\u2019id\u00e9e est de surprendre par les couleurs\u00a0! Et enfin, cernez les formes\u00a0: au crayon ou au feutre noir, vous repassez les contours des dessins, les formes du paysage, ainsi que celle des personnages\u00a0\u00bb. \u00c0 vos crayons\u00a0!<\/p>\n<p>\u00c0 ceux qui n\u2018ont pas pu assister \u00e0 la f\u00eate, l\u2019initiation au style Gauguin est d\u00e9sormais possible pour tous. Rendez-vous au Centre d\u2019interpr\u00e9tation Gauguin, l\u2019Atelier du Pouldu, qui ouvre au public ce mercredi 9 juillet.<\/p>\n<p>Pratique<\/p>\n<p class=\"note\">Atelier du Pouldu, 10 rue des Grands-Sables au Pouldu, \u00e0 Clohars-Carno\u00ebt. Ouvert toute l\u2019ann\u00e9e. 7 \u20ac l\u2019entr\u00e9e, 5 \u20ac tarif r\u00e9duit, gratuit pour les moins de 12 ans.<\/p>\n","protected":false},"excerpt":{"rendered":"La f\u00eate des go\u00e9moniers organis\u00e9e ce samedi 5 juillet 2025, sur la plage des Grands-Sables, au Pouldu, avait&hellip;\n","protected":false},"author":2,"featured_media":235221,"comment_status":"","ping_status":"","sticky":false,"template":"","format":"standard","meta":{"footnotes":""},"categories":[1358],"tags":[1348,1384,1385,24221,1386,58,59,1011,27,11878],"class_list":{"0":"post-235220","1":"post","2":"type-post","3":"status-publish","4":"format-standard","5":"has-post-thumbnail","7":"category-arts-et-design","8":"tag-arts","9":"tag-arts-and-design","10":"tag-arts-et-design","11":"tag-clohars-carnoet","12":"tag-design","13":"tag-divertissement","14":"tag-entertainment","15":"tag-fr","16":"tag-france","17":"tag-quimperle"},"share_on_mastodon":{"url":"https:\/\/pubeurope.com\/@fr\/114817876879370461","error":""},"_links":{"self":[{"href":"https:\/\/www.europesays.com\/fr\/wp-json\/wp\/v2\/posts\/235220","targetHints":{"allow":["GET"]}}],"collection":[{"href":"https:\/\/www.europesays.com\/fr\/wp-json\/wp\/v2\/posts"}],"about":[{"href":"https:\/\/www.europesays.com\/fr\/wp-json\/wp\/v2\/types\/post"}],"author":[{"embeddable":true,"href":"https:\/\/www.europesays.com\/fr\/wp-json\/wp\/v2\/users\/2"}],"replies":[{"embeddable":true,"href":"https:\/\/www.europesays.com\/fr\/wp-json\/wp\/v2\/comments?post=235220"}],"version-history":[{"count":0,"href":"https:\/\/www.europesays.com\/fr\/wp-json\/wp\/v2\/posts\/235220\/revisions"}],"wp:featuredmedia":[{"embeddable":true,"href":"https:\/\/www.europesays.com\/fr\/wp-json\/wp\/v2\/media\/235221"}],"wp:attachment":[{"href":"https:\/\/www.europesays.com\/fr\/wp-json\/wp\/v2\/media?parent=235220"}],"wp:term":[{"taxonomy":"category","embeddable":true,"href":"https:\/\/www.europesays.com\/fr\/wp-json\/wp\/v2\/categories?post=235220"},{"taxonomy":"post_tag","embeddable":true,"href":"https:\/\/www.europesays.com\/fr\/wp-json\/wp\/v2\/tags?post=235220"}],"curies":[{"name":"wp","href":"https:\/\/api.w.org\/{rel}","templated":true}]}}