{"id":235222,"date":"2025-07-08T13:35:10","date_gmt":"2025-07-08T13:35:10","guid":{"rendered":"https:\/\/www.europesays.com\/fr\/235222\/"},"modified":"2025-07-08T13:35:10","modified_gmt":"2025-07-08T13:35:10","slug":"des-nouveautes-pour-les-lecteurs-a-la-mediatheque-du-blanc","status":"publish","type":"post","link":"https:\/\/www.europesays.com\/fr\/235222\/","title":{"rendered":"Des nouveaut\u00e9s pour les lecteurs \u00e0 la m\u00e9diath\u00e8que du Blanc"},"content":{"rendered":"<p>Jeudi 3\u00a0juillet 2025, au matin, tout \u00e9tait calme \u00e0 la <a target=\"_self\" href=\"https:\/\/www.lanouvellerepublique.fr\/le-blanc\/des-voyageurs-immobiles-a-la-mediatheque-intercommunale-du-blanc-1741024253\" rel=\"noopener\">m\u00e9diath\u00e8que intercommunale blancoise<\/a>. Pas de lectrice ni lecteur dans les rayonnages\u2026 Seul le personnel \u00e9tait pr\u00e9sent, au grand complet, profitant de ces moments de fermeture au public pour r\u00e9aliser les t\u00e2ches internes&#8230;. <\/p>\n<p>    Cet article a \u00e9t\u00e9 tronqu\u00e9. Abonnez-vous pour lire l&rsquo;article complet sur notre site.<\/p>\n<p> Et elles sont nombreuses et incontournables\u00a0!<\/p>\n<p style=\"margin: 0 !important; padding: 0 !important; font-size: 12px !important;\">Cet article a \u00e9t\u00e9 tronqu\u00e9. Abonnez-vous pour lire l&rsquo;article complet.<\/p>\n<p>    <a href=\"https:\/\/www.lanouvellerepublique.fr\/abonnements\" style=\"display: inline-block; margin-top: 5px !important; padding: 6px 12px !important; background: #cb1c27; color: white; text-decoration: none; border-radius: 4px; font-size: 12px !important;\" target=\"_blank\" rel=\"noopener\"><br \/>\n      S&rsquo;abonner<br \/>\n    <\/a><\/p>\n","protected":false},"excerpt":{"rendered":"Jeudi 3\u00a0juillet 2025, au matin, tout \u00e9tait calme \u00e0 la m\u00e9diath\u00e8que intercommunale blancoise. Pas de lectrice ni lecteur&hellip;\n","protected":false},"author":2,"featured_media":235223,"comment_status":"","ping_status":"","sticky":false,"template":"","format":"standard","meta":{"footnotes":""},"categories":[1357],"tags":[1392,1379,1674,58,59,1011,27,5052,15388,1380,1393],"class_list":{"0":"post-235222","1":"post","2":"type-post","3":"status-publish","4":"format-standard","5":"has-post-thumbnail","7":"category-livres","8":"tag-a-la-une-local","9":"tag-books","10":"tag-communes","11":"tag-divertissement","12":"tag-entertainment","13":"tag-fr","14":"tag-france","15":"tag-indre","16":"tag-le-blanc","17":"tag-livres","18":"tag-loisirs"},"share_on_mastodon":{"url":"https:\/\/pubeurope.com\/@fr\/114817880803598699","error":""},"_links":{"self":[{"href":"https:\/\/www.europesays.com\/fr\/wp-json\/wp\/v2\/posts\/235222","targetHints":{"allow":["GET"]}}],"collection":[{"href":"https:\/\/www.europesays.com\/fr\/wp-json\/wp\/v2\/posts"}],"about":[{"href":"https:\/\/www.europesays.com\/fr\/wp-json\/wp\/v2\/types\/post"}],"author":[{"embeddable":true,"href":"https:\/\/www.europesays.com\/fr\/wp-json\/wp\/v2\/users\/2"}],"replies":[{"embeddable":true,"href":"https:\/\/www.europesays.com\/fr\/wp-json\/wp\/v2\/comments?post=235222"}],"version-history":[{"count":0,"href":"https:\/\/www.europesays.com\/fr\/wp-json\/wp\/v2\/posts\/235222\/revisions"}],"wp:featuredmedia":[{"embeddable":true,"href":"https:\/\/www.europesays.com\/fr\/wp-json\/wp\/v2\/media\/235223"}],"wp:attachment":[{"href":"https:\/\/www.europesays.com\/fr\/wp-json\/wp\/v2\/media?parent=235222"}],"wp:term":[{"taxonomy":"category","embeddable":true,"href":"https:\/\/www.europesays.com\/fr\/wp-json\/wp\/v2\/categories?post=235222"},{"taxonomy":"post_tag","embeddable":true,"href":"https:\/\/www.europesays.com\/fr\/wp-json\/wp\/v2\/tags?post=235222"}],"curies":[{"name":"wp","href":"https:\/\/api.w.org\/{rel}","templated":true}]}}