{"id":235226,"date":"2025-07-08T13:37:14","date_gmt":"2025-07-08T13:37:14","guid":{"rendered":"https:\/\/www.europesays.com\/fr\/235226\/"},"modified":"2025-07-08T13:37:14","modified_gmt":"2025-07-08T13:37:14","slug":"saison-record-2024-2025-pour-radio-france-avec-inter-en-tete-actualites","status":"publish","type":"post","link":"https:\/\/www.europesays.com\/fr\/235226\/","title":{"rendered":"Saison record 2024-2025 pour Radio France, avec Inter en t\u00eate : Actualit\u00e9s"},"content":{"rendered":"<p class=\"lead \">Radio France a enregistr\u00e9 une saison 2024-2025 record en audience sur plusieurs antennes, France Inter augmentant son avance en tant que premi\u00e8re radio de France, selon des chiffres de M\u00e9diam\u00e9trie publi\u00e9s mardi.<\/p>\n<p class=\"lead \">Sur la p\u00e9riode de septembre \u00e0 juin, les six stations du service public cumulent 30,4% de part d&rsquo;audience, en hausse de 0,9 point par rapport \u00e0 2023-2024.<\/p>\n<p class=\"lead \">\u00ab\u00a0Radio France cl\u00f4t une saison record\u00a0\u00bb, a indiqu\u00e9 le groupe dans un communiqu\u00e9.<\/p>\n<p class=\"lead \">\u00ab\u00a0L&rsquo;ensemble de la grille r\u00e9alise une saison remarquable, signe que les auditeurs pl\u00e9biscitent la continuit\u00e9 comme les changements que nous leur proposons\u00a0\u00bb, a salu\u00e9 Ad\u00e8le Van Reeth, directrice de France Inter, dans une d\u00e9claration \u00e0 l&rsquo;AFP.<\/p>\n<p class=\"lead \">France Inter termine largement premi\u00e8re radio de France (14,8% de part d&rsquo;audience, +0,9 point), loin devant RTL (11,1%, -0,5), qui elle-m\u00eame devance tr\u00e8s nettement NRJ (5,7%, -0,5).<\/p>\n<p class=\"lead \">En dehors de France Inter, la station la plus \u00e9cout\u00e9e de Radio France est franceinfo (4,7%, +0,1 point), sixi\u00e8me ex aequo, devant les antennes r\u00e9gionales d&rsquo;ICI (anciennement France Bleu, 4,3%, -0,4).<\/p>\n<p class=\"lead \">France Culture (3,6% de part d&rsquo;audience, +0,2 point), France Musique (1,8%, stable) et FIP (1,5%, +0,1) revendiquent des records d&rsquo;audience cumul\u00e9e sur la saison.<\/p>\n<p class=\"lead \">Une proposition de loi, soutenue par le gouvernement, est en discussion au Parlement pour int\u00e9grer Radio France \u00e0 une holding de l&rsquo;audiovisuel public. Elle suscite une forte hostilit\u00e9 des salari\u00e9s, qui y voient une menace pour l&rsquo;ind\u00e9pendance des stations.<\/p>\n<p class=\"lead \">La matinale de France Inter va \u00eatre boulevers\u00e9e \u00e0 la rentr\u00e9e, avec le d\u00e9part de sa copr\u00e9sentatrice L\u00e9a Salam\u00e9 pour le 20H de France 2.<\/p>\n<p class=\"lead \">Nicolas Demorand reste et pilotera la tranche 7h-9h. Transfuge de BFMTV, Benjamin Duhamel m\u00e8nera l&rsquo;interview de 7h50, puis sera aux c\u00f4t\u00e9s de Nicolas Demorand pour celle de 8h20. Sonia Devillers, qui assurait une interview matinale, va animer toute la tranche 9h-11h.<\/p>\n<p class=\"lead \">RTL verra \u00e0 la rentr\u00e9e le retour de Marc-Olivier Fogiel pour une interview dans la matinale, et une nouvelle \u00e9mission pour Faustine Bollaert de 9h30 \u00e0 10h00. Anne-Sophie Lapix prend les manettes du 18h-20h.<\/p>\n<p class=\"lead \">Franceinfo confie sa matinale \u00e0 Paul Larrouturou (ex-TF1) apr\u00e8s le d\u00e9part de Salhia Brakhlia.<\/p>\n<p class=\"lead \">Europe 1, dans le giron du milliardaire conservateur Vincent Bollor\u00e9, r\u00e9alise une progression spectaculaire (4,7%, +1,0 point). Si elle perd Cyril Hanouna au profit de Fun Radio, Pascal Praud va reprendre la case 16h-18h, et transmet le 11h-13h \u00e0 Christine Kelly, vedette comme lui de la cha\u00eene t\u00e9l\u00e9 CNews.<\/p>\n<p class=\"small font-weight-bold text-gray3 \"> publi\u00e9 le 8 juillet \u00e0 13h00, AFP<\/p>\n<p>                             Partager<\/p>\n","protected":false},"excerpt":{"rendered":"Radio France a enregistr\u00e9 une saison 2024-2025 record en audience sur plusieurs antennes, France Inter augmentant son avance&hellip;\n","protected":false},"author":2,"featured_media":235227,"comment_status":"","ping_status":"","sticky":false,"template":"","format":"standard","meta":{"footnotes":""},"categories":[1355],"tags":[58,59,1011,27,9555,1361,873,1825],"class_list":{"0":"post-235226","1":"post","2":"type-post","3":"status-publish","4":"format-standard","5":"has-post-thumbnail","7":"category-musique","8":"tag-divertissement","9":"tag-entertainment","10":"tag-fr","11":"tag-france","12":"tag-mdias","13":"tag-music","14":"tag-musique","15":"tag-radio"},"share_on_mastodon":{"url":"https:\/\/pubeurope.com\/@fr\/114817888760869527","error":""},"_links":{"self":[{"href":"https:\/\/www.europesays.com\/fr\/wp-json\/wp\/v2\/posts\/235226","targetHints":{"allow":["GET"]}}],"collection":[{"href":"https:\/\/www.europesays.com\/fr\/wp-json\/wp\/v2\/posts"}],"about":[{"href":"https:\/\/www.europesays.com\/fr\/wp-json\/wp\/v2\/types\/post"}],"author":[{"embeddable":true,"href":"https:\/\/www.europesays.com\/fr\/wp-json\/wp\/v2\/users\/2"}],"replies":[{"embeddable":true,"href":"https:\/\/www.europesays.com\/fr\/wp-json\/wp\/v2\/comments?post=235226"}],"version-history":[{"count":0,"href":"https:\/\/www.europesays.com\/fr\/wp-json\/wp\/v2\/posts\/235226\/revisions"}],"wp:featuredmedia":[{"embeddable":true,"href":"https:\/\/www.europesays.com\/fr\/wp-json\/wp\/v2\/media\/235227"}],"wp:attachment":[{"href":"https:\/\/www.europesays.com\/fr\/wp-json\/wp\/v2\/media?parent=235226"}],"wp:term":[{"taxonomy":"category","embeddable":true,"href":"https:\/\/www.europesays.com\/fr\/wp-json\/wp\/v2\/categories?post=235226"},{"taxonomy":"post_tag","embeddable":true,"href":"https:\/\/www.europesays.com\/fr\/wp-json\/wp\/v2\/tags?post=235226"}],"curies":[{"name":"wp","href":"https:\/\/api.w.org\/{rel}","templated":true}]}}