{"id":235230,"date":"2025-07-08T13:39:13","date_gmt":"2025-07-08T13:39:13","guid":{"rendered":"https:\/\/www.europesays.com\/fr\/235230\/"},"modified":"2025-07-08T13:39:13","modified_gmt":"2025-07-08T13:39:13","slug":"dans-lorne-emilie-combat-la-3e-cause-de-mortalite-au-monde","status":"publish","type":"post","link":"https:\/\/www.europesays.com\/fr\/235230\/","title":{"rendered":"dans l&rsquo;Orne, Emilie combat la 3e cause de mortalit\u00e9 au monde"},"content":{"rendered":"<p>            Par<br \/>\n        <strong><br \/>\n            <a href=\"https:\/\/actu.fr\/auteur\/marie-maureen\" title=\"Consulter tous les articles de Maureen Marie\" target=\"_blank\" rel=\"noopener\">Maureen Marie<\/a><br \/>\n        <\/strong><\/p>\n<p>        Publi\u00e9 le<\/p>\n<p>            7 juil. 2025 \u00e0 18h42        <\/p>\n<p>Il y a 10\u00a0ans, <b>\u00e0 l\u2019\u00e2ge de 29\u00a0ans<\/b>, Emilie Dacher est tomb\u00e9e de haut. Cette maman de trois enfants habitante de <a href=\"https:\/\/actu.fr\/normandie\/tinchebray-bocage_61486\" target=\"_blank\" rel=\"noopener\">Tinchebray<\/a> <b>(Orne)<\/b> d\u00e9couvre alors qu\u2019elle est atteinte de la bronchopneumopathie chronique obstructive (BPCO), <b>une maladie respiratoire d\u00e9g\u00e9n\u00e9rative<\/b>.<\/p>\n<p class=\" wall-content\">\u00ab\u2009Cette <a href=\"https:\/\/actu.fr\/tag\/maladie\" target=\"_blank\" rel=\"noopener\">maladie<\/a>, personne ne la conna\u00eet, alors qu\u2019elle est<b> la 3e cause de mortalit\u00e9 au monde <\/b>et gagne encore du terrain\u2009\u00bb, t\u00e9moigne celle qui vient de cr\u00e9er<b> une association<\/b> d\u00e9di\u00e9e aux victimes\u2009: Respi\u2019R\u00e9, l\u2019urgence de respirer, la puissance d\u2019agir.<\/p>\n<p>Elle d\u00e9couvre sa maladie par hasard et fait un d\u00e9ni<\/p>\n<p class=\" wall-content\">\u00ab\u2009Cela m\u2019est tomb\u00e9 dessus\u2009: au d\u00e9but, je pensais que ce n\u2019\u00e9tait pas si grave\u2009\u00bb, raconte Emilie Dacher en <b>ce d\u00e9but juillet\u00a02025<\/b>. \u00ab\u2009J\u2019ai \u00e9t\u00e9 compl\u00e8tement abandonn\u00e9e par les pneumologues qui me renvoyaient chez moi avec des bronchodilatateurs pour l\u2019asthme. C\u2019est uniquement <b>par hasard <\/b>que j\u2019ai compris que j\u2019\u00e9tais atteinte de la BPCO au stade 2.\u2009\u00bb<\/p>\n<blockquote class=\"ac-article-quote wall-content\">\n<p>C\u2019est une maladie respiratoire grave qui d\u00e9truit lentement, bien plus d\u00e9vastatrice que le Sida ou la mucoviscidose. Je fais du sport et du chant alors cela m\u2019aide beaucoup, mais je suis tr\u00e8s fatigu\u00e9e et tousse beaucoup.<\/p>\n<p>Emilie Dacher, atteinte de la BPCO et cr\u00e9atrice de l\u2019association Respi\u2019R\u00e9<\/p><\/blockquote>\n<p class=\" wall-content\">Apr\u00e8s<b> une p\u00e9riode de d\u00e9ni<\/b>, Emilie prend conscience de sa situation par le biais de <b>groupes de malades<\/b>. \u00ab\u2009J\u2019ai vu des personnes \u00e0 des stades plus \u00e9lev\u00e9es de <a href=\"https:\/\/actu.fr\/tag\/maladie\" target=\"_blank\" rel=\"noopener\">la maladie<\/a>, j\u2019ai compris que c\u2019\u00e9tait grave et<b> j\u2019ai pris conscience<\/b> de l\u2019ombre qui plane au-dessus de moi, m\u00eame si pour le moment, j\u2019ai beaucoup de chance de vivre assez normalement.\u2009\u00bb<\/p>\n<p>Vid\u00e9os : en ce moment sur ActuPour \u00ab\u2009\u00e9veiller les consciences\u2009\u00bb, Emilie d\u00e9cide d\u2019agir<\/p>\n<p class=\" wall-content\">Face \u00e0 ce constat et <b>cette impuissance<\/b>, \u00ab\u2009parce qu\u2019aucun traitement curatif n\u2019existe \u00e0 ce jour\u2009\u00bb, Emilie d\u00e9cide d\u2019agir. Pour \u00ab\u2009\u00e9veiller les consciences sur <b>cette maladie trop m\u00e9connue <\/b>et la recherche\u2009\u00bb, l\u2019habitante de Tinchebray met sur pied une association unique, avec le soutien de son mari Guillaume.<\/p>\n<blockquote class=\"ac-article-quote wall-content\">\n<p>Je ne connais pas d\u2019autre association qui traite uniquement de la BPCO comme Respi\u2019R\u00e9. J\u2019ai cr\u00e9\u00e9 un site tr\u00e8s complet qui explique la pathologie, apporte des \u00e9clairages scientifiques, donne des conseils comme des recettes de cuisine adapt\u00e9es par exemple\u2026<\/p>\n<p>Emilie Dacher<\/p><\/blockquote>\n<p class=\" wall-content\">Un <b>travail d\u2019information <\/b>qui occupe \u00c9milie quasiment \u00e0 plein temps. \u00ab\u2009Je suis <a href=\"https:\/\/actu.fr\/tag\/chanson\" target=\"_blank\" rel=\"noopener\">chanteuse<\/a>, et ravie de pouvoir encore tenir <b>un concert complet<\/b>, mais \u00e0 c\u00f4t\u00e9 je passe \u00e9norm\u00e9ment de temps sur mon ordinateur.\u2009\u00bb<\/p>\n<p class=\" wall-content\">Au-del\u00e0 du virtuel, la Tinchebrayenne pense \u00e0 cr\u00e9er <b>des \u00e9v\u00e8nements caritatifs<\/b> au service de sa cause. \u00ab\u2009J\u2019aimerais organiser <a href=\"https:\/\/actu.fr\/loisirs-culture\/concert\" target=\"_blank\" rel=\"noopener\">un concert<\/a> \u00e0 la salle du Colys\u2019haie, et y proposer des sessions de d\u00e9pistage.\u2009\u00bb L\u2019objectif de l\u2019association\u2009: <b>r\u00e9colter des dons<\/b> au profit d\u2019un organisme de recherche pour <a href=\"https:\/\/actu.fr\/tag\/sante\" target=\"_blank\" rel=\"noopener\">la sant\u00e9<\/a>.<\/p>\n<p class=\" wall-content\">\u00ab\u00a0J\u2019aimerais aussi recenser<b> les malades de la r\u00e9gion <\/b>pour \u00e9ventuellement organiser des caf\u00e9s, des activit\u00e9s ensemble\u2026\u00a0\u00bb<\/p>\n<p>Un combat en plein d\u00e9sert m\u00e9dical<\/p>\n<p class=\" wall-content\">Dans l\u2019espoir de \u00ab\u2009vivre le plus longtemps possible\u2009\u00bb, la femme de bient\u00f4t 39\u00a0ans se bat surtout <b>pour les autres<\/b>. \u00ab\u2009Je veux d\u00e9j\u00e0 remercier les malades qui m\u2019ont <b>ouvert les yeux <\/b>en leur apportant quelque chose, et surtout aider toutes les autres personnes en qu\u00eate de r\u00e9ponses.\u2009\u00bb<\/p>\n<p class=\" wall-content\">Une question obs\u00e8de toujours Emilie, celle de savoir si sa maladie<b> est h\u00e9r\u00e9ditaire<\/b>. \u00ab\u2009J\u2019aimerais faire des tests sur <a href=\"https:\/\/actu.fr\/tag\/enfants\" target=\"_blank\" rel=\"noopener\">mes enfants<\/a>, mais personne ne me l\u2019a jamais propos\u00e9 et c\u2019est difficile de trouver des sp\u00e9cialistes en zone de <a href=\"https:\/\/actu.fr\/tag\/desertification-medicale\" target=\"_blank\" rel=\"noopener\">d\u00e9sert m\u00e9dical<\/a>.\u2009\u00bb Un d\u00e9ficit de professionnels qui rajoute<b> une difficult\u00e9<\/b> au quotidien des victimes.<\/p>\n<p>    <a href=\"https:\/\/www.facebook.com\/plugins\/post.php?href=https%3A%2F%2Fwww.facebook.com%2FWitchHeartMoon%2Fposts%2Fpfbid02qtgftKd427TCWo9yEVQZUXkDS78fHtFz4cKNALhw1ygiDQvNx5bwPdTAuvHVn3Dul&amp;show_text=true&amp;width=350\" title=\"Ouvrie le lien\" target=\"_blank\" rel=\"noopener\">Cliquez ici pour visualiser le contenu<\/a><\/p>\n<p class=\" wall-content\">Suivez toute l\u2019actualit\u00e9 de vos villes et m\u00e9dias favoris en vous inscrivant \u00e0 <a href=\"https:\/\/moncompte.actu.fr\" title=\"D\u00e9couvez Mon Actu\" rel=\"nofollow noopener\" data-trk=\"{&quot;cta&quot;:{&quot;action&quot;:&quot;https:\\\/\\\/moncompte.actu.fr&quot;,&quot;category&quot;:&quot;mon compte&quot;,&quot;from&quot;:&quot;article footer&quot;,&quot;name&quot;:&quot;Mon actu&quot;,&quot;type&quot;:&quot;cta&quot;}}\" target=\"_blank\">Mon Actu<\/a>.<\/p>\n","protected":false},"excerpt":{"rendered":"Par Maureen Marie Publi\u00e9 le 7 juil. 2025 \u00e0 18h42 Il y a 10\u00a0ans, \u00e0 l\u2019\u00e2ge de 29\u00a0ans,&hellip;\n","protected":false},"author":2,"featured_media":235231,"comment_status":"","ping_status":"","sticky":false,"template":"","format":"standard","meta":{"footnotes":""},"categories":[10],"tags":[1011,27,72,226,71,104,240],"class_list":{"0":"post-235230","1":"post","2":"type-post","3":"status-publish","4":"format-standard","5":"has-post-thumbnail","7":"category-sante","8":"tag-fr","9":"tag-france","10":"tag-health","11":"tag-maladie","12":"tag-sante","13":"tag-societe","14":"tag-temoignage"},"share_on_mastodon":{"url":"https:\/\/pubeurope.com\/@fr\/114817896574941570","error":""},"_links":{"self":[{"href":"https:\/\/www.europesays.com\/fr\/wp-json\/wp\/v2\/posts\/235230","targetHints":{"allow":["GET"]}}],"collection":[{"href":"https:\/\/www.europesays.com\/fr\/wp-json\/wp\/v2\/posts"}],"about":[{"href":"https:\/\/www.europesays.com\/fr\/wp-json\/wp\/v2\/types\/post"}],"author":[{"embeddable":true,"href":"https:\/\/www.europesays.com\/fr\/wp-json\/wp\/v2\/users\/2"}],"replies":[{"embeddable":true,"href":"https:\/\/www.europesays.com\/fr\/wp-json\/wp\/v2\/comments?post=235230"}],"version-history":[{"count":0,"href":"https:\/\/www.europesays.com\/fr\/wp-json\/wp\/v2\/posts\/235230\/revisions"}],"wp:featuredmedia":[{"embeddable":true,"href":"https:\/\/www.europesays.com\/fr\/wp-json\/wp\/v2\/media\/235231"}],"wp:attachment":[{"href":"https:\/\/www.europesays.com\/fr\/wp-json\/wp\/v2\/media?parent=235230"}],"wp:term":[{"taxonomy":"category","embeddable":true,"href":"https:\/\/www.europesays.com\/fr\/wp-json\/wp\/v2\/categories?post=235230"},{"taxonomy":"post_tag","embeddable":true,"href":"https:\/\/www.europesays.com\/fr\/wp-json\/wp\/v2\/tags?post=235230"}],"curies":[{"name":"wp","href":"https:\/\/api.w.org\/{rel}","templated":true}]}}