{"id":235236,"date":"2025-07-08T13:42:13","date_gmt":"2025-07-08T13:42:13","guid":{"rendered":"https:\/\/www.europesays.com\/fr\/235236\/"},"modified":"2025-07-08T13:42:13","modified_gmt":"2025-07-08T13:42:13","slug":"samsung-galaxy-z-fold-7-flip-7-flip-7-fe-tarifs-en-france-et-fiches-techniques-enfin-connus","status":"publish","type":"post","link":"https:\/\/www.europesays.com\/fr\/235236\/","title":{"rendered":"Samsung Galaxy\u00a0Z Fold\u00a07, Flip\u00a07 &#038; Flip\u00a07 FE\u00a0: tarifs en France et fiches techniques enfin connus"},"content":{"rendered":"<p class=\"ed__a-p ed__bdy__l\">Apr\u00e8s des mois de rumeurs, les <a href=\"https:\/\/www.lesnumeriques.com\/telephone-portable\/samsung-galaxy-z-fold-7-z-flip-7-une-derniere-fuite-avant-l-annonce-autonomie-disponibilite-n239245.html\" title=\"Samsung Galaxy Z Fold 7 &amp; Z Flip 7 : une derni\u00e8re fuite avant l\u2019annonce (autonomie, disponibilit\u00e9\u2026)\" rel=\"nofollow noopener\" target=\"_blank\">Galaxy Z Fold 7, Z Flip 7<\/a> et Z Flip 7 FE vont enfin \u00eatre annonc\u00e9s par Samsung ce 9 juillet 2025. Pour mettre une nouvelle fois fin au suspense, Roland Quandt a partag\u00e9 une ultime fuite avec les caract\u00e9ristiques techniques principales de chaque mod\u00e8le pliant. En prime, les prix en France ont \u00e9t\u00e9 r\u00e9v\u00e9l\u00e9s par Dealbas.<\/p>\n<p>Les derniers d\u00e9tails sur les Galaxy Z Fold 7, Z Flip 7 et Z Flip 7 FE<\/p>\n<p class=\"ed__a-p ed__bdy__l\">Dans <a href=\"https:\/\/bsky.app\/profile\/did:plc:qicvhaddltmw5jeupfi73dqu\/post\/3lteclq7alk2g \" target=\"_blank\" rel=\"nofollow noopener\">une premi\u00e8re publication<\/a> sur Bluesky, Roland Quandt a partag\u00e9 quelques informations cl\u00e9s sur le Galaxy Z Fold 7. On y apprend ainsi que le smartphone pliant adopterait une \u00e9paisseur de 8,9 mm pli\u00e9 et de 4,2 mm d\u00e9pli\u00e9, pour un poids de 216 g.<\/p>\n<p class=\"ed__a-p ed__bdy__l\">C\u00f4t\u00e9 affichage, <a href=\"https:\/\/www.lesnumeriques.com\/telephone-portable\/galaxy-z-fold-7-les-3-raisons-d-attendre-le-prochain-smartphone-pliant-de-samsung-n237492.html\" title=\"Galaxy\u00a0Z Fold\u00a07\u00a0: les 3\u00a0raisons d\u2019attendre le prochain smartphone pliant de Samsung\" rel=\"nofollow noopener\" target=\"_blank\">ce mod\u00e8le<\/a> opterait pour une dalle principale de 8 pouces et une secondaire de 6,5 pouces. Sans grande surprise, la puce Snapdragon 8 Elite de Qualcomm ferait tourner le tout. La batterie quant \u00e0 elle resterait limit\u00e9e \u00e0 4 400 mAh.<\/p>\n<p class=\"ed__a-p ed__bdy__l\">Le journaliste de chez WinFuture ajoute \u00e0 cela <a href=\"https:\/\/bsky.app\/profile\/rquandt.bsky.social\/post\/3ltecxbsrzs2p \" target=\"_blank\" rel=\"nofollow noopener\">un tableau comparatif<\/a> des trois mod\u00e8les pliants Samsung de 2025. Pour le Galaxy Z Fold 7, la seule information suppl\u00e9mentaire concerne le capteur principal, qui passe enfin \u00e0 une d\u00e9finition de 200 Mpx \u2014 soit comme le Galaxy S25 Ultra et ses pr\u00e9d\u00e9cesseurs.<\/p>\n<p class=\"ed__a-p ed__bdy__l\">Concernant les Galaxy Z Flip 7 et Z Flip 7 FE, les deux smartphones \u00e0 clapet partageraient les m\u00eames \u00e9crans de 6,9 pouces et 4,1 pouces ainsi qu\u2019un objectif de 50 Mpx. Des diff\u00e9rences sont ensuite pr\u00e9sentes entre les deux mod\u00e8les :<\/p>\n<ul class=\"ed__lists ed__bdy__l\">\n<li>Batterie \u2014 4 300 mAh vs 4 000 mAh<\/li>\n<li>Stockage \u2014 256\/512 Go vs 128\/256 Go<\/li>\n<li>Coloris \u2014 bleu\/noir\/gris vs noir\/gris<\/li>\n<\/ul>\n<p class=\"ed__a-p ed__bdy__l\">Concernant les performances de ces deux mod\u00e8les, il y a de fortes chances que l\u2019Europe ait droit \u00e0 l\u2019Exynos 2500 sur le Galaxy Z Flip 7, alors que le Galaxy Z Flip 7 FE adopterait l\u2019Exynos 2400 des Galaxy S24 et S24+. Un choix logique pour diff\u00e9rencer le mod\u00e8le haut de gamme et la <a href=\"https:\/\/www.lesnumeriques.com\/telephone-portable\/galaxy-z-flip-fe-que-prepare-samsung-avec-son-smartphone-pliant-abordable-n235130.html\" title=\"Galaxy\u00a0Z Flip\u00a0FE\u00a0: que pr\u00e9pare Samsung avec son smartphone pliant abordable\u00a0?\" rel=\"nofollow noopener\" target=\"_blank\">nouvelle d\u00e9clinaison plus accessible<\/a>.<\/p>\n<p>Le prix en France des nouveaux smartphones pliants Samsung<\/p>\n<p class=\"ed__a-p ed__bdy__l\">Parlons maintenant de la grille tarifaire en France de cette nouvelle g\u00e9n\u00e9ration de pliants Samsung, <a href=\"https:\/\/www.dealabs.com\/magazine\/galaxy-z-fold-7-z-flip-7-z-flip-fe-on-vous-devoile-les-veritables-prix-en-euros-des-prochains-smartphones-pliables-de-samsung-60237\" target=\"_blank\" rel=\"nofollow noopener\">r\u00e9v\u00e9l\u00e9e par Dealabs<\/a>.<\/p>\n<p class=\"ed__a-p ed__bdy__l\">Avec le Galaxy Z Fold 7, une augmentation de 100 \u20ac se ferait ressentir pour les d\u00e9clinaisons 256 Go et 512 Go, montant respectivement \u00e0 2 099 \u20ac et 2 219 \u20ac. La version avec 1 To gagnerait quant \u00e0 elle 160 \u20ac par rapport au tarif du Galaxy Z Fold 6, montant ainsi \u00e0 2 519 \u20ac.<\/p>\n<p class=\"ed__a-p ed__bdy__l\">Bonne nouvelle pour le Galaxy Z Flip 7, il disposerait de prix identiques au <a href=\"https:\/\/www.lesnumeriques.com\/telephone-portable\/samsung-galaxy-z-flip-6-p74920\/test.html\" title=\"Samsung Galaxy\u00a0Z Flip\u00a06\u00a0: le pliant sans compromis\" rel=\"nofollow noopener\" target=\"_blank\">Galaxy Z Flip 6<\/a> : 1 199 \u20ac avec 256 Go et 1 319 \u20ac avec 512 Go. Face \u00e0 lui, son homologue abordable, le Galaxy Z Flip 7 FE, d\u00e9buterait \u00e0 999 \u20ac pour 128 Go de stockage. La version 256 Go tablerait de son c\u00f4t\u00e9 sur un tarif de 1 059 \u20ac.<\/p>\n<p class=\"ed__a-p ed__bdy__l\">Samsung aurait ainsi fait un bel effort avec le premier FE pliant, propos\u00e9 200 \u20ac moins cher que son mod\u00e8le haut de gamme.<\/p>\n<p>En bref<\/p>\n<ul class=\"ed__lists ed__bdy__l\">\n<li>Le Galaxy Z Fold 7 adopterait un design ultra-fin, un capteur 200 Mpx et une Snapdragon 8 Elite.<\/li>\n<li>Les Galaxy Z Flip 7 et Flip 7 FE partageraient leurs \u00e9crans, mais diff\u00e9reraient en performances.<\/li>\n<li>Les prix en France d\u00e9buteraient \u00e0 999 \u20ac pour le Galaxy Z Flip 7 FE, jusqu\u2019\u00e0 2 519 \u20ac pour le Galaxy Z Fold 7.<\/li>\n<\/ul>\n","protected":false},"excerpt":{"rendered":"Apr\u00e8s des mois de rumeurs, les Galaxy Z Fold 7, Z Flip 7 et Z Flip 7 FE&hellip;\n","protected":false},"author":2,"featured_media":235237,"comment_status":"","ping_status":"","sticky":false,"template":"","format":"standard","meta":{"footnotes":""},"categories":[7],"tags":[1011,27,43,40,41,39,42,44],"class_list":{"0":"post-235236","1":"post","2":"type-post","3":"status-publish","4":"format-standard","5":"has-post-thumbnail","7":"category-sciences-et-technologies","8":"tag-fr","9":"tag-france","10":"tag-science","11":"tag-science-and-technology","12":"tag-sciences","13":"tag-sciences-et-technologies","14":"tag-technologies","15":"tag-technology"},"share_on_mastodon":{"url":"https:\/\/pubeurope.com\/@fr\/114817908326838456","error":""},"_links":{"self":[{"href":"https:\/\/www.europesays.com\/fr\/wp-json\/wp\/v2\/posts\/235236","targetHints":{"allow":["GET"]}}],"collection":[{"href":"https:\/\/www.europesays.com\/fr\/wp-json\/wp\/v2\/posts"}],"about":[{"href":"https:\/\/www.europesays.com\/fr\/wp-json\/wp\/v2\/types\/post"}],"author":[{"embeddable":true,"href":"https:\/\/www.europesays.com\/fr\/wp-json\/wp\/v2\/users\/2"}],"replies":[{"embeddable":true,"href":"https:\/\/www.europesays.com\/fr\/wp-json\/wp\/v2\/comments?post=235236"}],"version-history":[{"count":0,"href":"https:\/\/www.europesays.com\/fr\/wp-json\/wp\/v2\/posts\/235236\/revisions"}],"wp:featuredmedia":[{"embeddable":true,"href":"https:\/\/www.europesays.com\/fr\/wp-json\/wp\/v2\/media\/235237"}],"wp:attachment":[{"href":"https:\/\/www.europesays.com\/fr\/wp-json\/wp\/v2\/media?parent=235236"}],"wp:term":[{"taxonomy":"category","embeddable":true,"href":"https:\/\/www.europesays.com\/fr\/wp-json\/wp\/v2\/categories?post=235236"},{"taxonomy":"post_tag","embeddable":true,"href":"https:\/\/www.europesays.com\/fr\/wp-json\/wp\/v2\/tags?post=235236"}],"curies":[{"name":"wp","href":"https:\/\/api.w.org\/{rel}","templated":true}]}}