{"id":235245,"date":"2025-07-08T13:47:10","date_gmt":"2025-07-08T13:47:10","guid":{"rendered":"https:\/\/www.europesays.com\/fr\/235245\/"},"modified":"2025-07-08T13:47:10","modified_gmt":"2025-07-08T13:47:10","slug":"pres-de-saint-etienne-un-bus-prend-feu-le-conducteur-sauve-plusieurs-vies","status":"publish","type":"post","link":"https:\/\/www.europesays.com\/fr\/235245\/","title":{"rendered":"Pr\u00e8s de Saint-\u00c9tienne : un bus prend feu, le conducteur sauve plusieurs vies"},"content":{"rendered":"<p>Mardi 8 juillet, un bus de la Soci\u00e9t\u00e9 de transport de l&rsquo;agglom\u00e9ration st\u00e9phanoise (Stas) a \u00e9t\u00e9 enti\u00e8rement ravag\u00e9 par les flammes \u00e0 Chambon-Feugerolles pr\u00e8s de Saint-\u00c9tienne. Gr\u00e2ce \u00e0 la r\u00e9activit\u00e9 du conducteur et de deux ouvriers, une vingtaine de passagers ont pu \u00eatre \u00e9vacu\u00e9s et un sinistre plus grave a \u00e9t\u00e9 \u00e9vit\u00e9.<\/p>\n<p><b>Fait divers<\/b> avec un <b>bus en proie aux flammes<\/b> au <b>Chambon-Feugerolles<\/b> dans la <b>Loire<\/b>, mardi 8 juillet.<\/p>\n<p>Un bus totalement incendi\u00e9 au\u00a0Chambon-Feugerolles<\/p>\n<p>Nos confr\u00e8res du <a class=\"url\" href=\"https:\/\/c.leprogres.fr\/faits-divers-justice\/2025\/07\/08\/un-bus-de-la-stas-prend-feu-une-vingtaine-de-passagers-evacues-par-le-conducteur\" target=\"_blank\" rel=\"noopener\">Progr\u00e8s<\/a> indiquent qu&rsquo;un bus de la <b>Stas <\/b>(Soci\u00e9t\u00e9 de transport de l&rsquo;agglom\u00e9ration st\u00e9phanoise) a \u00e9t\u00e9 enti\u00e8rement br\u00fbl\u00e9 dans la commune situ\u00e9e<b> non loin de Saint-\u00c9tienne.<\/b><\/p>\n<p>Le feu a pris aux alentours de 10h15 alors que le bus circulait rue <b>James Jackson<\/b> au Chambon-Feugerolles, un secteur en pleine transformation dans le cadre des <b>travaux de r\u00e9am\u00e9nagement<\/b> des <b>berges de l&rsquo;Ondaine.\u00a0<\/b><\/p>\n<tr>\n<td class=\"defaut\"><a href=\"https:\/\/www.radioscoop.com\/infos\/javascript:void(0)\" onclick=\"parent.RS.diaporama.addMedia(700020) ;\" target=\"_blank\" rel=\"noopener\"><img loading=\"lazy\" decoding=\"async\" src=\"https:\/\/www.europesays.com\/fr\/wp-content\/uploads\/2025\/07\/1751982430_512_img\" width=\"640\" height=\"309\" border=\"0\" title=\"Le lieu o\u00f9 s'est produit l'incendie du bus au Chambon-Feugerolles. \u00a9 Google Maps.\"\/><\/a><\/td>\n<\/tr>\n<tr\/>\n<p>Le <b>sinistre <\/b>a d\u00e9marr\u00e9 <b>\u00e0 l&rsquo;arri\u00e8re du v\u00e9hicule<\/b>, un mod\u00e8le articul\u00e9 de <b>grande taille.<\/b><\/p>\n<p>Une \u00e9vacuation rapide et des ouvriers d\u00e9cisifs<\/p>\n<p>Alert\u00e9 par les <b>fum\u00e9es<\/b>, le <b>conducteur <\/b>a imm\u00e9diatement <b>fait descendre les vingt passagers<\/b> qui se trouvaient \u00e0 bord.\u00a0<\/p>\n<p>Les <b>flammes <\/b>ont commenc\u00e9 \u00e0 l\u00e9cher les<b> volets d&rsquo;une maison<\/b> situ\u00e9e \u00e0 l&rsquo;arr\u00eat du bus.<\/p>\n<p><b>Deux ouvriers du chantier voisin<\/b> ont alors fait preuve d&rsquo;un sang-froid exemplaire : \u00e0 l&rsquo;aide d&rsquo;une <b>pelleteuse<\/b>, ils ont <b>cass\u00e9 le pare-chocs<\/b> avant du bus, <b>accroch\u00e9 une cha\u00eene<\/b> de traction, puis <b>tract\u00e9 le v\u00e9hicule<\/b> sur une trentaine de m\u00e8tres.<\/p>\n<p>Les pompiers sur place une dizaine de minutes plus tard<\/p>\n<p><b>L&rsquo;intervention rapide des sapeurs-pompiers<\/b>, arriv\u00e9s sur place une dizaine de minutes plus tard, a permis de <b>circonscrire l&rsquo;incendie<\/b>, mais le <b>v\u00e9hicule <\/b>a \u00e9t\u00e9 <b>totalement d\u00e9truit.\u00a0<\/b><\/p>\n<p>Gr\u00e2ce \u00e0 la <b>r\u00e9activit\u00e9 des diff\u00e9rents acteurs<\/b>, <b>aucune victime<\/b> n&rsquo;a \u00e9t\u00e9 \u00e0 d\u00e9plorer et les <b>habitations voisines<\/b> ont \u00e9t\u00e9 <b>\u00e9pargn\u00e9es<\/b>.<\/p>\n<p><img loading=\"lazy\" decoding=\"async\" src=\"https:\/\/www.europesays.com\/fr\/wp-content\/uploads\/2025\/07\/1751982430_799_img\" width=\"350\" height=\"200\" border=\"0\" title=\"Le Grangent sur les eaux de la Loire.\"\/><\/p>\n<p>\u25baFaits divers<\/p>\n<p style=\"font-size: 22px;\"><b>Le pilote du bateau-mouche des gorges de la Loire contr\u00f4l\u00e9 positif \u00e0 la coca\u00efne<\/b><\/p>\n<p>Coup d&rsquo;arr\u00eat pour la saison estivale sur les eaux&#8230;<\/p>\n<p><\/p>\n","protected":false},"excerpt":{"rendered":"Mardi 8 juillet, un bus de la Soci\u00e9t\u00e9 de transport de l&rsquo;agglom\u00e9ration st\u00e9phanoise (Stas) a \u00e9t\u00e9 enti\u00e8rement ravag\u00e9&hellip;\n","protected":false},"author":2,"featured_media":235246,"comment_status":"","ping_status":"","sticky":false,"template":"","format":"standard","meta":{"footnotes":""},"categories":[9653],"tags":[1111,11,2430,23591,1777,674,1011,27,37392,37391,3367,12,25,9920,4001],"class_list":{"0":"post-235245","1":"post","2":"type-post","3":"status-publish","4":"format-standard","5":"has-post-thumbnail","7":"category-saint-etienne","8":"tag-actu","9":"tag-actualites","10":"tag-auvergne-rhone-alpes","11":"tag-chambon-feugerolles","12":"tag-eu","13":"tag-europe","14":"tag-fr","15":"tag-france","16":"tag-incendie-bus","17":"tag-incendie-loire","18":"tag-loire","19":"tag-news","20":"tag-republique-francaise","21":"tag-saint-tienne","22":"tag-saint-etienne"},"share_on_mastodon":{"url":"https:\/\/pubeurope.com\/@fr\/114817928207493186","error":""},"_links":{"self":[{"href":"https:\/\/www.europesays.com\/fr\/wp-json\/wp\/v2\/posts\/235245","targetHints":{"allow":["GET"]}}],"collection":[{"href":"https:\/\/www.europesays.com\/fr\/wp-json\/wp\/v2\/posts"}],"about":[{"href":"https:\/\/www.europesays.com\/fr\/wp-json\/wp\/v2\/types\/post"}],"author":[{"embeddable":true,"href":"https:\/\/www.europesays.com\/fr\/wp-json\/wp\/v2\/users\/2"}],"replies":[{"embeddable":true,"href":"https:\/\/www.europesays.com\/fr\/wp-json\/wp\/v2\/comments?post=235245"}],"version-history":[{"count":0,"href":"https:\/\/www.europesays.com\/fr\/wp-json\/wp\/v2\/posts\/235245\/revisions"}],"wp:featuredmedia":[{"embeddable":true,"href":"https:\/\/www.europesays.com\/fr\/wp-json\/wp\/v2\/media\/235246"}],"wp:attachment":[{"href":"https:\/\/www.europesays.com\/fr\/wp-json\/wp\/v2\/media?parent=235245"}],"wp:term":[{"taxonomy":"category","embeddable":true,"href":"https:\/\/www.europesays.com\/fr\/wp-json\/wp\/v2\/categories?post=235245"},{"taxonomy":"post_tag","embeddable":true,"href":"https:\/\/www.europesays.com\/fr\/wp-json\/wp\/v2\/tags?post=235245"}],"curies":[{"name":"wp","href":"https:\/\/api.w.org\/{rel}","templated":true}]}}