{"id":235248,"date":"2025-07-08T13:49:15","date_gmt":"2025-07-08T13:49:15","guid":{"rendered":"https:\/\/www.europesays.com\/fr\/235248\/"},"modified":"2025-07-08T13:49:15","modified_gmt":"2025-07-08T13:49:15","slug":"nancy-tau-metuktire-petit-fils-de-raoni-invite-par-lecole-forestiere-agroparistech","status":"publish","type":"post","link":"https:\/\/www.europesays.com\/fr\/235248\/","title":{"rendered":"Nancy. Tau Metuktire, petit fils de Raoni, invit\u00e9 par l\u2019\u00e9cole foresti\u00e8re AgroParisTech"},"content":{"rendered":"<p>Son grand-p\u00e8re est \u00e2g\u00e9 et actuellement souffrant. Tau Metuktire est le petit-fils du cacique Raoni, chef du peuple Kayap\u00f3 de la for\u00eat amazonienne, et c\u2019est donc lui qui relaie actuellement son grand-p\u00e8re dans son action politique.<\/p>\n<p>Ce grand-p\u00e8re, ce chef charismatique, ce \u00ab\u00a0vieil arbre\u00a0\u00bb, poursuit depuis plus de quarante ans une croisade pour tenter de sauver la for\u00eat amazonienne qui l\u2019a vu na\u00eetre.<\/p>\n<p>P\u00e8re fondateur du mouvement pour la pr\u00e9servation des derni\u00e8res for\u00eats tropicales, il est le symbole vivant du combat que m\u00e8nent les derni\u00e8res tribus du monde (8\u00a0000 individus) pour prot\u00e9ger leur culture mill\u00e9naire, en connexion directe avec la nature.<\/p>\n<p>Tau, invit\u00e9 d\u2019AgroParisTech Nancy \u00e0 l\u2019occasion de son bicentenaire, a particip\u00e9, avec Gert-Peter Bruch, pr\u00e9sident-fondateur de l\u2019association Plan\u00e8te Amazone, \u00e0 une projection-d\u00e9bat d\u2019un film amenant \u00e0 \u00ab\u00a0d\u00e9couvrir la voix des peuples indig\u00e8nes et \u00e0 repenser notre rapport au vivant\u00a0\u00bb\u2026 \u00ab Le monde naturel n\u2019est pas une ressource, c\u2019est notre famille\u00a0!\u00a0\u00bb<\/p>\n<p>Ils en ont profit\u00e9 pour lancer, \u00e0 quelques mois de la COP30 en Amazonie, leur projet \u00e9ducatif Amazonia, C\u0153ur de la Terre-M\u00e8re, port\u00e9 par Plan\u00e8te Amazone et le cacique Tau\u2026 \u00ab\u00a0C\u2019est le concept d\u2019\u00e9ducation diff\u00e9renci\u00e9e. Transmettre oralement aux jeunes sur le territoire, parce que loin de chez eux, ils perdent le sens de leurs origines.\u00a0\u00bb Et aussi pour lancer un appel aux chefs d\u2019\u00c9tats europ\u00e9ens afin qu\u2019ils ne ratifient pas l\u2019accord de libre-\u00e9change avec le Mercosur.<\/p>\n<p>Les \u00e9tudiants et chercheurs de l\u2019\u00e9cole foresti\u00e8re AgroParisTech en ont profit\u00e9 pour \u00e9changer directement avec ces deux acteurs majeurs sur les d\u00e9fis \u00e9cologiques, sociaux et culturels de notre \u00e9poque, \u00e0 travers le regard des \u00ab\u00a0Gardiens de la Terre\u00a0\u00bb\u2026<\/p>\n<p class=\"note\">Contact\u00a0: 03\u00a083\u00a039\u00a068\u00a003<\/p>\n<p>Contact\u00a0: 03\u00a083\u00a039\u00a068\u00a003<\/p>\n","protected":false},"excerpt":{"rendered":"Son grand-p\u00e8re est \u00e2g\u00e9 et actuellement souffrant. Tau Metuktire est le petit-fils du cacique Raoni, chef du peuple&hellip;\n","protected":false},"author":2,"featured_media":235249,"comment_status":"","ping_status":"","sticky":false,"template":"","format":"standard","meta":{"footnotes":""},"categories":[9635],"tags":[1111,11,1704,436,1777,674,1011,27,775,1702,1703,12,25],"class_list":{"0":"post-235248","1":"post","2":"type-post","3":"status-publish","4":"format-standard","5":"has-post-thumbnail","7":"category-nancy","8":"tag-actu","9":"tag-actualites","10":"tag-edition-nancy-et-agglomeration","11":"tag-environnement","12":"tag-eu","13":"tag-europe","14":"tag-fr","15":"tag-france","16":"tag-grand-est","17":"tag-nancy","18":"tag-nancy-ville-54b","19":"tag-news","20":"tag-republique-francaise"},"share_on_mastodon":{"url":"https:\/\/pubeurope.com\/@fr\/114817936008561249","error":""},"_links":{"self":[{"href":"https:\/\/www.europesays.com\/fr\/wp-json\/wp\/v2\/posts\/235248","targetHints":{"allow":["GET"]}}],"collection":[{"href":"https:\/\/www.europesays.com\/fr\/wp-json\/wp\/v2\/posts"}],"about":[{"href":"https:\/\/www.europesays.com\/fr\/wp-json\/wp\/v2\/types\/post"}],"author":[{"embeddable":true,"href":"https:\/\/www.europesays.com\/fr\/wp-json\/wp\/v2\/users\/2"}],"replies":[{"embeddable":true,"href":"https:\/\/www.europesays.com\/fr\/wp-json\/wp\/v2\/comments?post=235248"}],"version-history":[{"count":0,"href":"https:\/\/www.europesays.com\/fr\/wp-json\/wp\/v2\/posts\/235248\/revisions"}],"wp:featuredmedia":[{"embeddable":true,"href":"https:\/\/www.europesays.com\/fr\/wp-json\/wp\/v2\/media\/235249"}],"wp:attachment":[{"href":"https:\/\/www.europesays.com\/fr\/wp-json\/wp\/v2\/media?parent=235248"}],"wp:term":[{"taxonomy":"category","embeddable":true,"href":"https:\/\/www.europesays.com\/fr\/wp-json\/wp\/v2\/categories?post=235248"},{"taxonomy":"post_tag","embeddable":true,"href":"https:\/\/www.europesays.com\/fr\/wp-json\/wp\/v2\/tags?post=235248"}],"curies":[{"name":"wp","href":"https:\/\/api.w.org\/{rel}","templated":true}]}}