{"id":235250,"date":"2025-07-08T13:50:17","date_gmt":"2025-07-08T13:50:17","guid":{"rendered":"https:\/\/www.europesays.com\/fr\/235250\/"},"modified":"2025-07-08T13:50:17","modified_gmt":"2025-07-08T13:50:17","slug":"video-decouvrez-la-passerelle-geante-qui-reliera-le-parc-de-la-pepiniere-a-ce-quartier-de-nancy","status":"publish","type":"post","link":"https:\/\/www.europesays.com\/fr\/235250\/","title":{"rendered":"VID\u00c9O. D\u00e9couvrez la passerelle g\u00e9ante qui reliera le parc de la P\u00e9pini\u00e8re \u00e0 ce quartier de Nancy"},"content":{"rendered":"<p>            Par<br \/>\n        <strong><br \/>\n            <a href=\"https:\/\/actu.fr\/auteur\/pierre-emile-bouchy-actu-fr\" title=\"Consulter tous les articles de Paul-Emile Bouchy\" rel=\"nofollow noopener\" target=\"_blank\">Paul-Emile Bouchy<\/a><br \/>\n        <\/strong><\/p>\n<p>        Publi\u00e9 le<\/p>\n<p>            8 juil. 2025 \u00e0 12h43        <\/p>\n<p>Entre la <a href=\"https:\/\/actu.fr\/grand-est\/nancy_54395\/la-nouvelle-cite-judiciaire-de-nancy-ne-sera-pas-en-service-avant-le-debut-des-annees-2030-selon-le-maire_62404416.html\" rel=\"nofollow noopener\" target=\"_blank\">future cit\u00e9 judiciaire<\/a>, le trac\u00e9 d\u2019<a href=\"https:\/\/actu.fr\/grand-est\/nancy_54395\/urbanloop-voici-tout-ce-que-l-on-sait-de-la-future-ligne-qui-traversera-ce-quartier-de-nancy_62877431.html\" rel=\"nofollow noopener\" target=\"_blank\">Urbanloop<\/a> ou encore <a href=\"https:\/\/actu.fr\/grand-est\/nancy_54395\/ouvert-24h-24-un-nouveau-parc-de-3-km-de-long-va-voir-le-jour-entre-nancy-et-maxeville_62867992.html\" rel=\"nofollow noopener\" target=\"_blank\">un parc de trois kilom\u00e8tres de long entre Nancy et Max\u00e9ville<\/a>, le quartier Rives de Meurthe nord va changer de visage dans les prochaines ann\u00e9es.<\/p>\n<p class=\" wall-content\">Pour le relier au centre-ville de Nancy, <a href=\"https:\/\/actu.fr\/grand-est\/nancy_54395\/nancy-tout-en-bois-cette-passerelle-geante-va-etre-construite-pres-du-parc-de-la-pepiniere_62860743.html\" rel=\"nofollow noopener\" target=\"_blank\">une passerelle g\u00e9ante tout en bois<\/a> va \u00eatre construite. On vous la fait d\u00e9couvrir en vid\u00e9o.<\/p>\n<p>Une passerelle d\u00e9di\u00e9e aux pi\u00e9tons et aux cyclistes<\/p>\n<p class=\" wall-content\">Sur sa page Facebook, le collectif d\u2019architectes <strong>Studiolada<\/strong> a publi\u00e9 une vid\u00e9o du projet qu\u2019il a dessin\u00e9.<\/p>\n<p>    <a href=\"https:\/\/www.facebook.com\/plugins\/video.php?height=314&amp;href=https%3A%2F%2Fwww.facebook.com%2F100063786420999%2Fvideos%2F703219365819819%2F&amp;show_text=false&amp;width=350&amp;t=0\" title=\"Ouvrie le lien\" rel=\"nofollow noopener\" target=\"_blank\">Cliquez ici pour visualiser le contenu<\/a><\/p>\n<p class=\" wall-content\">Comme on peut le voir sur les images, cette passerelle sera <strong>connect\u00e9e au chemin de halage qui longe le canal et aussi \u00e0 la piste cyclable du viaduc Louis-Marin<\/strong> gr\u00e2ce \u00e0 une longue boucle avec une pente \u00e0 5\u2009%.<\/p>\n<p>Vid\u00e9os : en ce moment sur ActuUne halle et une buvette sous la passerelle<\/p>\n<p class=\" wall-content\">De l\u2019autre c\u00f4t\u00e9, la passerelle rejoindra le parvis de la future cit\u00e9 judiciaire. L\u2019espace pr\u00e9sent sous le tablier de la passerelle va \u00eatre exploit\u00e9 pour <strong>cr\u00e9er une halle<\/strong> qui pourra accueillir des petits march\u00e9s et <strong>une buvette avec sa terrasse<\/strong>.<\/p>\n<p class=\" wall-content\">Cela n\u2019aura pas d\u2019impact sur la circulation routi\u00e8re\u2009: <strong>les voitures pourront toujours circuler \u00e0 double sens, sous la passerelle, rue d\u2019Oberlin<\/strong>.<\/p>\n<p class=\" wall-content\">Pour le moment, aucun calendrier pr\u00e9visionnel du chantier n\u2019a \u00e9t\u00e9 indiqu\u00e9. Co\u00fbtant 7,5\u00a0millions d\u2019euros, sa construction doit \u00eatre coordonn\u00e9e avec celle de la future cit\u00e9 judiciaire.<\/p>\n<p class=\" wall-content\">Suivez toute l\u2019actualit\u00e9 de vos villes et m\u00e9dias favoris en vous inscrivant \u00e0 <a href=\"https:\/\/moncompte.actu.fr\" title=\"D\u00e9couvez Mon Actu\" rel=\"nofollow noopener\" data-trk=\"{&quot;cta&quot;:{&quot;action&quot;:&quot;https:\\\/\\\/moncompte.actu.fr&quot;,&quot;category&quot;:&quot;mon compte&quot;,&quot;from&quot;:&quot;article footer&quot;,&quot;name&quot;:&quot;Mon actu&quot;,&quot;type&quot;:&quot;cta&quot;}}\" target=\"_blank\">Mon Actu<\/a>.<\/p>\n","protected":false},"excerpt":{"rendered":"Par Paul-Emile Bouchy Publi\u00e9 le 8 juil. 2025 \u00e0 12h43 Entre la future cit\u00e9 judiciaire, le trac\u00e9 d\u2019Urbanloop&hellip;\n","protected":false},"author":2,"featured_media":235251,"comment_status":"","ping_status":"","sticky":false,"template":"","format":"standard","meta":{"footnotes":""},"categories":[9635],"tags":[1111,11,1777,674,1011,27,775,1702,12,25,104,1352],"class_list":{"0":"post-235250","1":"post","2":"type-post","3":"status-publish","4":"format-standard","5":"has-post-thumbnail","7":"category-nancy","8":"tag-actu","9":"tag-actualites","10":"tag-eu","11":"tag-europe","12":"tag-fr","13":"tag-france","14":"tag-grand-est","15":"tag-nancy","16":"tag-news","17":"tag-republique-francaise","18":"tag-societe","19":"tag-urbanisme"},"share_on_mastodon":{"url":"https:\/\/pubeurope.com\/@fr\/114817939793491247","error":""},"_links":{"self":[{"href":"https:\/\/www.europesays.com\/fr\/wp-json\/wp\/v2\/posts\/235250","targetHints":{"allow":["GET"]}}],"collection":[{"href":"https:\/\/www.europesays.com\/fr\/wp-json\/wp\/v2\/posts"}],"about":[{"href":"https:\/\/www.europesays.com\/fr\/wp-json\/wp\/v2\/types\/post"}],"author":[{"embeddable":true,"href":"https:\/\/www.europesays.com\/fr\/wp-json\/wp\/v2\/users\/2"}],"replies":[{"embeddable":true,"href":"https:\/\/www.europesays.com\/fr\/wp-json\/wp\/v2\/comments?post=235250"}],"version-history":[{"count":0,"href":"https:\/\/www.europesays.com\/fr\/wp-json\/wp\/v2\/posts\/235250\/revisions"}],"wp:featuredmedia":[{"embeddable":true,"href":"https:\/\/www.europesays.com\/fr\/wp-json\/wp\/v2\/media\/235251"}],"wp:attachment":[{"href":"https:\/\/www.europesays.com\/fr\/wp-json\/wp\/v2\/media?parent=235250"}],"wp:term":[{"taxonomy":"category","embeddable":true,"href":"https:\/\/www.europesays.com\/fr\/wp-json\/wp\/v2\/categories?post=235250"},{"taxonomy":"post_tag","embeddable":true,"href":"https:\/\/www.europesays.com\/fr\/wp-json\/wp\/v2\/tags?post=235250"}],"curies":[{"name":"wp","href":"https:\/\/api.w.org\/{rel}","templated":true}]}}