{"id":235252,"date":"2025-07-08T13:51:12","date_gmt":"2025-07-08T13:51:12","guid":{"rendered":"https:\/\/www.europesays.com\/fr\/235252\/"},"modified":"2025-07-08T13:51:12","modified_gmt":"2025-07-08T13:51:12","slug":"nous-luttons-contre-loubli-les-anciens-de-lusine-des-tuileries-a-six-fours-se-retrouvent-et-racontent","status":"publish","type":"post","link":"https:\/\/www.europesays.com\/fr\/235252\/","title":{"rendered":"\u00ab\u00a0Nous luttons contre l&rsquo;oubli\u00a0\u00bb: les anciens de l&rsquo;usine des tuileries \u00e0 Six-Fours se retrouvent et racontent"},"content":{"rendered":"<p>Chaque \u00e9t\u00e9, au c\u0153ur des bois de la Coudouli\u00e8re, un petit miracle se reproduit. Les enfants et petits-enfants des anciens ouvriers de l\u2019usine des tuileries s\u2019y retrouvent pour une journ\u00e9e de souvenirs partag\u00e9s, comme une passerelle tendue entre les g\u00e9n\u00e9rations.<\/p>\n<p>\u00c0 l\u2019origine de cette rencontre annuelle, des figures locales comme Josyane Giaco, qui r\u00e9sume l\u2019esprit de ce moment avec \u00e9motion: \u00ab\u00a0Nous luttons contre l\u2019oubli. Les anciens disparaissent, mais nous transmettons leurs histoires. Certains enfants n\u2019ont jamais connu de leur vivant un membre de leur famille ouvrier. Pourtant, ils sont l\u00e0, et ils savent.\u00a0\u00bb<\/p>\n<p>Ces retrouvailles sont l\u2019occasion de faire revivre un temps r\u00e9volu, de redonner corps aux gestes, aux voix et aux odeurs d\u2019une \u00e9poque ouvri\u00e8re aujourd\u2019hui disparue. Avec humour, Josyane \u00e9voque son petit fr\u00e8re, parti \u00ab\u00a0en vacances\u00a0\u00bb chez son parrain&#8230; \u00e0 500 m de la maison. \u00ab\u00a0Et on recevait quand m\u00eame une carte postale!\u00a0\u00bb, s\u2019amuse-t-elle.<\/p>\n<p>Son fr\u00e8re, ancien gamin devenu m\u00e9moire vivante, raconte ses escapades estivales interdites, \u00e0 poser des filets dans le port de la Coudouli\u00e8re avec son parrain, gardien de l\u2019usine. \u00ab\u00a0Il fallait ramer en silence, de nuit. Sauf qu\u2019il me disait de virer \u00e0 gauche, et moi j\u2019allais \u00e0 droite. J\u2019ai fini en pleurs plus d\u2019un matin!\u00a0\u00bb, rigole-t-il. Plus loin, un autre homme partage une anecdote croustillante aux plus jeunes: enfant, il montait dans les petits wagons qui transportaient l\u2019argile jusqu\u2019\u00e0 l\u2019usine pour se laisser glisser comme dans un man\u00e8ge. \u00ab\u00a0On savait qu\u2019on faisait une b\u00eatise&#8230; Nos parents \u00e9taient fous quand ils l\u2019apprenaient. Mais on avait l\u2019insouciance de la jeunesse!\u00a0\u00bb<\/p>\n<p>Une fresque sociale <\/p>\n<p>Apr\u00e8s les souvenirs racont\u00e9s, place \u00e0 un autre versant de la transmission: celui de la m\u00e9moire document\u00e9e, patiemment rassembl\u00e9e et \u00e9tudi\u00e9e. Car derri\u00e8re les r\u00e9cits familiaux se dessine un travail plus silencieux: celui de la collecte et de la recherche. G\u00e9rard Orsucci incarne cette volont\u00e9. Bien qu\u2019install\u00e9 en Corse, il a tenu \u00e0 faire le d\u00e9placement pour ce rendez-vous annuel. Son grand-p\u00e8re et son p\u00e8re ont travaill\u00e9 \u00e0 la tuilerie et, dans ses valises, il garde des photos anciennes, des extraits de presse et des m\u00e9dailles du travail d\u00e9cern\u00e9es \u00e0 ses a\u00efeux. Une v\u00e9ritable mine d\u2019or qu\u2019il a remise \u00e0 Claude Majastre, chercheur b\u00e9n\u00e9vole et pilier de l\u2019association Les Amis du patrimoine de Six-Fours. <br \/>&#13;<br \/>\nCe dernier ne cache pas son enthousiasme: \u00ab\u00a0Cette collection vient compl\u00e9ter des ann\u00e9es de recherche sur la vie autour de la tuilerie. Elle va m\u2019aider \u00e0 approfondir des sujets essentiels comme les distinctions ouvri\u00e8res, les f\u00eates d\u2019entreprise ou les conditions de travail.\u00a0\u00bb \u00c0 travers ses \u00e9tudes, il tente de reconstituer une fresque sociale fid\u00e8le \u00e0 cette \u00e9poque, en croisant documents, r\u00e9cits oraux et objets d\u2019\u00e9poque. Cette d\u00e9marche s\u2019inscrit dans un engagement plus large, port\u00e9 notamment par Josyane Giaco-Tornato, membre fondatrice du groupement des anciens. Connue pour sa cr\u00e8che historique g\u00e9ante qu\u2019elle monte chaque ann\u00e9e chez elle, elle s\u2019attache \u00e0 faire vivre la petite histoire dans la grande, en la rendant visible, accessible et incarn\u00e9e. L\u2019\u2019histoire de la tuilerie ne se contente donc pas de survivre : elle s\u2019enrichit, se structure&#8230; et se raconte.<\/p>\n","protected":false},"excerpt":{"rendered":"Chaque \u00e9t\u00e9, au c\u0153ur des bois de la Coudouli\u00e8re, un petit miracle se reproduit. Les enfants et petits-enfants&hellip;\n","protected":false},"author":2,"featured_media":235253,"comment_status":"","ping_status":"","sticky":false,"template":"","format":"standard","meta":{"footnotes":""},"categories":[9619],"tags":[1111,11,1777,674,1011,27,12,882,25,2310,3366],"class_list":{"0":"post-235252","1":"post","2":"type-post","3":"status-publish","4":"format-standard","5":"has-post-thumbnail","7":"category-toulon","8":"tag-actu","9":"tag-actualites","10":"tag-eu","11":"tag-europe","12":"tag-fr","13":"tag-france","14":"tag-news","15":"tag-provence-alpes-cote-dazur","16":"tag-republique-francaise","17":"tag-toulon","18":"tag-vie-locale"},"share_on_mastodon":{"url":"https:\/\/pubeurope.com\/@fr\/114817943696415952","error":""},"_links":{"self":[{"href":"https:\/\/www.europesays.com\/fr\/wp-json\/wp\/v2\/posts\/235252","targetHints":{"allow":["GET"]}}],"collection":[{"href":"https:\/\/www.europesays.com\/fr\/wp-json\/wp\/v2\/posts"}],"about":[{"href":"https:\/\/www.europesays.com\/fr\/wp-json\/wp\/v2\/types\/post"}],"author":[{"embeddable":true,"href":"https:\/\/www.europesays.com\/fr\/wp-json\/wp\/v2\/users\/2"}],"replies":[{"embeddable":true,"href":"https:\/\/www.europesays.com\/fr\/wp-json\/wp\/v2\/comments?post=235252"}],"version-history":[{"count":0,"href":"https:\/\/www.europesays.com\/fr\/wp-json\/wp\/v2\/posts\/235252\/revisions"}],"wp:featuredmedia":[{"embeddable":true,"href":"https:\/\/www.europesays.com\/fr\/wp-json\/wp\/v2\/media\/235253"}],"wp:attachment":[{"href":"https:\/\/www.europesays.com\/fr\/wp-json\/wp\/v2\/media?parent=235252"}],"wp:term":[{"taxonomy":"category","embeddable":true,"href":"https:\/\/www.europesays.com\/fr\/wp-json\/wp\/v2\/categories?post=235252"},{"taxonomy":"post_tag","embeddable":true,"href":"https:\/\/www.europesays.com\/fr\/wp-json\/wp\/v2\/tags?post=235252"}],"curies":[{"name":"wp","href":"https:\/\/api.w.org\/{rel}","templated":true}]}}