{"id":235266,"date":"2025-07-08T13:59:11","date_gmt":"2025-07-08T13:59:11","guid":{"rendered":"https:\/\/www.europesays.com\/fr\/235266\/"},"modified":"2025-07-08T13:59:11","modified_gmt":"2025-07-08T13:59:11","slug":"une-benne-a-ordures-prend-feu-dans-le-centre-ville-de-rennes-la-circulation-coupee","status":"publish","type":"post","link":"https:\/\/www.europesays.com\/fr\/235266\/","title":{"rendered":"Une benne \u00e0 ordures prend feu dans le centre-ville de Rennes, la circulation coup\u00e9e"},"content":{"rendered":"<p>Un incendie s\u2019est d\u00e9clar\u00e9 dans une benne \u00e0 ordures situ\u00e9e au croisement du boulevard Magenta et de la cour des Alli\u00e9s, tout pr\u00e8s des Champs Libres, dans le centre-ville de Rennes, ce mardi 8 juillet vers 14 h 30.<\/p>\n<p>\ufeff\u00ab Deux fourgons de la caserne de Rennes Saint-Georges sont sur place et 13 pompiers sont mobilis\u00e9s pour \u00e9teindre le feu qui ne s\u2019est pas propag\u00e9 aux immeubles attenants \u00bb, indique le lieutenant Colin, en charge des op\u00e9rations sur place. Les pompiers inspectent \u00e9galement les appartements situ\u00e9s au-dessus de cette benne \u00e0 ordures, afin de s\u2019assurer que leurs occupants n\u2019ont pas \u00e9t\u00e9 incommod\u00e9s par la fum\u00e9e assez importante qui se d\u00e9gage. Les causes de l\u2019incendie sont pour le moment inconnues. Aucun bless\u00e9 n\u2019est \u00e0 d\u00e9plorer.<\/p>\n<p><img decoding=\"async\" src=\"https:\/\/www.europesays.com\/fr\/wp-content\/uploads\/2025\/07\/686d1f0b169a18a34b0954d6.1.jpeg\" width=\"480\" height=\"300\" class=\"web_golden_m\" loading=\"lazy\" alt=\"Les pompiers ont \u00e9t\u00e9 appel\u00e9s \u00e0 14 h 40 pour intervenir sur cet incendie en centre-ville.\"\/>Les pompiers ont \u00e9t\u00e9 appel\u00e9s \u00e0 14 h 40 pour intervenir sur cet incendie en centre-ville. (Photo Le T\u00e9l\u00e9gramme\/Romain Leroux)<\/p>\n<p>Le temps de l\u2019intervention, la circulation est coup\u00e9e sur le boulevard Magenta et cour des Alli\u00e9s, depuis la place de la gare jusqu\u2019aux Champs Libres.<\/p>\n","protected":false},"excerpt":{"rendered":"Un incendie s\u2019est d\u00e9clar\u00e9 dans une benne \u00e0 ordures situ\u00e9e au croisement du boulevard Magenta et de la&hellip;\n","protected":false},"author":2,"featured_media":235267,"comment_status":"","ping_status":"","sticky":false,"template":"","format":"standard","meta":{"footnotes":""},"categories":[2821],"tags":[1111,11,829,1777,674,3383,1011,27,848,12,584,25],"class_list":{"0":"post-235266","1":"post","2":"type-post","3":"status-publish","4":"format-standard","5":"has-post-thumbnail","7":"category-rennes","8":"tag-actu","9":"tag-actualites","10":"tag-bretagne","11":"tag-eu","12":"tag-europe","13":"tag-faits-divers-a-rennes","14":"tag-fr","15":"tag-france","16":"tag-ille-et-vilaine","17":"tag-news","18":"tag-rennes","19":"tag-republique-francaise"},"share_on_mastodon":{"url":"https:\/\/pubeurope.com\/@fr\/114817975228469763","error":""},"_links":{"self":[{"href":"https:\/\/www.europesays.com\/fr\/wp-json\/wp\/v2\/posts\/235266","targetHints":{"allow":["GET"]}}],"collection":[{"href":"https:\/\/www.europesays.com\/fr\/wp-json\/wp\/v2\/posts"}],"about":[{"href":"https:\/\/www.europesays.com\/fr\/wp-json\/wp\/v2\/types\/post"}],"author":[{"embeddable":true,"href":"https:\/\/www.europesays.com\/fr\/wp-json\/wp\/v2\/users\/2"}],"replies":[{"embeddable":true,"href":"https:\/\/www.europesays.com\/fr\/wp-json\/wp\/v2\/comments?post=235266"}],"version-history":[{"count":0,"href":"https:\/\/www.europesays.com\/fr\/wp-json\/wp\/v2\/posts\/235266\/revisions"}],"wp:featuredmedia":[{"embeddable":true,"href":"https:\/\/www.europesays.com\/fr\/wp-json\/wp\/v2\/media\/235267"}],"wp:attachment":[{"href":"https:\/\/www.europesays.com\/fr\/wp-json\/wp\/v2\/media?parent=235266"}],"wp:term":[{"taxonomy":"category","embeddable":true,"href":"https:\/\/www.europesays.com\/fr\/wp-json\/wp\/v2\/categories?post=235266"},{"taxonomy":"post_tag","embeddable":true,"href":"https:\/\/www.europesays.com\/fr\/wp-json\/wp\/v2\/tags?post=235266"}],"curies":[{"name":"wp","href":"https:\/\/api.w.org\/{rel}","templated":true}]}}