{"id":235268,"date":"2025-07-08T14:00:15","date_gmt":"2025-07-08T14:00:15","guid":{"rendered":"https:\/\/www.europesays.com\/fr\/235268\/"},"modified":"2025-07-08T14:00:15","modified_gmt":"2025-07-08T14:00:15","slug":"un-individu-arme-interpelle-apres-avoir-menace-les-fideles-dune-chapelle","status":"publish","type":"post","link":"https:\/\/www.europesays.com\/fr\/235268\/","title":{"rendered":"un individu arm\u00e9 interpell\u00e9 apr\u00e8s avoir menac\u00e9 les fid\u00e8les d\u2019une chapelle"},"content":{"rendered":"<p>Les faits se sont d\u00e9roul\u00e9s dimanche matin \u00e0 la chapelle Saint-Fran\u00e7ois. L\u2019individu passera en comparution imm\u00e9diate ce mercredi.<\/p>\n<p class=\"fig-paragraph\">Ce dimanche matin, la\u00a0<a href=\"http:\/\/www.lefigaro.fr\/faits-divers\/dunkerque-une-messe-perturbee-aux-cris-d-allah-akbar-20231108\" data-fig-type=\"NewsFlash\" data-gtm-custom-categorie=\"navigation\" data-gtm-custom-action=\"crossclick\" data-gtm-custom-label=\"Contextuel\" data-gtm-event=\"customEventSPE\" data-fig-domain=\"LEFIGARO\" target=\"_blank\" rel=\"noopener\">messe<\/a>\u00a0de la chapelle Saint-Fran\u00e7ois \u00e0\u00a0<a href=\"http:\/\/www.lefigaro.fr\/faits-divers\/rennes-un-chien-abattu-dans-la-gare-par-la-surete-ferroviaire-20250519\" data-fig-type=\"NewsFlash\" data-gtm-custom-categorie=\"navigation\" data-gtm-custom-action=\"crossclick\" data-gtm-custom-label=\"Contextuel\" data-gtm-event=\"customEventSPE\" data-fig-domain=\"LEFIGARO\" target=\"_blank\" rel=\"noopener\">Rennes\u00a0<\/a>a \u00e9t\u00e9 quelque peu perturb\u00e9e. Un homme a \u00e9t\u00e9 interpell\u00e9 apr\u00e8s \u00eatre entr\u00e9 ivre dans l\u2019\u00e9difice religieux en mena\u00e7ant les fid\u00e8les pr\u00e9sents avec un couteau, a appris Le Figaro aupr\u00e8s du parquet de Rennes, confirmant des informations d\u2019Actu 17.<\/p>\n<p class=\"fig-paragraph\">L\u2019homme a \u00e9t\u00e9 plac\u00e9 en garde \u00e0 vue et passera en comparution imm\u00e9diate ce mercredi, indique Fr\u00e9d\u00e9ric Teillet, le procureur du tribunal de Rennes.<\/p>\n<p>                                    <a class=\"fig-a11y-skip a11y-hidden\" href=\"#fig-a11y-skip-main-inarticle\"><br \/>\n        Passer la publicit\u00e9<br \/>\n    <\/a><\/p>\n<p>Ma\u00eetris\u00e9 par des fid\u00e8les<\/p>\n<p class=\"fig-paragraph\">Il est aux alentours de 11 heures ce dimanche, lorsque l\u2019individu passe les portes de la chapelle en titubant. Les fid\u00e8les, qui se trouvaient alors en pleine messe, demandent \u00e0 l\u2019homme de sortir, ce qu\u2019il refuse. Trois personnes qui assistaient \u00e0 la messe seraient parvenues \u00e0 ma\u00eetriser l\u2019individu jusqu\u2019\u00e0 l\u2019arriv\u00e9e des forces de l\u2019ordre, d\u00e9taille Actu 17.<\/p>\n<p class=\"fig-paragraph\">L\u2019enqu\u00eate en cours devra d\u00e9terminer pourquoi l\u2019homme est entr\u00e9 dans la chapelle en plein milieu de la messe et quelles \u00e9taient ses intentions.<\/p>\n<p class=\"fig-paragraph\">Plus d\u2019informations \u00e0 venir&#8230;<\/p>\n","protected":false},"excerpt":{"rendered":"Les faits se sont d\u00e9roul\u00e9s dimanche matin \u00e0 la chapelle Saint-Fran\u00e7ois. L\u2019individu passera en comparution imm\u00e9diate ce mercredi.&hellip;\n","protected":false},"author":2,"featured_media":235269,"comment_status":"","ping_status":"","sticky":false,"template":"","format":"standard","meta":{"footnotes":""},"categories":[2821],"tags":[1111,11,9405,829,1777,674,1011,27,12,4020,584,25],"class_list":{"0":"post-235268","1":"post","2":"type-post","3":"status-publish","4":"format-standard","5":"has-post-thumbnail","7":"category-rennes","8":"tag-actu","9":"tag-actualites","10":"tag-arme-blanche","11":"tag-bretagne","12":"tag-eu","13":"tag-europe","14":"tag-fr","15":"tag-france","16":"tag-news","17":"tag-religion","18":"tag-rennes","19":"tag-republique-francaise"},"share_on_mastodon":{"url":"https:\/\/pubeurope.com\/@fr\/114817979174236799","error":""},"_links":{"self":[{"href":"https:\/\/www.europesays.com\/fr\/wp-json\/wp\/v2\/posts\/235268","targetHints":{"allow":["GET"]}}],"collection":[{"href":"https:\/\/www.europesays.com\/fr\/wp-json\/wp\/v2\/posts"}],"about":[{"href":"https:\/\/www.europesays.com\/fr\/wp-json\/wp\/v2\/types\/post"}],"author":[{"embeddable":true,"href":"https:\/\/www.europesays.com\/fr\/wp-json\/wp\/v2\/users\/2"}],"replies":[{"embeddable":true,"href":"https:\/\/www.europesays.com\/fr\/wp-json\/wp\/v2\/comments?post=235268"}],"version-history":[{"count":0,"href":"https:\/\/www.europesays.com\/fr\/wp-json\/wp\/v2\/posts\/235268\/revisions"}],"wp:featuredmedia":[{"embeddable":true,"href":"https:\/\/www.europesays.com\/fr\/wp-json\/wp\/v2\/media\/235269"}],"wp:attachment":[{"href":"https:\/\/www.europesays.com\/fr\/wp-json\/wp\/v2\/media?parent=235268"}],"wp:term":[{"taxonomy":"category","embeddable":true,"href":"https:\/\/www.europesays.com\/fr\/wp-json\/wp\/v2\/categories?post=235268"},{"taxonomy":"post_tag","embeddable":true,"href":"https:\/\/www.europesays.com\/fr\/wp-json\/wp\/v2\/tags?post=235268"}],"curies":[{"name":"wp","href":"https:\/\/api.w.org\/{rel}","templated":true}]}}