{"id":235278,"date":"2025-07-08T14:07:13","date_gmt":"2025-07-08T14:07:13","guid":{"rendered":"https:\/\/www.europesays.com\/fr\/235278\/"},"modified":"2025-07-08T14:07:13","modified_gmt":"2025-07-08T14:07:13","slug":"nicolas-cozza-est-de-retour-au-fc-nantes","status":"publish","type":"post","link":"https:\/\/www.europesays.com\/fr\/235278\/","title":{"rendered":"Nicolas Cozza est de retour au FC Nantes"},"content":{"rendered":"<p>            Par<br \/>\n        <strong><br \/>\n            <a href=\"https:\/\/actu.fr\/auteur\/thomas-bernard\" title=\"Consulter tous les articles de Thomas Bernard\" rel=\"nofollow noopener\" target=\"_blank\">Thomas Bernard<\/a><br \/>\n        <\/strong><\/p>\n<p>        Publi\u00e9 le<\/p>\n<p>            8 juil. 2025 \u00e0 14h12        <\/p>\n<p>Il est de retour. Apr\u00e8s deux premiers passages (janvier-juin\u00a02023 et saison 2024\/2025), <strong>Nicolas Cozza<\/strong> revient sur les bords de l\u2019Erdre.<\/p>\n<p class=\" wall-content\">Ce mardi 8\u00a0juillet 2025, le FC Nantes a officialis\u00e9 le recrutement du d\u00e9fenseur de 26\u00a0ans, <strong>pr\u00eat\u00e9<\/strong> (sans option d\u2019achat) par le club allemand de Wolfsburg pour la saison 2025\/2026.<\/p>\n<p>    <a href=\"https:\/\/www.facebook.com\/plugins\/post.php?href=https%3A%2F%2Fwww.facebook.com%2Ffcnantes%2Fposts%2Fpfbid0VmENuxxrYGFT935GEA4A7MUx6XCTqQgPQAZ4pJtNHnzfkVmFmscAkvjxVLNTjL83l&amp;show_text=true&amp;width=350\" title=\"Ouvrie le lien\" rel=\"nofollow noopener\" target=\"_blank\">Cliquez ici pour visualiser le contenu<\/a><\/p>\n<p>\u00ab\u2009Maintenant au travail\u2009\u00bb<\/p>\n<p class=\" wall-content\">\u00ab\u2009Je suis tr\u00e8s content de revenir ici, d\u2019attaquer cette nouvelle saison avec le FC Nantes, de pouvoir faire la pr\u00e9pa et d\u2019\u00eatre direct dans le bain\u2009\u00bb, a confi\u00e9 Nicolas Cozza <a href=\"https:\/\/www.fcnantes.com\/articles\/article2809.php?num=47493\" rel=\"nofollow noopener\" target=\"_blank\">sur le site internet du club<\/a>.<\/p>\n<blockquote class=\"ac-article-quote wall-content\">\n<p>\u00c7a me fait vraiment plaisir de retrouver mes co\u00e9quipiers. Maintenant au travail ! <\/p>\n<p>    <strong>Nicolas Cozza<\/strong><br \/>\n        Joueur du FC Nantes    <\/p><\/blockquote>\n<p>Vid\u00e9os : en ce moment sur Actu<\/p>\n<p class=\" wall-content\">Form\u00e9 \u00e0 Montpellier, Nicolas Cozza a disput\u00e9 <strong>29 matchs la saison pass\u00e9e<\/strong> sous le maillot des Canaris. Avec 154 matchs de Ligue\u00a01, le d\u00e9fenseur devra apporter son exp\u00e9rience \u00e0 un groupe tr\u00e8s rajeuni et en manque de cadres apr\u00e8s les d\u00e9parts de <a href=\"https:\/\/actu.fr\/pays-de-la-loire\/nantes_44109\/merci-pour-tout-nicolas-pallois-annonce-son-depart-du-fc-nantes_62759165.html\" rel=\"nofollow noopener\" target=\"_blank\">Pallois<\/a>, <a href=\"https:\/\/actu.fr\/pays-de-la-loire\/nantes_44109\/je-pars-avec-le-sentiment-du-devoir-accompli-moses-simon-quitte-le-fc-nantes_62821180.html\" rel=\"nofollow noopener\" target=\"_blank\">Simon<\/a> ou <a href=\"https:\/\/actu.fr\/pays-de-la-loire\/nantes_44109\/merci-de-tout-mon-coeur-pedro-chirivella-part-du-fc-nantes-et-remercie-les-supporters_62839445.html\" rel=\"nofollow noopener\" target=\"_blank\">Chirivella<\/a>.<\/p>\n<p class=\" wall-content\">Suivez toute l\u2019actualit\u00e9 de vos villes et m\u00e9dias favoris en vous inscrivant \u00e0 <a href=\"https:\/\/moncompte.actu.fr\" title=\"D\u00e9couvez Mon Actu\" rel=\"nofollow noopener\" data-trk=\"{&quot;cta&quot;:{&quot;action&quot;:&quot;https:\\\/\\\/moncompte.actu.fr&quot;,&quot;category&quot;:&quot;mon compte&quot;,&quot;from&quot;:&quot;article footer&quot;,&quot;name&quot;:&quot;Mon actu&quot;,&quot;type&quot;:&quot;cta&quot;}}\" target=\"_blank\">Mon Actu<\/a>.<\/p>\n","protected":false},"excerpt":{"rendered":"Par Thomas Bernard Publi\u00e9 le 8 juil. 2025 \u00e0 14h12 Il est de retour. Apr\u00e8s deux premiers passages&hellip;\n","protected":false},"author":2,"featured_media":235279,"comment_status":"","ping_status":"","sticky":false,"template":"","format":"standard","meta":{"footnotes":""},"categories":[2818],"tags":[1111,11,1777,674,462,63,1011,27,1434,766,12,2636,25,60],"class_list":{"0":"post-235278","1":"post","2":"type-post","3":"status-publish","4":"format-standard","5":"has-post-thumbnail","7":"category-nantes","8":"tag-actu","9":"tag-actualites","10":"tag-eu","11":"tag-europe","12":"tag-fc-nantes","13":"tag-football","14":"tag-fr","15":"tag-france","16":"tag-mercato","17":"tag-nantes","18":"tag-news","19":"tag-pays-de-la-loire","20":"tag-republique-francaise","21":"tag-sports"},"share_on_mastodon":{"url":"https:\/\/pubeurope.com\/@fr\/114818006614800103","error":""},"_links":{"self":[{"href":"https:\/\/www.europesays.com\/fr\/wp-json\/wp\/v2\/posts\/235278","targetHints":{"allow":["GET"]}}],"collection":[{"href":"https:\/\/www.europesays.com\/fr\/wp-json\/wp\/v2\/posts"}],"about":[{"href":"https:\/\/www.europesays.com\/fr\/wp-json\/wp\/v2\/types\/post"}],"author":[{"embeddable":true,"href":"https:\/\/www.europesays.com\/fr\/wp-json\/wp\/v2\/users\/2"}],"replies":[{"embeddable":true,"href":"https:\/\/www.europesays.com\/fr\/wp-json\/wp\/v2\/comments?post=235278"}],"version-history":[{"count":0,"href":"https:\/\/www.europesays.com\/fr\/wp-json\/wp\/v2\/posts\/235278\/revisions"}],"wp:featuredmedia":[{"embeddable":true,"href":"https:\/\/www.europesays.com\/fr\/wp-json\/wp\/v2\/media\/235279"}],"wp:attachment":[{"href":"https:\/\/www.europesays.com\/fr\/wp-json\/wp\/v2\/media?parent=235278"}],"wp:term":[{"taxonomy":"category","embeddable":true,"href":"https:\/\/www.europesays.com\/fr\/wp-json\/wp\/v2\/categories?post=235278"},{"taxonomy":"post_tag","embeddable":true,"href":"https:\/\/www.europesays.com\/fr\/wp-json\/wp\/v2\/tags?post=235278"}],"curies":[{"name":"wp","href":"https:\/\/api.w.org\/{rel}","templated":true}]}}