{"id":235288,"date":"2025-07-08T14:12:16","date_gmt":"2025-07-08T14:12:16","guid":{"rendered":"https:\/\/www.europesays.com\/fr\/235288\/"},"modified":"2025-07-08T14:12:16","modified_gmt":"2025-07-08T14:12:16","slug":"ateliers-parcours-famille-pauses-bien-etre-une-belle-programmation-cet-ete-dans-les-musees-du-nord","status":"publish","type":"post","link":"https:\/\/www.europesays.com\/fr\/235288\/","title":{"rendered":"Ateliers, parcours famille, pauses bien-\u00eatre\u2026 Une belle programmation cet \u00e9t\u00e9 dans les mus\u00e9es du Nord"},"content":{"rendered":"<p>            Par<br \/>\n        <strong><br \/>\n            <a href=\"https:\/\/actu.fr\/auteur\/amandine-vachez\" title=\"Consulter tous les articles de Amandine Vachez\" target=\"_blank\" rel=\"noopener\">Amandine Vachez<\/a><br \/>\n        <\/strong><\/p>\n<p>        Publi\u00e9 le<\/p>\n<p>            8 juil. 2025 \u00e0 15h30        <\/p>\n<p data-olk-copy-source=\"MessageBody\">Que vous soyez en qu\u00eate d\u2019une pause fra\u00eecheur ou ayez simplement envie de (re) d\u00e9couvrir les <b>mus\u00e9es<\/b> du secteur, l\u2019\u00e9t\u00e9 sera peut-\u00eatre le bon moment. Beaucoup d\u2019habitants d\u00e9sertent la r\u00e9gion en p\u00e9riode de <a href=\"https:\/\/actu.fr\/tag\/vacances-scolaires\" target=\"_blank\" rel=\"noopener\">vacances scolaires<\/a>, et les mus\u00e9es proposent une<b> programmation estivale sympathique<\/b>, adapt\u00e9e \u00e0 tout public. Voici un aper\u00e7u des <b>animations propos\u00e9es<\/b> sur<b> l\u2019\u00e9t\u00e9 2025<\/b>, dans les \u00e9tablissements g\u00e9r\u00e9s par le D\u00e9partement.<\/p>\n<p>Un \u00e9t\u00e9 \u00ab\u2009sous le signe de la d\u00e9couverte, de la cr\u00e9ativit\u00e9 et de l\u2019\u00e9merveillement\u2009\u00bb<\/p>\n<p data-olk-copy-source=\"MessageBody\" class=\" wall-content\">Cet \u00e9t\u00e9, les \u00e9quipements culturels locaux \u00ab\u2009d\u00e9ploient une programmation riche, originale et accessible \u00e0 tous\u2009\u00bb, r\u00e9sume le D\u00e9partement, dans une plaquette de pr\u00e9sentation du programme estival. \u00ab<b>\u2009Ateliers cr\u00e9atifs, visites ludiques, parcours th\u00e9matiques et \u00e9v\u00e9nements festifs\u2009<\/b>: autant d\u2019exp\u00e9riences \u00e0 partager en famille ou entre amis, pour un \u00e9t\u00e9 plac\u00e9 sous le signe de la d\u00e9couverte, de la cr\u00e9ativit\u00e9 et de l\u2019\u00e9merveillement.\u2009\u00bb<\/p>\n<p data-olk-copy-source=\"MessageBody\" class=\" wall-content\">Voici ce qui vous attend, dans les grandes lignes\u2009:<\/p>\n<ul class=\" wall-content\">\n<li><b>Le mus\u00e9e d\u00e9partemental de Flandre <\/b>situ\u00e9 \u00e0 Cassel propose des activit\u00e9s vari\u00e9es pour tous les \u00e2ges autour de l\u2019exposition \u00e9v\u00e9nement \u00ab\u2009Brueghel &amp; Van Balen, artistes &amp; complices\u2009\u00bb, avec des parcours famille, des ateliers d\u2019art plastique, une journ\u00e9e sp\u00e9ciale d\u00e9di\u00e9e au Tour de France et une soir\u00e9e nocturne. <a href=\"https:\/\/museedeflandre.fr\/\" target=\"_blank\" rel=\"noopener\">Plus d\u2019infos<\/a>\u2009;<\/li>\n<li><b>Le Forum d\u00e9partemental des Sciences<\/b> \u00e0 Villeneuve-d\u2019Ascq invite petits et grands \u00e0 explorer le monde de l\u2019astronomie, des abeilles et des animaux \u00e0 travers des animations, des ateliers et des expositions captivantes. <a href=\"https:\/\/forumdepartementaldessciences.fr\/\" target=\"_blank\" rel=\"noopener\">Plus d\u2019infos<\/a>\u2009;<\/li>\n<li><b>La Maison natale de Charles de\u00a0Gaulle<\/b> \u00e0 Lille ouvre ses portes pour des visites guid\u00e9es ludiques et classiques, id\u00e9ales pour d\u00e9couvrir autrement l\u2019enfance du G\u00e9n\u00e9ral. <a href=\"https:\/\/maisondegaulle.fr\/\" target=\"_blank\" rel=\"noopener\">Plus d\u2019infos<\/a>\u2009;<\/li>\n<li><b>Le MusVerre <\/b>\u00e0 Sars-Poteries propose un riche programme pour tous les publics\u2009: ateliers cr\u00e9atifs, visites ludiques, projections, concerts et animations autour du verre, du corps et des arts. <a href=\"https:\/\/musverre.fr\/\" target=\"_blank\" rel=\"noopener\">Plus d\u2019infos<\/a>\u2009;<\/li>\n<li><b>Le Mus\u00e9e d\u00e9partemental Henri Matisse <\/b>au Cateau-Cambr\u00e9sis organise, notamment, des ateliers d\u2019expression plastique pr\u00e9c\u00e9d\u00e9s d\u2019une visite guid\u00e9e de l\u2019exposition temporaire \u00ab\u2009L\u2019Atelier d\u2019\u00c9ric Seydoux, imprimeur et \u00e9diteur en s\u00e9rigraphie.\u2009\u00bb <a href=\"https:\/\/museematisse.fr\/\" target=\"_blank\" rel=\"noopener\">Plus d\u2019infos<\/a>\u2009;<\/li>\n<li><b>\u00c0 l\u2019abbaye de Vaucelles<\/b>, des pauses bien-\u00eatre, des visites guid\u00e9es et des ateliers attendent les visiteurs pour une parenth\u00e8se revigorante, au c\u0153ur de son site empreint de s\u00e9r\u00e9nit\u00e9. <a href=\"https:\/\/abbayedevaucelles.fr\/\" target=\"_blank\" rel=\"noopener\">Plus d\u2019infos<\/a>.<\/li>\n<\/ul>\n<p class=\" wall-content\">Voil\u00e0 de quoi vous donner des id\u00e9es de sorties pour cette p\u00e9riode.<\/p>\n<p>Vid\u00e9os : en ce moment sur Actu<\/p>\n<p class=\" wall-content\">Pour suivre les actualit\u00e9s culturelles locales, consultez r\u00e9guli\u00e8rement <a href=\"https:\/\/actu.fr\/lille\/loisirs-culture\" target=\"_blank\" rel=\"noopener\">notre rubrique d\u00e9di\u00e9e<\/a>. Vous pouvez aussi nous suivre sur les r\u00e9seaux sociaux\u2009: <a href=\"https:\/\/www.instagram.com\/lilleactu\/?hl=fr\" target=\"_blank\" rel=\"noopener\">Instagram<\/a>, <a href=\"https:\/\/www.facebook.com\/actufr.lille\/?locale=fr_FR\" target=\"_blank\" rel=\"noopener\">Facebook<\/a>, <a href=\"https:\/\/www.tiktok.com\/@lilleactu?lang=fr\" target=\"_blank\" rel=\"noopener\">TikTok<\/a> et <a href=\"https:\/\/x.com\/Lille_actu?ref_src=twsrc%5Egoogle%7Ctwcamp%5Eserp%7Ctwgr%5Eauthor\">X<\/a>.<\/p>\n<p class=\" wall-content\">Suivez toute l\u2019actualit\u00e9 de vos villes et m\u00e9dias favoris en vous inscrivant \u00e0 <a href=\"https:\/\/moncompte.actu.fr\" title=\"D\u00e9couvez Mon Actu\" rel=\"nofollow noopener\" data-trk=\"{&quot;cta&quot;:{&quot;action&quot;:&quot;https:\\\/\\\/moncompte.actu.fr&quot;,&quot;category&quot;:&quot;mon compte&quot;,&quot;from&quot;:&quot;article footer&quot;,&quot;name&quot;:&quot;Mon actu&quot;,&quot;type&quot;:&quot;cta&quot;}}\" target=\"_blank\">Mon Actu<\/a>.<\/p>\n<ul class=\"ac-article-tag wall-content\">\n<li><a href=\"https:\/\/actu.fr\/tag\/famille\" data-trk=\"{&quot;cta&quot;:{&quot;action&quot;:&quot;Famille&quot;,&quot;category&quot;:&quot;tag&quot;,&quot;from&quot;:&quot;article footer&quot;,&quot;name&quot;:&quot;Famille&quot;,&quot;type&quot;:&quot;cta&quot;}}\" target=\"_blank\" rel=\"noopener\">#Famille<\/a><\/li>\n<li><a href=\"https:\/\/actu.fr\/tag\/vacances-scolaires\" data-trk=\"{&quot;cta&quot;:{&quot;action&quot;:&quot;Vacances scolaires&quot;,&quot;category&quot;:&quot;tag&quot;,&quot;from&quot;:&quot;article footer&quot;,&quot;name&quot;:&quot;Vacances scolaires&quot;,&quot;type&quot;:&quot;cta&quot;}}\" target=\"_blank\" rel=\"noopener\">#Vacances scolaires<\/a><\/li>\n<\/ul>\n<p>                    <script async src=\"\/\/www.instagram.com\/embed.js\"><\/script><script async src=\"\/\/www.tiktok.com\/embed.js\"><\/script><\/p>\n","protected":false},"excerpt":{"rendered":"Par Amandine Vachez Publi\u00e9 le 8 juil. 2025 \u00e0 15h30 Que vous soyez en qu\u00eate d\u2019une pause fra\u00eecheur&hellip;\n","protected":false},"author":2,"featured_media":235289,"comment_status":"","ping_status":"","sticky":false,"template":"","format":"standard","meta":{"footnotes":""},"categories":[2815],"tags":[1111,11,1777,674,652,1011,27,811,1307,1652,12,25,3176],"class_list":{"0":"post-235288","1":"post","2":"type-post","3":"status-publish","4":"format-standard","5":"has-post-thumbnail","7":"category-lille","8":"tag-actu","9":"tag-actualites","10":"tag-eu","11":"tag-europe","12":"tag-famille","13":"tag-fr","14":"tag-france","15":"tag-hauts-de-france","16":"tag-lille","17":"tag-loisirs-culture","18":"tag-news","19":"tag-republique-francaise","20":"tag-vacances-scolaires"},"share_on_mastodon":{"url":"https:\/\/pubeurope.com\/@fr\/114818026284100611","error":""},"_links":{"self":[{"href":"https:\/\/www.europesays.com\/fr\/wp-json\/wp\/v2\/posts\/235288","targetHints":{"allow":["GET"]}}],"collection":[{"href":"https:\/\/www.europesays.com\/fr\/wp-json\/wp\/v2\/posts"}],"about":[{"href":"https:\/\/www.europesays.com\/fr\/wp-json\/wp\/v2\/types\/post"}],"author":[{"embeddable":true,"href":"https:\/\/www.europesays.com\/fr\/wp-json\/wp\/v2\/users\/2"}],"replies":[{"embeddable":true,"href":"https:\/\/www.europesays.com\/fr\/wp-json\/wp\/v2\/comments?post=235288"}],"version-history":[{"count":0,"href":"https:\/\/www.europesays.com\/fr\/wp-json\/wp\/v2\/posts\/235288\/revisions"}],"wp:featuredmedia":[{"embeddable":true,"href":"https:\/\/www.europesays.com\/fr\/wp-json\/wp\/v2\/media\/235289"}],"wp:attachment":[{"href":"https:\/\/www.europesays.com\/fr\/wp-json\/wp\/v2\/media?parent=235288"}],"wp:term":[{"taxonomy":"category","embeddable":true,"href":"https:\/\/www.europesays.com\/fr\/wp-json\/wp\/v2\/categories?post=235288"},{"taxonomy":"post_tag","embeddable":true,"href":"https:\/\/www.europesays.com\/fr\/wp-json\/wp\/v2\/tags?post=235288"}],"curies":[{"name":"wp","href":"https:\/\/api.w.org\/{rel}","templated":true}]}}