{"id":235292,"date":"2025-07-08T14:14:09","date_gmt":"2025-07-08T14:14:09","guid":{"rendered":"https:\/\/www.europesays.com\/fr\/235292\/"},"modified":"2025-07-08T14:14:09","modified_gmt":"2025-07-08T14:14:09","slug":"le-festival-de-marseille-ou-lart-de-danser-tous-ensemble","status":"publish","type":"post","link":"https:\/\/www.europesays.com\/fr\/235292\/","title":{"rendered":"Le Festival de Marseille, ou l\u2019art de danser tous ensemble"},"content":{"rendered":"<p><a href=\"https:\/\/www.laprovence.com\/article\/culture-loisirs\/315684246676414\/festival-de-marseille-les-spectacles-a-ne-pas-manquer-du-12-juin-au-6-juillet\" target=\"_blank\" rel=\"nofollow noopener\">La 30e \u00e9dition du Festival de Marseille<\/a> s\u2019est termin\u00e9e, comme il se doit, par une f\u00eate. O\u00f9 se m\u00ealent les corps, quelles que soient leurs origines, leurs \u00e2ges, leurs aptitudes, du moment qu\u2019ils se laissent emporter par le mouvement. Celui insuffl\u00e9 par la musique qui touche \u00e0 la transe orientale du musicien libanais d\u2019origine palestinienne Rayess Bek. Derri\u00e8re son ordinateur, il entra\u00eene la foule dans ses vagues successives de pulsations \u00e9lectroniques, d\u2019incantations, de chants, de cris de ralliement, de respirations, d\u2019envo\u00fbtements et de transports. Les Grandes Tables de La Friche, calfeutr\u00e9es pour l\u2019occasion, deviennent alors ce lieu de liesse humaine bienveillant, o\u00f9 au fur et \u00e0 mesure des 3\u00a0heures de c\u00e9l\u00e9bration, le public se lib\u00e8re de ses oripeaux\u00a0: la retenue, la g\u00eane, le regard de l\u2019autre laissent progressivement place au l\u00e2cher-prise. Car, au sein m\u00eame des spectateurs, <a href=\"https:\/\/www.laprovence.com\/article\/culture-loisirs\/1586511165939414\/mohanad-smama-survivant-de-gaza-et-choregraphe-gazaoui-en-exil-un-phenix-a-marseille\" target=\"_blank\" rel=\"nofollow noopener\">six danseurs de la diaspora du Levant<\/a> performent, accompagn\u00e9s d\u2019une centaine de danseurs complices, amateurs et professionnels. Pour une danse inclusive en tous sens, que m\u00e8ne le chor\u00e9graphe Eric Minh Cuong Castaing avec sa compagnie Shonen, aper\u00e7u ce dimanche soir aux c\u00f4t\u00e9s des musiciens. Nul besoin de reproduire les mouvements, le but est ici de danser tous ensemble. Et de suivre \u00ab\u00a0la petite musique\u00a0\u00bb de Tarab, du nom de cette exp\u00e9rience joyeuse et \u00e9mouvante qui a referm\u00e9 le festival.<\/p>\n<p>Lia Rodrigues, jubilatoire<\/p>\n<p>Avant elle, la chor\u00e9graphe br\u00e9silienne Lia Rodrigues, install\u00e9e dans une favela de Rio, donnait au th\u00e9\u00e2tre Joliette le puissant Encantado. Une danse qui ravit, r\u00e9anime, r\u00e9enchante, projette sa joie de vivre et ses couleurs, tout en faisant voler en \u00e9clats les diktats de l\u2019apparence et les codes. Apr\u00e8s une lente mise en place o\u00f9 des corps nus se glissent un \u00e0 un sous des tissus chatoyants bon march\u00e9, formant alors un tapis mouvant, Encantado explose en une profusion de tableaux vivants, bariol\u00e9s, pleins d\u2019\u00e9nergie, dans une musique r\u00e9p\u00e9titive jusqu\u2019\u00e0 \u00e9puisement. Jouant avec leurs \u00e9toffes qui leur servent \u00e0 toutes les m\u00e9tamorphoses et les travestissements, avec une ing\u00e9niosit\u00e9 qui touche au sortil\u00e8ge, les danseurs sont ces \u00ab\u00a0encantados\u00a0\u00bb, ces esprits protecteurs flottant entre ciel et terre, qui appartiennent aux traditions et \u00e0 la spiritualit\u00e9 afro-am\u00e9ricaines. Visages extasi\u00e9s, bestiaire tropical, ils encha\u00eenent les sayn\u00e8tes avec fr\u00e9n\u00e9sie cr\u00e9ant comme des hallucinations. Un spectacle aussi singulier que jubilatoire.<\/p>\n<p>Deux propositions qui t\u00e9moignent des intentions du Festival de Marseille, qui a \u00e9veill\u00e9 et fait danser la ville pendant trois semaines\u00a0: 20\u00a0000 personnes ont fr\u00e9quent\u00e9 cette \u00e9dition qui annonce un taux de remplissage \u00e0 98%.<\/p>\n","protected":false},"excerpt":{"rendered":"La 30e \u00e9dition du Festival de Marseille s\u2019est termin\u00e9e, comme il se doit, par une f\u00eate. O\u00f9 se&hellip;\n","protected":false},"author":2,"featured_media":235293,"comment_status":"","ping_status":"","sticky":false,"template":"","format":"standard","meta":{"footnotes":""},"categories":[2814],"tags":[17,1111,11,251,17806,9487,1777,674,849,1011,27,3053,884,12,882,25,3387],"class_list":{"0":"post-235292","1":"post","2":"type-post","3":"status-publish","4":"format-standard","5":"has-post-thumbnail","7":"category-marseille","8":"tag-17","9":"tag-actu","10":"tag-actualites","11":"tag-culture","12":"tag-danser","13":"tag-ensemble","14":"tag-eu","15":"tag-europe","16":"tag-festival","17":"tag-fr","18":"tag-france","19":"tag-lart","20":"tag-marseille","21":"tag-news","22":"tag-provence-alpes-cote-dazur","23":"tag-republique-francaise","24":"tag-tous"},"share_on_mastodon":{"url":"https:\/\/pubeurope.com\/@fr\/114818034114535170","error":""},"_links":{"self":[{"href":"https:\/\/www.europesays.com\/fr\/wp-json\/wp\/v2\/posts\/235292","targetHints":{"allow":["GET"]}}],"collection":[{"href":"https:\/\/www.europesays.com\/fr\/wp-json\/wp\/v2\/posts"}],"about":[{"href":"https:\/\/www.europesays.com\/fr\/wp-json\/wp\/v2\/types\/post"}],"author":[{"embeddable":true,"href":"https:\/\/www.europesays.com\/fr\/wp-json\/wp\/v2\/users\/2"}],"replies":[{"embeddable":true,"href":"https:\/\/www.europesays.com\/fr\/wp-json\/wp\/v2\/comments?post=235292"}],"version-history":[{"count":0,"href":"https:\/\/www.europesays.com\/fr\/wp-json\/wp\/v2\/posts\/235292\/revisions"}],"wp:featuredmedia":[{"embeddable":true,"href":"https:\/\/www.europesays.com\/fr\/wp-json\/wp\/v2\/media\/235293"}],"wp:attachment":[{"href":"https:\/\/www.europesays.com\/fr\/wp-json\/wp\/v2\/media?parent=235292"}],"wp:term":[{"taxonomy":"category","embeddable":true,"href":"https:\/\/www.europesays.com\/fr\/wp-json\/wp\/v2\/categories?post=235292"},{"taxonomy":"post_tag","embeddable":true,"href":"https:\/\/www.europesays.com\/fr\/wp-json\/wp\/v2\/tags?post=235292"}],"curies":[{"name":"wp","href":"https:\/\/api.w.org\/{rel}","templated":true}]}}