{"id":235296,"date":"2025-07-08T14:16:12","date_gmt":"2025-07-08T14:16:12","guid":{"rendered":"https:\/\/www.europesays.com\/fr\/235296\/"},"modified":"2025-07-08T14:16:12","modified_gmt":"2025-07-08T14:16:12","slug":"la-jirs-de-lyon-procede-a-un-coup-de-filet-dans-la-region","status":"publish","type":"post","link":"https:\/\/www.europesays.com\/fr\/235296\/","title":{"rendered":"la JIRS de Lyon proc\u00e8de \u00e0 un coup de filet dans la r\u00e9gion"},"content":{"rendered":"<p>C\u2019est un coup de filet retentissant, fruit d\u2019une enqu\u00eate minutieuse. Le 13 mai dernier, cinq membres d\u2019une m\u00eame famille italienne ont \u00e9t\u00e9 interpell\u00e9s en Haute-Savoie. Tous sont soup\u00e7onn\u00e9s d\u2019appartenir \u00e0 la puissante \u2018Ndrangheta, la mafia calabraise, et d\u2019avoir blanchi plusieurs millions d\u2019euros via deux \u00e9tablissements : la pizzeria Calabria Mia \u00e0 Scientrier, et une autre \u00e0 Saint-Julien-en-Genevois.<\/p>\n<p>\u00c0 l\u2019origine de cette op\u00e9ration : la JIRS de Lyon, la Juridiction Interr\u00e9gionale Sp\u00e9cialis\u00e9e en mati\u00e8re de criminalit\u00e9 organis\u00e9e, en collaboration avec Interpol. Pendant trois ann\u00e9es, ses enqu\u00eateurs ont suivi la trace d\u2019un sch\u00e9ma de blanchiment apparemment bien r\u00f4d\u00e9, dissimul\u00e9 derri\u00e8re l\u2019image bon enfant de restaurants familiaux.<\/p>\n<p>Les suspects, jusqu\u2019ici inconnus de la justice fran\u00e7aise, auraient servi d\u2019interm\u00e9diaires pour blanchir des fonds en lien direct avec la \u2018Ndrangheta. L\u2019enqu\u00eate fait m\u00eame appara\u00eetre des connexions avec deux figures centrales de l\u2019organisation criminelle : Antonio et Bartolo B., ce dernier \u00e9tant soup\u00e7onn\u00e9 de diriger la \u00ab\u00a0fili\u00e8re africaine\u00a0\u00bb du clan.<\/p>\n<p>Bartolo B. avait \u00e9t\u00e9 arr\u00eat\u00e9 en 2023 au Liban, dans une affaire li\u00e9e \u00e0 la saisie de pr\u00e8s de trois tonnes de coca\u00efne en C\u00f4te d\u2019Ivoire, pays o\u00f9 il poss\u00e9dait \u00e9galement\u2026 des pizzerias. Le parall\u00e8le n\u2019a pas \u00e9chapp\u00e9 aux enqu\u00eateurs.<\/p>\n<p><strong>Signes d\u2019un blanchiment structur\u00e9<\/strong><\/p>\n<p>Derri\u00e8re les fourneaux, les enqu\u00eateurs ont mis au jour des indices r\u00e9v\u00e9lateurs : des salari\u00e9s r\u00e9guli\u00e8rement remplac\u00e9s, tous italiens, ne parlant pas fran\u00e7ais ; des fiches de paie fictives ; l\u2019utilisation de \u00ab\u00a0mules bancaires\u00a0\u00bb pour d\u00e9placer et dissimuler les flux financiers.<\/p>\n<p>Cette affaire souligne la capacit\u00e9 d\u2019infiltration de la mafia italienne en France, \u00e0 travers des structures en apparence anodines. Pour Interpol, cette op\u00e9ration est un signal d\u2019alerte : la \u2018Ndrangheta \u00e9tend ses tentacules bien au-del\u00e0 de l\u2019Italie, en s\u2019implantant notamment dans les circuits \u00e9conomiques traditionnels europ\u00e9ens.<\/p>\n<p>En tout, quinze personnes ont \u00e9t\u00e9 interpell\u00e9es, et les cinq principaux suspects mis en examen contestent \u00e0 ce stade toutes les accusations port\u00e9es contre eux.<\/p>\n","protected":false},"excerpt":{"rendered":"C\u2019est un coup de filet retentissant, fruit d\u2019une enqu\u00eate minutieuse. Le 13 mai dernier, cinq membres d\u2019une m\u00eame&hellip;\n","protected":false},"author":2,"featured_media":235297,"comment_status":"","ping_status":"","sticky":false,"template":"","format":"standard","meta":{"footnotes":""},"categories":[1889],"tags":[1111,11,2813,2190,2430,1109,251,1112,2811,1777,674,118,1011,27,1922,1110,1114,2428,2810,12,241,316,25,2812,517,800],"class_list":{"0":"post-235296","1":"post","2":"type-post","3":"status-publish","4":"format-standard","5":"has-post-thumbnail","7":"category-lyon","8":"tag-actu","9":"tag-actualites","10":"tag-article","11":"tag-asvel","12":"tag-auvergne-rhone-alpes","13":"tag-breves","14":"tag-culture","15":"tag-depeches","16":"tag-economique","17":"tag-eu","18":"tag-europe","19":"tag-faits-divers","20":"tag-fr","21":"tag-france","22":"tag-info","23":"tag-informations","24":"tag-infos","25":"tag-lyon","26":"tag-lyonmag","27":"tag-news","28":"tag-ol","29":"tag-politique","30":"tag-republique-francaise","31":"tag-sociale","32":"tag-sport","33":"tag-transports"},"share_on_mastodon":{"url":"https:\/\/pubeurope.com\/@fr\/114818042013274484","error":""},"_links":{"self":[{"href":"https:\/\/www.europesays.com\/fr\/wp-json\/wp\/v2\/posts\/235296","targetHints":{"allow":["GET"]}}],"collection":[{"href":"https:\/\/www.europesays.com\/fr\/wp-json\/wp\/v2\/posts"}],"about":[{"href":"https:\/\/www.europesays.com\/fr\/wp-json\/wp\/v2\/types\/post"}],"author":[{"embeddable":true,"href":"https:\/\/www.europesays.com\/fr\/wp-json\/wp\/v2\/users\/2"}],"replies":[{"embeddable":true,"href":"https:\/\/www.europesays.com\/fr\/wp-json\/wp\/v2\/comments?post=235296"}],"version-history":[{"count":0,"href":"https:\/\/www.europesays.com\/fr\/wp-json\/wp\/v2\/posts\/235296\/revisions"}],"wp:featuredmedia":[{"embeddable":true,"href":"https:\/\/www.europesays.com\/fr\/wp-json\/wp\/v2\/media\/235297"}],"wp:attachment":[{"href":"https:\/\/www.europesays.com\/fr\/wp-json\/wp\/v2\/media?parent=235296"}],"wp:term":[{"taxonomy":"category","embeddable":true,"href":"https:\/\/www.europesays.com\/fr\/wp-json\/wp\/v2\/categories?post=235296"},{"taxonomy":"post_tag","embeddable":true,"href":"https:\/\/www.europesays.com\/fr\/wp-json\/wp\/v2\/tags?post=235296"}],"curies":[{"name":"wp","href":"https:\/\/api.w.org\/{rel}","templated":true}]}}